{"id":17207,"date":"2011-12-09T06:55:16","date_gmt":"2011-12-09T06:55:16","guid":{"rendered":"https:\/\/archiviogioia.lavocedelpaese.info\/?p=17207"},"modified":"2011-12-09T06:55:16","modified_gmt":"2011-12-09T06:55:16","slug":"ragioni-e-conseguenze-taglio-alberi-via-eva-2","status":"publish","type":"post","link":"https:\/\/archiviogioia.lavocedelpaese.info\/?p=17207","title":{"rendered":"RAGIONI E CONSEGUENZE TAGLIO ALBERI VIA EVA"},"content":{"rendered":"<p><img loading=\"lazy\" decoding=\"async\" class=\" size-full wp-image-17189\" style=\"margin-right: 2px; margin-left: 2px;\" alt=\"alberi-capitozzatura-via-ev\" src=\"https:\/\/archiviogioia.lavocedelpaese.info\/wp-content\/uploads\/2011\/12\/alberi-capitozzatura-via-ev.jpg\" height=\"150\" width=\"320\" srcset=\"https:\/\/archiviogioia.lavocedelpaese.info\/wp-content\/uploads\/2011\/12\/alberi-capitozzatura-via-ev.jpg 640w, https:\/\/archiviogioia.lavocedelpaese.info\/wp-content\/uploads\/2011\/12\/alberi-capitozzatura-via-ev-300x141.jpg 300w\" sizes=\"auto, (max-width: 320px) 100vw, 320px\" \/><\/p>\n<p style=\"text-align: justify;\">\n<!--more-->\n<\/p>\n<p style=\"text-align: justify;\"><strong>Abbiamo chiesto alla dott.ssa Anna Rizzi e al dottor Giuseppe Colangelo di spiegare<\/strong> ai nostri lettori <strong>i perch\u00e8 della decisione di abbattere gli alberi<\/strong> presenti nel giardino della scuola <strong>di via Eva<\/strong> e sui successivi sviluppi che questa azione ha determinato e comporter\u00e0. Di seguito <strong>pubblichiamo il loro contributo<\/strong> ringraziandoli per la collaborazione.<\/p>\n<p style=\"text-align: center;\">&#8212;&#8212;&#8212;&#8212;&#8212;&#8212;&#8212;&#8212;&#8212;&#8212;&#8212;&#8212;&#8212;<\/p>\n<p>&nbsp;<b><img loading=\"lazy\" decoding=\"async\" class=\" alignleft size-full wp-image-17192\" style=\"margin: 4px; float: left;\" alt=\"alberi-capitozzatura-\" src=\"https:\/\/archiviogioia.lavocedelpaese.info\/wp-content\/uploads\/2011\/12\/alberi-capitozzatura-.jpg\" height=\"225\" width=\"300\" srcset=\"https:\/\/archiviogioia.lavocedelpaese.info\/wp-content\/uploads\/2011\/12\/alberi-capitozzatura-.jpg 640w, https:\/\/archiviogioia.lavocedelpaese.info\/wp-content\/uploads\/2011\/12\/alberi-capitozzatura--300x225.jpg 300w\" sizes=\"auto, (max-width: 300px) 100vw, 300px\" \/>Nel maggio 2010 abbiamo presentato<\/b> alla dirigenza scolastica della Scuola di via Eva <b>una relazione tecnica<\/b> in cui si descriveva lo stato dell\u2019alberatura. Sono stati <b>analizzati 21 alberi: 4 olmi e 17 Pioppi<\/b>. Le piante avevano <b>subito interventi di capitozzatura drastica<\/b> <b>che hanno influito negativamente ed in maniera irreversibile<\/b> sul loro valore ornamentale, le hanno <b>esposte a gravi rischi per lo stato fitosanitario<\/b>, ed hanno compromesso le finalit\u00e0 igienico sanitarie, ricreative, didattiche a cui erano preposte.<\/p>\n<p class=\"gcnormale\">Purtroppo <b>la capitozzatura non risolve le problematiche legate alla sicurezza, piuttosto le amplifica<\/b>. In modo particolare a seguito della capitozzatura l\u2019albero, al fine di rimpiazzare velocemente la chioma perduta con il taglio<img loading=\"lazy\" decoding=\"async\" class=\" alignright size-full wp-image-17193\" style=\"margin: 4px; float: right;\" alt=\"alberi-capitozzatura-3\" src=\"https:\/\/archiviogioia.lavocedelpaese.info\/wp-content\/uploads\/2011\/12\/alberi-capitozzatura-3.jpg\" height=\"224\" width=\"300\" srcset=\"https:\/\/archiviogioia.lavocedelpaese.info\/wp-content\/uploads\/2011\/12\/alberi-capitozzatura-3.jpg 640w, https:\/\/archiviogioia.lavocedelpaese.info\/wp-content\/uploads\/2011\/12\/alberi-capitozzatura-3-300x224.jpg 300w\" sizes=\"auto, (max-width: 300px) 100vw, 300px\" \/>, aumenta il proprio tasso di crescita. <b>Si assiste allo sviluppo di molti germogli<\/b> derivanti da gemme avventizie che durante l\u2019anno si accrescono notevolmente, stentano a lignificare e producono <b>una notevole quantit\u00e0 di foglie<\/b> di dimensioni maggiori rispetto al normale. I germogli <b>successivamente si accrescono<\/b>, <b>lignificano<\/b>, diventano branche verticali <b>lunghe anche diversi metri<\/b>, e a causa della loro debole struttura di innesto alla branca o al ramo che le sostiene possono distaccarsi in occasione di eventi meteorici non necessariamente significativi. In questi casi le analisi visive o strumentali non sono in grado di diagnosticare con attendibilit\u00e0 il rischio di crollo. E <b>col passar del tempo l\u2019accrescimento dei rami pu\u00f2 comportare l\u2019intensificare dei fenomeni di distacco<\/b>.<\/p>\n<p class=\"gcnormale\">Abbiamo trovato sugli albe<img loading=\"lazy\" decoding=\"async\" class=\" alignleft size-full wp-image-17195\" style=\"margin: 4px; float: left;\" alt=\"alberi-capitozzatura\" src=\"https:\/\/archiviogioia.lavocedelpaese.info\/wp-content\/uploads\/2011\/12\/alberi-capitozzatura.jpg\" height=\"300\" width=\"225\" srcset=\"https:\/\/archiviogioia.lavocedelpaese.info\/wp-content\/uploads\/2011\/12\/alberi-capitozzatura.jpg 480w, https:\/\/archiviogioia.lavocedelpaese.info\/wp-content\/uploads\/2011\/12\/alberi-capitozzatura-225x300.jpg 225w\" sizes=\"auto, (max-width: 225px) 100vw, 225px\" \/>ri, <b>chiome<\/b> nettamente pi\u00f9 dense del normale costituite per lo pi\u00f9 da rami epicormici <b>ge<\/b><b>neratisi in maniera disordinata da ogni porzione di taglio<\/b>, <b>ferite da taglio di dime<\/b><b>nsioni notevoli<\/b>, slabbrature profonde, presenza di corpi fruttiferi fungini, distacco corticale, processi di carie etc.<\/p>\n<p class=\"gcnormale\"><b>Si sarebbe potuto capitozzare ogni anno, ma con quale conseguenza?<\/b> Oltre all\u2019impossibilit\u00e0 economica di effettuare interventi di potatura straordinaria come ordinaria, v\u00e0 considerato il danno enorme che si crea alla piante ed il rischio a cui la si sottopone poich\u00e9 esiste una stretta correlazione tra chioma e radici per cui la riduzione drastica dell\u2019apparato epigeo, oltre a determinare la mancanza improvvisa di sostanze di riserva, provoca reazioni di autoriduzione dell\u2019apparato radicale che si adegua alla nuova struttura. Dunque <b>sarebbe stato un dispendio inutile di denaro, poich\u00e9 si sarebbe soltanto rinviato l\u2019inevitabile: tagliare<\/b>.<\/p>\n<p class=\"gcnormale\">In aggiunta a questo, i tagli e la dimensione dei tagli esegui<img loading=\"lazy\" decoding=\"async\" class=\" alignright size-full wp-image-17197\" style=\"margin: 4px; float: right;\" alt=\"potatura alberi p.zza pinto\" src=\"https:\/\/archiviogioia.lavocedelpaese.info\/wp-content\/uploads\/2011\/12\/potatura_alberi_p.zza_pinto.jpg\" height=\"200\" width=\"300\" srcset=\"https:\/\/archiviogioia.lavocedelpaese.info\/wp-content\/uploads\/2011\/12\/potatura_alberi_p.zza_pinto.jpg 512w, https:\/\/archiviogioia.lavocedelpaese.info\/wp-content\/uploads\/2011\/12\/potatura_alberi_p.zza_pinto-300x200.jpg 300w\" sizes=\"auto, (max-width: 300px) 100vw, 300px\" \/>ti hanno rappresentato la via preferenziale di <b>accesso degli agenti patogeni<\/b>, favorendo la <b>diffusione di infezioni fun<\/b><b>gine<\/b> e la presenza di insetti degradatori.<\/p>\n<p>Dunque, <b>sebbene a malincuore, si \u00e8 proposto di procedere con l\u2019abbattimento graduale<\/b> a cominciare dalle piante che presentavano un grado di rischio maggiore per l\u2019incolumit\u00e0 dei fruitori e delle strutture e, nel contempo, si \u00e8 deciso <b>di lasciare un\u2019idea per la riqualificazione dell\u2019area<\/b>.<\/p>\n<p class=\"gcnormale\"><b>La scelta definitiva di procedere all\u2019abbattimento<\/b> <b>\u00e8 stata successiva all\u2019ulteriore crollo verificatosi il 21 s<\/b><img loading=\"lazy\" decoding=\"async\" class=\" alignleft size-full wp-image-17198\" style=\"margin: 4px; float: left;\" alt=\"caduta-alberi-via-eva3\" src=\"https:\/\/archiviogioia.lavocedelpaese.info\/wp-content\/uploads\/2011\/12\/caduta-alberi-via-eva3.jpg\" height=\"225\" width=\"300\" srcset=\"https:\/\/archiviogioia.lavocedelpaese.info\/wp-content\/uploads\/2011\/12\/caduta-alberi-via-eva3.jpg 640w, https:\/\/archiviogioia.lavocedelpaese.info\/wp-content\/uploads\/2011\/12\/caduta-alberi-via-eva3-300x225.jpg 300w\" sizes=\"auto, (max-width: 300px) 100vw, 300px\" \/><b>ettembre<\/b> 2011 alle 07.50 poco prima dell\u2019ingresso a scuola in seguito a tale evento vi erano state molteplici sollecitazioni da parte dei genitori preoccupati per la situazione. <b>La proposta di gradualit\u00e0 del taglio consente di ridurre l\u2019impatto visivo<\/b> e la percezione negativa che si accompagna all\u2019abbattimento delle piante nello stesso momento, e ci d\u00e0 sebbene questo non spetti a noi, la possibilit\u00e0 di ideare una serie di iniziative sociali, volte concretamente a far cassa e a permetterci a fine di lavori di mettere a dimora il numero maggiore di piante possibili.<\/p>\n<p><b>In tal senso si \u00e8 effettuata ampia informazione<\/b>, <b>s<\/b><img loading=\"lazy\" decoding=\"async\" class=\" alignright size-full wp-image-17199\" style=\"margin: 4px; float: right;\" alt=\"animazionebambini3\" src=\"https:\/\/archiviogioia.lavocedelpaese.info\/wp-content\/uploads\/2011\/12\/animazionebambini3.jpg\" height=\"225\" width=\"300\" srcset=\"https:\/\/archiviogioia.lavocedelpaese.info\/wp-content\/uploads\/2011\/12\/animazionebambini3.jpg 640w, https:\/\/archiviogioia.lavocedelpaese.info\/wp-content\/uploads\/2011\/12\/animazionebambini3-300x225.jpg 300w\" sizes=\"auto, (max-width: 300px) 100vw, 300px\" \/><b>piegando le motivazioni<\/b> ed illustrando con chiarezza le ragioni economiche e di pubblica sicurezza che presiedono alla scelta del taglio. Ci preme sottolineare che <b>il Comune avrebbe potuto procedere nuovamente alla capitozzatura<\/b> per una cifra pari a poco meno della met\u00e0 di quella sostenuta per l\u2019abbattimento, e che <b>invece ha preferito effettuare una scelta pi\u00f9 impopolare ma pi\u00f9 diretta<\/b> verso la riqualificazione.<\/p>\n<p><b>L\u2019importo \u00e8 pari a circa 10.800,00 euro<\/b> iva esclusa, comprensivo di rimozione, ripulitura, conferimento in discarica ed oneri di smaltimento di parte epigea e di ceppaia, compreso l\u2019estirpazione delle siepi di confine, attenendosi ad un capitolato di appalto piuttosto rigido in termini di sicurezza e scelte di abbattimento controllato. Peraltro g<b>li operai della ditta si sono resi <img loading=\"lazy\" decoding=\"async\" class=\" alignleft size-full wp-image-17200\" style=\"margin: 4px; float: left;\" alt=\"animazionebambini1\" src=\"https:\/\/archiviogioia.lavocedelpaese.info\/wp-content\/uploads\/2011\/12\/animazionebambini1.jpg\" height=\"300\" width=\"225\" srcset=\"https:\/\/archiviogioia.lavocedelpaese.info\/wp-content\/uploads\/2011\/12\/animazionebambini1.jpg 480w, https:\/\/archiviogioia.lavocedelpaese.info\/wp-content\/uploads\/2011\/12\/animazionebambini1-225x300.jpg 225w\" sizes=\"auto, (max-width: 225px) 100vw, 225px\" \/>disponibili ed hanno realizzato qualche elemento di arredo con i tronchi meno compromessi<\/b> ed hanno eseguito un numero notevole di fettine di legno che le maestre hanno utilizzato nelle classi.<\/p>\n<p><b>Inoltre la ditta Oasi Verde Srl, si \u00e8 offerta di regalare essenze rampicanti<\/b> come gesto di partecipazione alla riqualificazione.<\/p>\n<p><b>I docenti ed i genitori hanno preso a cuore il progetto, e stanno collaborando moltissimo<\/b>. Sia le maestre che i genitori hanno realizzato lavoretti con il materiale recuperato, abbiamo raccolto o acquistato materiale di vario genere (nastrini, pannolenci, ghiande, foglie, ecc) e <b>abbiamo creato oggetti natalizi venduti il 6 dicembre<\/b> ad un mercatino chiamato di \u201cSan Nicola\u201d che si \u00e8 svolto all\u2019interno del giardino scolastico.<\/p>\n<p>Il mercatino \u00e8 stata davvero <b>una bella iniziativa<\/b>, <b>c\u2019\u00e8 stata molta affluenza<\/b>, le maestre hanno addobbato tutto con cura, ed hanno offerto anche, con l\u2019aiuto dei genitori, dolci e bibite creando un vero punto ristoro con balle di fieno come panchine. <b>Tutti hanno <img loading=\"lazy\" decoding=\"async\" class=\" alignright size-full wp-image-17201\" style=\"margin: 4px; float: right;\" alt=\"animazionebambini2\" src=\"https:\/\/archiviogioia.lavocedelpaese.info\/wp-content\/uploads\/2011\/12\/animazionebambini2.jpg\" height=\"225\" width=\"300\" srcset=\"https:\/\/archiviogioia.lavocedelpaese.info\/wp-content\/uploads\/2011\/12\/animazionebambini2.jpg 640w, https:\/\/archiviogioia.lavocedelpaese.info\/wp-content\/uploads\/2011\/12\/animazionebambini2-300x225.jpg 300w\" sizes=\"auto, (max-width: 300px) 100vw, 300px\" \/>lavorato senza avere nessun ritorno<\/b> se non quello di collaborare con convinzione alla realizzazione di un\u2019area verde utilizzabile.<\/p>\n<p>Per l\u2019anno nuovo abbiamo in programma di organizzare ancora un paio di iniziative sociali, sempre con lo scopo di raccogliere fondi.<\/p>\n<p>Anche il Comune, ha intenzione di <b>stanziare una somma per il recupero dell\u2019area<\/b>, sebbene tempi ed importi non siano ancora stati stabiliti.<\/p>\n<p>In ogni caso noi in qualit\u00e0 di esperti, <b>vogliamo lasciare una traccia<\/b>, ovvero una bozza di progetto <b>per il giardino che coniughi le idee e le necessit\u00e0 dei fruitori finali, bambini <img loading=\"lazy\" decoding=\"async\" class=\" alignleft size-full wp-image-17202\" style=\"margin: 4px; float: left;\" alt=\"laboratoroartisticogenitoristudenti\" src=\"https:\/\/archiviogioia.lavocedelpaese.info\/wp-content\/uploads\/2011\/12\/laboratoroartisticogenitoristudenti.jpg\" height=\"225\" width=\"300\" srcset=\"https:\/\/archiviogioia.lavocedelpaese.info\/wp-content\/uploads\/2011\/12\/laboratoroartisticogenitoristudenti.jpg 640w, https:\/\/archiviogioia.lavocedelpaese.info\/wp-content\/uploads\/2011\/12\/laboratoroartisticogenitoristudenti-300x225.jpg 300w\" sizes=\"auto, (max-width: 300px) 100vw, 300px\" \/>e docenti<\/b>, in maniera tale che chiunque segua la riqualificazione possa farlo secondo le richieste che saranno raccolte e codificate in una idea progettuale. <b>Per questo stiamo effettuando una serie di incontri<\/b> con gli alunni (in tutto quattro) in cui una rappresentanza studentesca di ogni classe sotto la supervisione delle maestre, studia e realizza insieme a noi il progetto del giardino.<\/p>\n<p><b>E\u2019 un esperimento di progettazione partecipata<\/b>, probabilmente la prima condotta nelle modalit\u00e0 proposte. L\u2019entusiasmo dei ragazzi, dei genitori e delle maestre ci danno conferma che l\u2019idea piace. E <b>piace molto anche a noi<\/b>.<\/p>\n<p class=\"gcnormale\"><img loading=\"lazy\" decoding=\"async\" class=\" alignright size-full wp-image-17203\" style=\"margin: 4px; float: right;\" alt=\"ilmercatinoristoro\" src=\"https:\/\/archiviogioia.lavocedelpaese.info\/wp-content\/uploads\/2011\/12\/ilmercatinoristoro.jpg\" height=\"225\" width=\"300\" srcset=\"https:\/\/archiviogioia.lavocedelpaese.info\/wp-content\/uploads\/2011\/12\/ilmercatinoristoro.jpg 640w, https:\/\/archiviogioia.lavocedelpaese.info\/wp-content\/uploads\/2011\/12\/ilmercatinoristoro-300x225.jpg 300w\" sizes=\"auto, (max-width: 300px) 100vw, 300px\" \/>In qualit\u00e0 di Direzione dei Lavori, e avendo a cuore che il giardino scolastico venga riqualificato, <b>vogliamo realizzare un indicatore in legno<\/b>, <b>chiamato ALBEROMETRO<\/b>.<\/p>\n<p class=\"gcnormale\">L\u2019alberometro <b>ci dar\u00e0 la misura dei risultati<\/b> che il nostro impegno comune ci permetter\u00e0 di raggiungere.<\/p>\n<p class=\"gcnormale\">Con l\u2019abbattimento vorremmo inoltre rilasciare parti degli alberi che <b>concorreranno a differenziare la struttura dello spazio verde come elementi di arredo<\/b> (sculture, giochi, memoria storica dei luoghi, ecc).<\/p>\n<p class=\"gcnormale\"><b>Tutto il materiale abbattuto verr\u00e0 smaltito dalla ditta incaricata di eseguire il taglio<\/b>, <img loading=\"lazy\" decoding=\"async\" class=\" alignleft size-full wp-image-17204\" style=\"margin: 4px; float: left;\" alt=\"ilmercatino\" src=\"https:\/\/archiviogioia.lavocedelpaese.info\/wp-content\/uploads\/2011\/12\/ilmercatino.jpg\" height=\"225\" width=\"300\" srcset=\"https:\/\/archiviogioia.lavocedelpaese.info\/wp-content\/uploads\/2011\/12\/ilmercatino.jpg 640w, https:\/\/archiviogioia.lavocedelpaese.info\/wp-content\/uploads\/2011\/12\/ilmercatino-300x225.jpg 300w\" sizes=\"auto, (max-width: 300px) 100vw, 300px\" \/>salvo rami e tronchi di piccole dimensioni che sono stati recuperati per realizzare lavoretti natalizi con i quali effettuare un mercatino i cui proventi saranno utilizzati per l\u2019acquisto di nuove piante.<\/p>\n<p>Infatti, <b>l\u2019abbattimento costituisce solo il primo passo per la realizzazione di una nuova area verde<\/b>. Si ipotizza e si propone di effettuare le opere di nuova piantumazione individuando le specie e i criteri pi\u00f9 idonei per sostituire in maniera progressiva e in un arco temporale limitato gli esemplari arborei che dovranno essere abbattuti..<\/p>\n<p><b><img loading=\"lazy\" decoding=\"async\" class=\" alignright size-full wp-image-17205\" style=\"margin: 4px; float: right;\" alt=\"laboratorio artisticogenitori\" src=\"https:\/\/archiviogioia.lavocedelpaese.info\/wp-content\/uploads\/2011\/12\/laboratorio_artisticogenitori.jpg\" height=\"225\" width=\"300\" srcset=\"https:\/\/archiviogioia.lavocedelpaese.info\/wp-content\/uploads\/2011\/12\/laboratorio_artisticogenitori.jpg 640w, https:\/\/archiviogioia.lavocedelpaese.info\/wp-content\/uploads\/2011\/12\/laboratorio_artisticogenitori-300x225.jpg 300w\" sizes=\"auto, (max-width: 300px) 100vw, 300px\" \/>Anche per la riqualificazione cercheremo di realizzare un idea progettuale che sia il pi\u00f9 possibile \u201csostenibile\u201d<\/b> e terremo in considerazione tutti i fattori del caso (economici, stazionali, etc.) E\u2019 nostra intenzione <b>mettere a dimora le prime piante del nuovo giardino<\/b> prima che il nostro incarico termini, ovvero <b>al termine del secondo lotto di abbattimento<\/b> (febbraio).<\/p>\n<p>(Foto a cura di Anna Rizzi e della Redazione GioiaNet)<\/p>\n<p>&nbsp;<\/p>\n","protected":false},"excerpt":{"rendered":"","protected":false},"author":1,"featured_media":17190,"comment_status":"open","ping_status":"closed","sticky":false,"template":"","format":"standard","meta":{"colormag_page_container_layout":"default_layout","colormag_page_sidebar_layout":"default_layout","footnotes":""},"categories":[7],"tags":[],"class_list":["post-17207","post","type-post","status-publish","format-standard","has-post-thumbnail","hentry","category-attualita"],"_links":{"self":[{"href":"https:\/\/archiviogioia.lavocedelpaese.info\/index.php?rest_route=\/wp\/v2\/posts\/17207","targetHints":{"allow":["GET"]}}],"collection":[{"href":"https:\/\/archiviogioia.lavocedelpaese.info\/index.php?rest_route=\/wp\/v2\/posts"}],"about":[{"href":"https:\/\/archiviogioia.lavocedelpaese.info\/index.php?rest_route=\/wp\/v2\/types\/post"}],"author":[{"embeddable":true,"href":"https:\/\/archiviogioia.lavocedelpaese.info\/index.php?rest_route=\/wp\/v2\/users\/1"}],"replies":[{"embeddable":true,"href":"https:\/\/archiviogioia.lavocedelpaese.info\/index.php?rest_route=%2Fwp%2Fv2%2Fcomments&post=17207"}],"version-history":[{"count":0,"href":"https:\/\/archiviogioia.lavocedelpaese.info\/index.php?rest_route=\/wp\/v2\/posts\/17207\/revisions"}],"wp:featuredmedia":[{"embeddable":true,"href":"https:\/\/archiviogioia.lavocedelpaese.info\/index.php?rest_route=\/wp\/v2\/media\/17190"}],"wp:attachment":[{"href":"https:\/\/archiviogioia.lavocedelpaese.info\/index.php?rest_route=%2Fwp%2Fv2%2Fmedia&parent=17207"}],"wp:term":[{"taxonomy":"category","embeddable":true,"href":"https:\/\/archiviogioia.lavocedelpaese.info\/index.php?rest_route=%2Fwp%2Fv2%2Fcategories&post=17207"},{"taxonomy":"post_tag","embeddable":true,"href":"https:\/\/archiviogioia.lavocedelpaese.info\/index.php?rest_route=%2Fwp%2Fv2%2Ftags&post=17207"}],"curies":[{"name":"wp","href":"https:\/\/api.w.org\/{rel}","templated":true}]}}