{"id":17224,"date":"2011-12-10T07:10:46","date_gmt":"2011-12-10T07:10:46","guid":{"rendered":"https:\/\/archiviogioia.lavocedelpaese.info\/?p=17224"},"modified":"2011-12-10T07:10:46","modified_gmt":"2011-12-10T07:10:46","slug":"lama-san-giorgio-sara-cementificata-da-gioia-2","status":"publish","type":"post","link":"https:\/\/archiviogioia.lavocedelpaese.info\/?p=17224","title":{"rendered":"LAMA SAN GIORGIO SAR\u00c1 CEMENTIFICATA DA GIOIA"},"content":{"rendered":"<p><img loading=\"lazy\" decoding=\"async\" class=\" size-full wp-image-10127\" style=\"margin-right: 2px; margin-left: 2px;\" alt=\"lama-san-giorgio-veduta-pp\" src=\"https:\/\/archiviogioia.lavocedelpaese.info\/wp-content\/uploads\/2011\/04\/lama-san-giorgio-veduta-pp.jpg\" height=\"150\" width=\"320\" srcset=\"https:\/\/archiviogioia.lavocedelpaese.info\/wp-content\/uploads\/2011\/04\/lama-san-giorgio-veduta-pp.jpg 640w, https:\/\/archiviogioia.lavocedelpaese.info\/wp-content\/uploads\/2011\/04\/lama-san-giorgio-veduta-pp-300x141.jpg 300w\" sizes=\"auto, (max-width: 320px) 100vw, 320px\" \/><\/p>\n<p><!--more--><\/p>\n<p><b><img loading=\"lazy\" decoding=\"async\" class=\" alignleft size-full wp-image-10128\" style=\"margin: 4px; float: left;\" alt=\"lama1\" src=\"https:\/\/archiviogioia.lavocedelpaese.info\/wp-content\/uploads\/2011\/04\/lama1.jpg\" height=\"225\" width=\"300\" srcset=\"https:\/\/archiviogioia.lavocedelpaese.info\/wp-content\/uploads\/2011\/04\/lama1.jpg 1024w, https:\/\/archiviogioia.lavocedelpaese.info\/wp-content\/uploads\/2011\/04\/lama1-300x225.jpg 300w, https:\/\/archiviogioia.lavocedelpaese.info\/wp-content\/uploads\/2011\/04\/lama1-768x576.jpg 768w\" sizes=\"auto, (max-width: 300px) 100vw, 300px\" \/>E\u2019 stato depositato alla Provincia di Bari e ai comuni interessati<\/b>, quindi anche a <b>Gioia del Colle<\/b>, il <strong>progetto<\/strong> definitivo dei \u201cLavori per il ripristino della continuit\u00e0 idraulica della <strong>lama San Giorgio<\/strong>\u201d. Lo ha presentato il Consorzio di Bonifica Terre D\u2019Apulia su input della regione. Lama San Giorgio <b>\u00e8 lunga 42 km<\/b>, <b>per circa tre quarti della sua lunghezza<\/b> <b>-da Gioia del Colle a mare-<\/b> <b>sar\u00e0 \u201ccalcestruzzata\u201d<\/b>. <b>Per far<\/b> <b>scorrere i reflui<\/b> di quattro <strong>depuratori<\/strong> senza problemi sar\u00e0 posizionato a fondo alveo un canale (savanella) rivestito con mattoni di calcestruzzo (grigliato articolato) 50&#215;50, spessi 10 cm, che si incastrano tra di loro.<\/p>\n<p style=\"text-align: justify;\"><b><img loading=\"lazy\" decoding=\"async\" class=\" alignright size-full wp-image-17218\" style=\"margin: 4px; float: right;\" alt=\"savanella lama slide\" src=\"https:\/\/archiviogioia.lavocedelpaese.info\/wp-content\/uploads\/2011\/12\/savanella_lama_slide.jpg\" height=\"167\" width=\"339\" srcset=\"https:\/\/archiviogioia.lavocedelpaese.info\/wp-content\/uploads\/2011\/12\/savanella_lama_slide.jpg 472w, https:\/\/archiviogioia.lavocedelpaese.info\/wp-content\/uploads\/2011\/12\/savanella_lama_slide-300x148.jpg 300w\" sizes=\"auto, (max-width: 339px) 100vw, 339px\" \/>La sagoma del canale \u00e8 trapezoidale<\/b>, le dimensione sono <b>2 metri di larghezza per 0,50 di profondit\u00e0<\/b>. <b>Entreranno, quindi, nella lama con mezzi meccanici, scaveranno<\/b>, in alcuni tratti fino a 2 m di profondit\u00e0, <b>romperanno<\/b> <b>la roccia<\/b> con cui \u00e8 lastricata per lunghi tratti. L\u00e0 dove c\u2019\u00e8 naturalmente la continuit\u00e0 idraulica il canale non sar\u00e0 costruito, <b>interverranno con il taglio \u201cselettivo\u201d della vegetazione negli 8 metri dell\u2019alveo<\/b> interessati dal passaggio del refluo, <b>sezione di lama che sar\u00e0 sottoposta ad esproprio a centinaia di proprietari da monte a mare<\/b>.<\/p>\n<p style=\"text-align: justify;\"><b><img loading=\"lazy\" decoding=\"async\" class=\" alignleft size-full wp-image-17220\" style=\"margin: 4px; float: left;\" alt=\"savanella lama 1\" src=\"https:\/\/archiviogioia.lavocedelpaese.info\/wp-content\/uploads\/2011\/12\/savanella_lama_1.jpg\" height=\"352\" width=\"250\" srcset=\"https:\/\/archiviogioia.lavocedelpaese.info\/wp-content\/uploads\/2011\/12\/savanella_lama_1.jpg 335w, https:\/\/archiviogioia.lavocedelpaese.info\/wp-content\/uploads\/2011\/12\/savanella_lama_1-213x300.jpg 213w\" sizes=\"auto, (max-width: 250px) 100vw, 250px\" \/>Il tratto di lama che dal vallone Guidotti arriva fino alla Materdomini non sar\u00e0 toccato<\/b> dalla savanella, una <b>scelta riteniamo dettata<\/b> pi\u00f9 che da valutazioni tecniche (naturale continuit\u00e0 idraulica), <b>da motivi di opportunit\u00e0 \u201cpolitica\u201d<\/b>: lo scavo, per piazzare il canale,&nbsp; nell\u2019area archeologica dell\u2019Annunziata avrebbe eccessivamente allarmato la Soprintendenza. Il canale artificiale, infatti, riprende dal punto in cui la strada che porta alla Materdomi interseca la lama e da l\u00ec arriva fino alla baia di San Giorgio.<\/p>\n<p style=\"text-align: justify;\">Se qualcuno pensa che la realizzazione di questo canale e di tutti i lavori che saranno svolti conferiranno alla lama una maggiore sicurezza idraulica, si sbaglia di grosso. <b>Nella \u201cRelazione descrittiva\u201d il progettista dell\u2019opera<\/b>, ing. <strong>Giuseppe Corti<\/strong>, <b>dice che<\/b> \u201c<em>la messa in sicurezza dal punto di vista idraulico e la protezione dagli eventi di piena, non rappresenta comunque l\u2019obiettivo del presente progetto<\/em>\u201d. <b>Anche la \u201crinaturalizzazione\u201d<\/b>, di cui parlano le relazioni allegate a giustificazione dell\u2019intervento, <b>non convince affatto<\/b>. Questo progetto nasce solo perch\u00e9 <b>la regione Puglia ha da risolvere il problema dello scarico dei depuratori<\/b>, punto. Se non ci fosse <img loading=\"lazy\" decoding=\"async\" class=\" alignright size-full wp-image-10129\" style=\"margin: 4px; float: right;\" alt=\"lama2\" src=\"https:\/\/archiviogioia.lavocedelpaese.info\/wp-content\/uploads\/2011\/04\/lama2.jpg\" height=\"225\" width=\"300\" srcset=\"https:\/\/archiviogioia.lavocedelpaese.info\/wp-content\/uploads\/2011\/04\/lama2.jpg 1600w, https:\/\/archiviogioia.lavocedelpaese.info\/wp-content\/uploads\/2011\/04\/lama2-300x225.jpg 300w, https:\/\/archiviogioia.lavocedelpaese.info\/wp-content\/uploads\/2011\/04\/lama2-1024x768.jpg 1024w, https:\/\/archiviogioia.lavocedelpaese.info\/wp-content\/uploads\/2011\/04\/lama2-768x576.jpg 768w, https:\/\/archiviogioia.lavocedelpaese.info\/wp-content\/uploads\/2011\/04\/lama2-1536x1152.jpg 1536w\" sizes=\"auto, (max-width: 300px) 100vw, 300px\" \/>stato questo problema da risolvere a nessuno sarebbe venuto in mente di <b>spendere una barca di soldi (8.200.000 \u20ac) per \u201crinaturalizzare\u201d lama San Giorgio<\/b>; regione, commissario, AQP e Consorzio di Bonifica, <b>senza l\u2019impellenza di dover scaricare la \u201cmerda da qualche parte\u201d<\/b> (come candidamente <b>ha detto Onofrio Introna<\/b>, presidente del consiglio regionale), se ne sarebbero fregati della selvaggia antropizzazione e dell\u2019interruzione della continuit\u00e0 idraulica della lama.<\/p>\n<p style=\"text-align: justify;\"><b>Questo progetto la lama la dev<\/b><b>aster\u00e0, ne cambier\u00e0 i connotati ambientali e paesaggistici<\/b>, non pu\u00f2 non esser<b><img loading=\"lazy\" decoding=\"async\" class=\" alignleft size-full wp-image-17222\" style=\"margin: 4px; float: left;\" alt=\"lama san giorgio 2010\" src=\"https:\/\/archiviogioia.lavocedelpaese.info\/wp-content\/uploads\/2011\/12\/lama_san_giorgio_2010.jpg\" height=\"225\" width=\"300\" srcset=\"https:\/\/archiviogioia.lavocedelpaese.info\/wp-content\/uploads\/2011\/12\/lama_san_giorgio_2010.jpg 425w, https:\/\/archiviogioia.lavocedelpaese.info\/wp-content\/uploads\/2011\/12\/lama_san_giorgio_2010-300x225.jpg 300w\" sizes=\"auto, (max-width: 300px) 100vw, 300px\" \/><\/b>e sottoposto a Valutazione di Impatto Ambientale (VIA). <b>La Provincia di Bari<\/b> -ente che si esprimer\u00e0 sulla procedura- <b>non pu\u00f2, dunque, limitarsi alla sola verifica di assoggettabilit\u00e0 VIA<\/b> chiesta dal Consorzio di Bonifica, come ha fatto la regione con i progetti dei depuratori e degli scarichi nel recapito finale. <b>La provincia deve sottoporre questo progetto alla valutazione di impatto ambientale <\/b><b>vera e propria<\/b>. Intanto &#8211;<b>dal 1\u00b0 dicembre ed entro 40 giorni- i comuni interessati hanno la possibilit\u00e0<\/b>, in questa fase, <b>di presentare le proprie osservazioni<\/b> che, si spera, siano tutte negative.<\/p>\n<p style=\"text-align: right;\">(fonte rutiglianoonline)<\/p>\n","protected":false},"excerpt":{"rendered":"","protected":false},"author":1,"featured_media":10127,"comment_status":"open","ping_status":"closed","sticky":false,"template":"","format":"standard","meta":{"colormag_page_container_layout":"default_layout","colormag_page_sidebar_layout":"default_layout","footnotes":""},"categories":[4],"tags":[],"class_list":["post-17224","post","type-post","status-publish","format-standard","has-post-thumbnail","hentry","category-politica"],"_links":{"self":[{"href":"https:\/\/archiviogioia.lavocedelpaese.info\/index.php?rest_route=\/wp\/v2\/posts\/17224","targetHints":{"allow":["GET"]}}],"collection":[{"href":"https:\/\/archiviogioia.lavocedelpaese.info\/index.php?rest_route=\/wp\/v2\/posts"}],"about":[{"href":"https:\/\/archiviogioia.lavocedelpaese.info\/index.php?rest_route=\/wp\/v2\/types\/post"}],"author":[{"embeddable":true,"href":"https:\/\/archiviogioia.lavocedelpaese.info\/index.php?rest_route=\/wp\/v2\/users\/1"}],"replies":[{"embeddable":true,"href":"https:\/\/archiviogioia.lavocedelpaese.info\/index.php?rest_route=%2Fwp%2Fv2%2Fcomments&post=17224"}],"version-history":[{"count":0,"href":"https:\/\/archiviogioia.lavocedelpaese.info\/index.php?rest_route=\/wp\/v2\/posts\/17224\/revisions"}],"wp:featuredmedia":[{"embeddable":true,"href":"https:\/\/archiviogioia.lavocedelpaese.info\/index.php?rest_route=\/wp\/v2\/media\/10127"}],"wp:attachment":[{"href":"https:\/\/archiviogioia.lavocedelpaese.info\/index.php?rest_route=%2Fwp%2Fv2%2Fmedia&parent=17224"}],"wp:term":[{"taxonomy":"category","embeddable":true,"href":"https:\/\/archiviogioia.lavocedelpaese.info\/index.php?rest_route=%2Fwp%2Fv2%2Fcategories&post=17224"},{"taxonomy":"post_tag","embeddable":true,"href":"https:\/\/archiviogioia.lavocedelpaese.info\/index.php?rest_route=%2Fwp%2Fv2%2Ftags&post=17224"}],"curies":[{"name":"wp","href":"https:\/\/api.w.org\/{rel}","templated":true}]}}