{"id":1736,"date":"2010-05-03T05:54:25","date_gmt":"2010-05-03T05:54:25","guid":{"rendered":"https:\/\/archiviogioia.lavocedelpaese.info\/?p=1736"},"modified":"2010-05-03T05:54:25","modified_gmt":"2010-05-03T05:54:25","slug":"delegazioni-comenius-europee-ospiti-del-liceo-scientifico","status":"publish","type":"post","link":"https:\/\/archiviogioia.lavocedelpaese.info\/?p=1736","title":{"rendered":"EURO DELEGAZIONI COMENIUS OSPITI DELLO SCIENTIFICO"},"content":{"rendered":"<p><img loading=\"lazy\" decoding=\"async\" class=\" size-full wp-image-1732\" alt=\"comenius-1\" src=\"https:\/\/archiviogioia.lavocedelpaese.info\/wp-content\/uploads\/2010\/05\/comenius-1.jpg\" width=\"320\" height=\"150\" srcset=\"https:\/\/archiviogioia.lavocedelpaese.info\/wp-content\/uploads\/2010\/05\/comenius-1.jpg 640w, https:\/\/archiviogioia.lavocedelpaese.info\/wp-content\/uploads\/2010\/05\/comenius-1-300x141.jpg 300w\" sizes=\"auto, (max-width: 320px) 100vw, 320px\" \/> <\/p>\n<p><!--more--><\/p>\n<p><\/p>\n<div style=\"text-align: justify;\"><img loading=\"lazy\" decoding=\"async\" class=\" size-full wp-image-1733\" style=\"margin: 4px; float:  left;\" alt=\"Destinazione_Europa\" src=\"https:\/\/archiviogioia.lavocedelpaese.info\/wp-content\/uploads\/2010\/05\/Destinazione_Europa.jpg\" width=\"250\" height=\"249\" srcset=\"https:\/\/archiviogioia.lavocedelpaese.info\/wp-content\/uploads\/2010\/05\/Destinazione_Europa.jpg 404w, https:\/\/archiviogioia.lavocedelpaese.info\/wp-content\/uploads\/2010\/05\/Destinazione_Europa-300x300.jpg 300w, https:\/\/archiviogioia.lavocedelpaese.info\/wp-content\/uploads\/2010\/05\/Destinazione_Europa-150x150.jpg 150w\" sizes=\"auto, (max-width: 250px) 100vw, 250px\" \/><strong>\u201cGiorni di grandi preparativi, planning, time tables, contatti, e-mails, riunioni<\/strong> del team organizzativo, riunioni con i genitori ospitanti, contatti serrati con i partner per conoscere dati su arrivi, partenze, e mail dei ragazzi ospiti, contatti con gli operatori dello IAT, con la segreteria del Sindaco. <strong>Tutto questo per il primo appuntamento nella storia dell\u2019Istituto<\/strong> di Istruzione Secondaria \u201c<strong>R. Canudo\u201d con l\u2019Europa<\/strong>, con le delegazioni formate da dirigenti scolastici, insegnanti e studenti dei paesi partner che collaborano al <strong>Progetto Comenius<\/strong>.\u201d<\/div>\n<div style=\"text-align: justify;\"><\/div>\n<p style=\"text-align: justify;\">Il preside <strong>Giuseppe Distefano<\/strong> e <st1:personname productid=\"la professoressa Piera De\" w:st=\"on\">la professoressa <strong>Piera De<\/strong><\/st1:personname><strong> Giorgi<\/strong> cos\u00ec raccontano mesi di preparativi e l\u2019entusiasmo profuso in una progettualit\u00e0 efficiente ed efficace per offrire ospitalit\u00e0 ed accogliere con amicizia le delegazioni aderenti al <strong>Progetto Comenius<\/strong>.<\/p>\n<div style=\"text-align: justify;\"><\/div>\n<p style=\"text-align: justify;\">\u201c<strong>Pensiero e parola dom<\/strong><strong>inante \u201ccontatti\u201d<\/strong> &#8211; dichiarano il preside e la vicepreside &#8211; per far s\u00ec che i 28 ospiti provenienti dalle lontane <strong>Lituania<\/strong>, <strong>Austria<\/strong>, <strong>Polonia<\/strong>, <strong>Repubblica Ceca<\/strong>, <strong>Germania<\/strong> e <strong>Portogallo<\/strong> trovino l\u2019accoglienza, i colori, la bellezza, il sapore, la generosit\u00e0, il calore nella nostra realt\u00e0 locale. Gli studenti, gli insegnanti, l\u2019amministrazione comunale, l\u2019ufficio IAT stanno lavorando in modo sinergico affinch\u00e9 a Gioia si celebri una festa della giovent\u00f9, delle donne e uomini di un\u2019Europa che non \u00e8 entit\u00e0 astratta ma \u00e8 qui, adesso e ora\u201d.<\/p>\n<div style=\"text-align: justify;\"><\/div>\n<p style=\"text-align: justify;\">Mercoled\u00ec pomeriggio attese le delegazioni tedesca e polacca, il giorno dopo l\u2019austriaca, la portoghese, la ceca e la lituana.<\/p>\n<div style=\"text-align: justify;\"><\/div>\n<p style=\"text-align: justify;\"><strong>In programma visite ai due licei, classico e scientifico, al palazzo comunale<\/strong> presso c<img loading=\"lazy\" decoding=\"async\" class=\" size-full wp-image-1734\" style=\"margin: 4px; float:  right;\" alt=\"comenius-2\" src=\"https:\/\/archiviogioia.lavocedelpaese.info\/wp-content\/uploads\/2010\/05\/comenius-2.jpg\" width=\"342\" height=\"229\" srcset=\"https:\/\/archiviogioia.lavocedelpaese.info\/wp-content\/uploads\/2010\/05\/comenius-2.jpg 800w, https:\/\/archiviogioia.lavocedelpaese.info\/wp-content\/uploads\/2010\/05\/comenius-2-300x200.jpg 300w, https:\/\/archiviogioia.lavocedelpaese.info\/wp-content\/uploads\/2010\/05\/comenius-2-768x512.jpg 768w\" sizes=\"auto, (max-width: 342px) 100vw, 342px\" \/>ui i delegati saranno accolti dal sindaco <strong>Piero Longo<\/strong>, quindi un gustoso buffet ed ancora visita alle bellezze locali, in primis <st1:personname productid=\"la Distilleria Cassano\" w:st=\"on\">la <strong>Distill<\/strong><\/st1:personname><st1:personname productid=\"la Distilleria Cassano\" w:st=\"on\"><strong>eria Cassano<\/strong><\/st1:personname> &#8211; guida d\u2019eccezione il professor <strong>Domenico Paradiso<\/strong> &#8211; gli scavi archeologici di <strong>Monte Sannace<\/strong>, il <strong>Castello<\/strong>, il <strong>C<\/strong><strong>entro Storico<\/strong> ed aziende locali \u2026<\/p>\n<div style=\"text-align: justify;\"><\/div>\n<p style=\"text-align: justify;\"><strong>Gli studenti junior e senior daranno a loro volta<\/strong> un caloroso benvenuto allestendo attivit\u00e0 di accoglienza vere e proprie.<\/p>\n<div style=\"text-align: justify;\"><\/div>\n<p style=\"text-align: justify;\"><strong>Il 9 maggio le delegazioni visiteranno Bari<\/strong>, <st1:personname productid=\"la Pinacoteca Provinciale\" w:st=\"on\">la <strong>Pinacoteca Provinciale<\/strong><\/st1:personname>, il <strong>Teatro Petruzzelli<\/strong>, la <strong>Basilica di San Nicola<\/strong>, il centro storico barese e nel pomeriggio <strong>Alberobello<\/strong>, cittadina patrimonio dell\u2019Unesco dal folcloristico paesaggio.<\/p>\n<div style=\"text-align: justify;\"><\/div>\n<p style=\"text-align: justify;\"><strong>Da sottolineare la collaborazione delle famiglie, pronte a offrire \u201csostegno\u201d al progetto con<\/strong><strong> ospitalit\u00e0 diretta<\/strong> e inventiva gastronomica, preparando colazioni a sacco e manicaretti caratteristici della nostra citt\u00e0.<\/p>\n<div style=\"text-align: justify;\"><\/div>\n<p style=\"text-align: justify;\">Al primo appuntamento con il progetto Comenius, con location a Lisbona, hanno partecipato <strong>Piera De Giorgi<\/strong> e <strong>Rosa Donvito<\/strong> e gli studenti del liceo scientifico <strong>Nicol\u00f2 Carnevale<\/strong> e <strong>Manuel Giandomenico<\/strong> della I B, <strong>Eleonora Montrone<\/strong> della I D e <strong>Monica Cardinale<\/strong> della IV C per il classico.<br \/> <strong>Nel corso del secondo appuntamento a Setubal<\/strong> gli insegnanti e gli studenti hanno posto al centro dell\u2019attenzione la riflessione sulle abilit\u00e0 sociali, dopo aver comparato i risultati dei questionari somministrati a studenti, genitori e insegnanti delle scuole partner sulle stesse.<\/p>\n<div style=\"text-align: justify;\"><\/div>\n<p style=\"text-align: justify;\">\u201c<strong>E\u2019 emersa in modo chia<\/strong><img loading=\"lazy\" decoding=\"async\" style=\"margin: 4px; float:  left;\" alt=\"83e80e228329a249d3ab5d694f6\" src=\"images\/stories\/archiviofoto\/83e80e228329a249d3ab5d694f6.jpg\" width=\"219\" height=\"167\" \/><strong>ro<\/strong> &#8211; dichiara Piera De Giorgi &#8211; <strong>la consapevolezza di un certo deficit<\/strong> nell\u2019utilizzo degli studenti delle abilit\u00e0 sociali nelle scuole, deficit che viene espresso attraverso la mancanza di autodisciplina, la mancanza di rispetto delle regole, nonch\u00e9 una certa carenza nell\u2019utilizzare una corretta comunicazione\u00a0 e nel ricorrere al dialogo per la risoluzione dei conflitti. A questo si aggiunge una complessiva mancanza di motivazione e abilit\u00e0 nel lavorare in gruppo. In paesi quali la Germania, <st1:personname productid=\"la Repubblica Ceca\" w:st=\"on\">la  Repubblica Ceca<\/st1:personname> e il Portogallo si aggiungono la mancanza di tolleranza e il problema del bullismo\u201d.<\/p>\n<div style=\"text-align: justify;\"><\/div>\n<p style=\"text-align: justify;\">\u201c<strong>Le cause di queste carenze<\/strong> &#8211; continua la vicepreside &#8211; <strong>sono attribuite ad una certa superficialit\u00e0<\/strong>, all\u2019iper-protezione delle famiglie ed anche ai valori trasmessi sia da queste che dalla societ\u00e0; grande peso \u00e8 dato all\u2019ambiente sociale e in paesi quali la Germania e l\u2019Austria si ritengono responsabili di queste carenze soprattutto i \u201cmedia\u201d. <strong>Ogni scuol<\/strong><img loading=\"lazy\" decoding=\"async\" class=\" size-full wp-image-1735\" style=\"margin: 4px; float:  right;\" alt=\"20070129newseuropa2_88431\" src=\"https:\/\/archiviogioia.lavocedelpaese.info\/wp-content\/uploads\/2010\/05\/20070129newseuropa2_88431.jpg\" width=\"222\" height=\"205\" srcset=\"https:\/\/archiviogioia.lavocedelpaese.info\/wp-content\/uploads\/2010\/05\/20070129newseuropa2_88431.jpg 414w, https:\/\/archiviogioia.lavocedelpaese.info\/wp-content\/uploads\/2010\/05\/20070129newseuropa2_88431-300x275.jpg 300w\" sizes=\"auto, (max-width: 222px) 100vw, 222px\" \/><strong>a cerca di sopperire alle carenze<\/strong> <strong>in modo differente<\/strong>: <strong>nella Repubblica Ceca, in Austria e in Germania attraverso attivit<\/strong><strong>\u00e0 e progetti mirati<\/strong> che si svolgono durante l\u2019orario scolastico; in <strong>Polonia con l\u2019aiuto di psicologi<\/strong> dell\u2019educazione o con attivit\u00e0 da svolgere dopo l\u2019attivit\u00e0 scolastica; <strong>in Portogallo<\/strong> <strong>cercando di favorire<\/strong> il confronto e <st1:personname productid=\"la discussione. In Italia\" w:st=\"on\">la discussione. <strong>In Italia<\/strong><\/st1:personname><strong> si utilizzano l\u2019orario scolastico e le lezioni curriculari<\/strong>; la <strong>Lituania<\/strong> promuove in modo particolare <strong>attivit\u00e0 relative alle tradizioni<\/strong> locali. La scuola portoghese invece esprime molti dubbi sulla possibilit\u00e0 concreta che l\u2019istituzione scolastica possa fornire da sola modelli e strumenti efficaci. <strong>Dall\u2019indagine effettuata emerge che in Italia<\/strong>, in Lituania e in Germania la scuola riesce sostanzialmente a tenere sotto controllo i problemi legati all\u2019esclusione sociale, al bullismo e al rispetto delle regole. <strong>In Portogallo e Repubblica Ceca la scuola ottiene un maggiore successo<\/strong> nella gestione dei problemi legati alla cooperazione e all\u2019aiuto reciproco\u201d.<\/p>\n<div style=\"text-align: justify;\"><\/div>\n<p style=\"text-align: justify;\"><strong>L\u201911 tutti i \u201cdelegati\u201d saranno di ritorno nei rispettivi paesi<\/strong>&#8230; un\u2019esperienza, ne siamo certi, indimenticabile!<\/p>\n","protected":false},"excerpt":{"rendered":"","protected":false},"author":1,"featured_media":1732,"comment_status":"open","ping_status":"closed","sticky":false,"template":"","format":"standard","meta":{"colormag_page_container_layout":"default_layout","colormag_page_sidebar_layout":"default_layout","footnotes":""},"categories":[6],"tags":[],"class_list":["post-1736","post","type-post","status-publish","format-standard","has-post-thumbnail","hentry","category-cultura"],"_links":{"self":[{"href":"https:\/\/archiviogioia.lavocedelpaese.info\/index.php?rest_route=\/wp\/v2\/posts\/1736","targetHints":{"allow":["GET"]}}],"collection":[{"href":"https:\/\/archiviogioia.lavocedelpaese.info\/index.php?rest_route=\/wp\/v2\/posts"}],"about":[{"href":"https:\/\/archiviogioia.lavocedelpaese.info\/index.php?rest_route=\/wp\/v2\/types\/post"}],"author":[{"embeddable":true,"href":"https:\/\/archiviogioia.lavocedelpaese.info\/index.php?rest_route=\/wp\/v2\/users\/1"}],"replies":[{"embeddable":true,"href":"https:\/\/archiviogioia.lavocedelpaese.info\/index.php?rest_route=%2Fwp%2Fv2%2Fcomments&post=1736"}],"version-history":[{"count":0,"href":"https:\/\/archiviogioia.lavocedelpaese.info\/index.php?rest_route=\/wp\/v2\/posts\/1736\/revisions"}],"wp:featuredmedia":[{"embeddable":true,"href":"https:\/\/archiviogioia.lavocedelpaese.info\/index.php?rest_route=\/wp\/v2\/media\/1732"}],"wp:attachment":[{"href":"https:\/\/archiviogioia.lavocedelpaese.info\/index.php?rest_route=%2Fwp%2Fv2%2Fmedia&parent=1736"}],"wp:term":[{"taxonomy":"category","embeddable":true,"href":"https:\/\/archiviogioia.lavocedelpaese.info\/index.php?rest_route=%2Fwp%2Fv2%2Fcategories&post=1736"},{"taxonomy":"post_tag","embeddable":true,"href":"https:\/\/archiviogioia.lavocedelpaese.info\/index.php?rest_route=%2Fwp%2Fv2%2Ftags&post=1736"}],"curies":[{"name":"wp","href":"https:\/\/api.w.org\/{rel}","templated":true}]}}