{"id":17425,"date":"2011-12-13T06:44:28","date_gmt":"2011-12-13T06:44:28","guid":{"rendered":"https:\/\/archiviogioia.lavocedelpaese.info\/?p=17425"},"modified":"2011-12-13T06:44:28","modified_gmt":"2011-12-13T06:44:28","slug":"dante-e-fantomas-spazio-alla-fantasia-creativa","status":"publish","type":"post","link":"https:\/\/archiviogioia.lavocedelpaese.info\/?p=17425","title":{"rendered":"DANTE E \u201cFANTOMAS\u201d: SPAZIO ALLA FANTASIA CREATIVA"},"content":{"rendered":"<p><img loading=\"lazy\" decoding=\"async\" class=\" size-full wp-image-17417\" style=\"margin-right: 2px; margin-left: 2px;\" alt=\"dante-spada-pp\" src=\"https:\/\/archiviogioia.lavocedelpaese.info\/wp-content\/uploads\/2011\/12\/dante-spada-pp.jpg\" height=\"150\" width=\"320\" srcset=\"https:\/\/archiviogioia.lavocedelpaese.info\/wp-content\/uploads\/2011\/12\/dante-spada-pp.jpg 640w, https:\/\/archiviogioia.lavocedelpaese.info\/wp-content\/uploads\/2011\/12\/dante-spada-pp-300x141.jpg 300w\" sizes=\"auto, (max-width: 320px) 100vw, 320px\" \/><\/p>\n<p><!--more--><\/p>\n<p style=\"text-align: justify;\"><b><i><img loading=\"lazy\" decoding=\"async\" class=\" alignleft size-full wp-image-17419\" style=\"margin: 4px; float: left;\" alt=\"PB050346\" src=\"https:\/\/archiviogioia.lavocedelpaese.info\/wp-content\/uploads\/2011\/12\/PB050346.JPG\" height=\"293\" width=\"220\" srcset=\"https:\/\/archiviogioia.lavocedelpaese.info\/wp-content\/uploads\/2011\/12\/PB050346.JPG 1200w, https:\/\/archiviogioia.lavocedelpaese.info\/wp-content\/uploads\/2011\/12\/PB050346-225x300.jpg 225w, https:\/\/archiviogioia.lavocedelpaese.info\/wp-content\/uploads\/2011\/12\/PB050346-768x1024.jpg 768w, https:\/\/archiviogioia.lavocedelpaese.info\/wp-content\/uploads\/2011\/12\/PB050346-1152x1536.jpg 1152w\" sizes=\"auto, (max-width: 220px) 100vw, 220px\" \/>Fant\u00f4mas<\/i><\/b><b>: \u201c\u00e8 un ladro, un rapinatore, un ricattatore, un cospiratore e, naturalmente, un assassino <\/b>\u2026 Ma quanto pi\u00f9 ci avviciniamo al suo volto, tanto pi\u00f9 lo vediamo confondersi e dissolversi in un gioco di ombre e di maschere. <b>Della sua umana concretezza non rimane quasi nulla<\/b> [\u2026]. <b>\u00c8 il Male nella forma pi\u00f9 pura e distillata<\/b>, il Criminale Perfetto, l\u2019inafferrabile Messaggero della Morte. [\u2026]\u201d.<\/p>\n<p style=\"text-align: justify;\"><b>Cos\u00ec scrive Alfredo Castelli<\/b>, <b>scrittore e sceneggiatore<\/b> \u2013 accomunato al personaggio di carta Fant\u00f4mas dal 1963 \u2013 <b>nel testo di appendice al fumetto<\/b> \u2018L\u2019ombra di Fant\u00f4mas\u2019, edito Bonelli 2011, facente parte della collana \u2018Almanacco del mistero\u2019. <b>Il fumetto \u00e8 stato presentato, presso la libreria Librellula<\/b>, luogo dedito ad avvenimenti culturali, sabato 10 dicembre.<\/p>\n<p style=\"text-align: justify;\"><b>Presenti, il disegnatore gioiese Dante Spada<\/b>, lo stesso <b>Alfredo Castelli<\/b> \u2013 tramite collegamento telefonico \u2013 e i due relatori della serata, <b><img loading=\"lazy\" decoding=\"async\" class=\" alignright size-full wp-image-17421\" style=\"margin: 4px; float: right;\" alt=\"pippo indellicati\" src=\"https:\/\/archiviogioia.lavocedelpaese.info\/wp-content\/uploads\/2011\/12\/pippo_indellicati.JPG\" height=\"293\" width=\"220\" \/>Pippo Indellicati<\/b>, esperto di comunicazione, e <b>Alfonso Elia<\/b>, disegnatore e critico free lance per \u2018Fumo di China\u2019.<\/p>\n<p style=\"text-align: justify;\">\u201c<b>Questo fumetto \u00e8 un ottimo esempio di come non si dovrebbe scrivere una storia<\/b> [\u2026]. Forse non \u00e8 un capolavoro, per\u00f2 \u00e8 disegnato bene\u201d. <b>Castelli spiega al numeroso uditorio di come delle volte s\u2019inizia a sceneggiare una storia non sapendo come vada a finire<\/b>. E di come sia importante un\u2019illuminazione improvvisa, una folgore prodigiosa, un\u2019annotazione istantanea per poter andare avanti nella narrazione.<\/p>\n<p style=\"text-align: justify;\"><b>Alla domanda di Pippo Indellicati su quale futuro possa avere l\u2019\u2018Almanacco del mistero\u2019<\/b>, Castelli risponde di avere delle incertezze in proposito, e che nonostante l\u2019Almanacco abbia un suo determinato pubblico, spera che ci siano dei cambiamenti. <b>Inevitabile \u00e8 la domanda di Alfonso Elia sulla possibilit\u00e0 di ideare qualche altro personaggio<\/b> oltre a quello che \u00e8 definito il suo <i>alter ego<\/i>: Martin Myst\u00e8re.<\/p>\n<p style=\"text-align: justify;\">\u201c<b>Non ho un\u2019altra storia da raccontare, ma desidero avvicinarmi a delle nuove prospettive<\/b> con cui il fumetto deve confrontarsi\u201d. Fa l\u2019esempio della Francia, dove c\u2019\u00e8 un\u2019educazione specifica alla lettura de<img loading=\"lazy\" decoding=\"async\" class=\" alignleft size-full wp-image-17423\" style=\"margin: 4px; float: left;\" alt=\"PB050344\" src=\"https:\/\/archiviogioia.lavocedelpaese.info\/wp-content\/uploads\/2011\/12\/PB050344.JPG\" height=\"225\" width=\"300\" srcset=\"https:\/\/archiviogioia.lavocedelpaese.info\/wp-content\/uploads\/2011\/12\/PB050344.JPG 1600w, https:\/\/archiviogioia.lavocedelpaese.info\/wp-content\/uploads\/2011\/12\/PB050344-300x225.jpg 300w, https:\/\/archiviogioia.lavocedelpaese.info\/wp-content\/uploads\/2011\/12\/PB050344-1024x768.jpg 1024w, https:\/\/archiviogioia.lavocedelpaese.info\/wp-content\/uploads\/2011\/12\/PB050344-768x576.jpg 768w, https:\/\/archiviogioia.lavocedelpaese.info\/wp-content\/uploads\/2011\/12\/PB050344-1536x1152.jpg 1536w\" sizes=\"auto, (max-width: 300px) 100vw, 300px\" \/>i fumetti guidata dal principio di propedeuticit\u00e0. Ed aggiunge che i personaggi raramente subiscono cambiamenti radicali. <b>In riguardo il disegnatore gioiese Dante Spada vorrebbe osa<\/b>re, dare una consistenza narrativa diversa a dei personaggi granitici come Tex, misurarsi con la sorpresa, spiazzare il lettore con delle versioni speciali.<\/p>\n<p style=\"text-align: justify;\"><b>Gli piace scivolare nel grottesco, capovolgere delle linee guida, ribaltare dei principi cardine<\/b>, perch\u00e9 come sottolinea Pippo Indellicati: \u201cl\u2019arte \u00e8 anche un po\u2019 rottura\u201d. Infine se per Castelli \u00e8 una storia riuscita male, <b>Dante sottolinea la difficolt\u00e0 di disegnare una storia<\/b> della quale non conosce lo sviluppo, ed afferma: \u201c[\u2026] Alcune storie che hanno avuto una partenza meravigliosa, verso la fine sono risultate un po\u2019 lente\u201d. <b>D\u2019altra parte l\u2019assioma pu\u00f2 essere facilmente capovolto<\/b>.<\/p>\n<p style=\"text-align: justify;\">&nbsp;<\/p>\n","protected":false},"excerpt":{"rendered":"","protected":false},"author":1,"featured_media":17417,"comment_status":"open","ping_status":"closed","sticky":false,"template":"","format":"standard","meta":{"colormag_page_container_layout":"default_layout","colormag_page_sidebar_layout":"default_layout","footnotes":""},"categories":[6],"tags":[],"class_list":["post-17425","post","type-post","status-publish","format-standard","has-post-thumbnail","hentry","category-cultura"],"_links":{"self":[{"href":"https:\/\/archiviogioia.lavocedelpaese.info\/index.php?rest_route=\/wp\/v2\/posts\/17425","targetHints":{"allow":["GET"]}}],"collection":[{"href":"https:\/\/archiviogioia.lavocedelpaese.info\/index.php?rest_route=\/wp\/v2\/posts"}],"about":[{"href":"https:\/\/archiviogioia.lavocedelpaese.info\/index.php?rest_route=\/wp\/v2\/types\/post"}],"author":[{"embeddable":true,"href":"https:\/\/archiviogioia.lavocedelpaese.info\/index.php?rest_route=\/wp\/v2\/users\/1"}],"replies":[{"embeddable":true,"href":"https:\/\/archiviogioia.lavocedelpaese.info\/index.php?rest_route=%2Fwp%2Fv2%2Fcomments&post=17425"}],"version-history":[{"count":0,"href":"https:\/\/archiviogioia.lavocedelpaese.info\/index.php?rest_route=\/wp\/v2\/posts\/17425\/revisions"}],"wp:featuredmedia":[{"embeddable":true,"href":"https:\/\/archiviogioia.lavocedelpaese.info\/index.php?rest_route=\/wp\/v2\/media\/17417"}],"wp:attachment":[{"href":"https:\/\/archiviogioia.lavocedelpaese.info\/index.php?rest_route=%2Fwp%2Fv2%2Fmedia&parent=17425"}],"wp:term":[{"taxonomy":"category","embeddable":true,"href":"https:\/\/archiviogioia.lavocedelpaese.info\/index.php?rest_route=%2Fwp%2Fv2%2Fcategories&post=17425"},{"taxonomy":"post_tag","embeddable":true,"href":"https:\/\/archiviogioia.lavocedelpaese.info\/index.php?rest_route=%2Fwp%2Fv2%2Ftags&post=17425"}],"curies":[{"name":"wp","href":"https:\/\/api.w.org\/{rel}","templated":true}]}}