{"id":17627,"date":"2011-12-19T06:20:05","date_gmt":"2011-12-19T06:20:05","guid":{"rendered":"https:\/\/archiviogioia.lavocedelpaese.info\/?p=17627"},"modified":"2011-12-19T06:20:05","modified_gmt":"2011-12-19T06:20:05","slug":"il-miracolo-della-vita-un-dono-da-preservare","status":"publish","type":"post","link":"https:\/\/archiviogioia.lavocedelpaese.info\/?p=17627","title":{"rendered":"IL MIRACOLO DELLA VITA UN DONO DA PRESERVARE"},"content":{"rendered":"<p><img loading=\"lazy\" decoding=\"async\" class=\" size-full wp-image-17626\" style=\"margin-right: 2px; margin-left: 2px;\" alt=\"chiapas popolazione-pp\" src=\"https:\/\/archiviogioia.lavocedelpaese.info\/wp-content\/uploads\/2011\/12\/chiapas_popolazione-pp.jpg\" height=\"150\" width=\"320\" srcset=\"https:\/\/archiviogioia.lavocedelpaese.info\/wp-content\/uploads\/2011\/12\/chiapas_popolazione-pp.jpg 640w, https:\/\/archiviogioia.lavocedelpaese.info\/wp-content\/uploads\/2011\/12\/chiapas_popolazione-pp-300x141.jpg 300w\" sizes=\"auto, (max-width: 320px) 100vw, 320px\" \/><\/p>\n<p><!--more--><\/p>\n<p style=\"text-align: justify;\"><b>Riceviamo e pubblichiamo<\/b> un contributo giornalistico preparato da una giovane studentessa, <b>Maria Natile Martino<\/b>, inserito da Repubblica@scuola tra le sue pubblicazioni a firma di Elita.<\/p>\n<p style=\"text-align: center;\"><b>&#8212;&#8212;&#8212;&#8212;&#8212;&#8212;&#8212;&#8212;&#8212;&#8212;&#8212;&#8212;&#8212;&#8212;&#8212;&#8212;&#8212;&#8212;&#8212;&#8212;&#8212;&#8212;&#8212;-<\/b><\/p>\n<p style=\"text-align: justify;\"><b><img loading=\"lazy\" decoding=\"async\" class=\" alignleft size-full wp-image-16982\" style=\"margin: 4px; float: left;\" alt=\"franco dragone e consorte\" src=\"https:\/\/archiviogioia.lavocedelpaese.info\/wp-content\/uploads\/2011\/12\/franco_dragone_e_consorte.jpg\" height=\"233\" width=\"300\" srcset=\"https:\/\/archiviogioia.lavocedelpaese.info\/wp-content\/uploads\/2011\/12\/franco_dragone_e_consorte.jpg 604w, https:\/\/archiviogioia.lavocedelpaese.info\/wp-content\/uploads\/2011\/12\/franco_dragone_e_consorte-300x233.jpg 300w\" sizes=\"auto, (max-width: 300px) 100vw, 300px\" \/>Albert Einstein<\/b> diceva che \u201c<b>Ci sono due modi per vivere la vita<\/b>. Uno \u00e8 pensare che niente sia un miracolo, l\u2019altro \u00e8 pensare che ogni cosa lo sia.\u201d <b>In Chiapas<\/b>, dove i discendenti delle antiche popolazioni Maya lottano quotidianamente con la terra per strapparle la vita necessaria al proprio sostentamento, <b>anche la condensa del vapore<\/b> su un coperchio di pentola bruciacchiato <b>si pu\u00f2 trasformare nella Sacra immagine del figlio di Nostro Signore<\/b>.<\/p>\n<p style=\"text-align: justify;\">E <b>Francesco Dragone<\/b>, giunto in questa troppo spesso dimenticata zona del Messico come volontario, ci aveva gi\u00e0 nell\u2019assemblea d\u2019istituto tenutasi al Liceo Classico nel <img loading=\"lazy\" decoding=\"async\" class=\" alignright size-full wp-image-16984\" style=\"margin: 4px; float: right;\" alt=\"chiapa ospedale\" src=\"https:\/\/archiviogioia.lavocedelpaese.info\/wp-content\/uploads\/2011\/12\/chiapa_ospedale.jpg\" height=\"225\" width=\"300\" srcset=\"https:\/\/archiviogioia.lavocedelpaese.info\/wp-content\/uploads\/2011\/12\/chiapa_ospedale.jpg 604w, https:\/\/archiviogioia.lavocedelpaese.info\/wp-content\/uploads\/2011\/12\/chiapa_ospedale-300x225.jpg 300w\" sizes=\"auto, (max-width: 300px) 100vw, 300px\" \/>mese di Novembre <b>illustrato la sua esperienza, tra questa gente povera e superstiziosa<\/b>, per lo pi\u00f9 semi-analfabeta e arretrata, ma anche dotata di una grande dignit\u00e0, che sfoggia vesti sontuose, dalle tinte allegre, e <b>che esprime un\u2019innata coesione e religiosit\u00e0<\/b>.<\/p>\n<p style=\"text-align: justify;\">E <b>tra le sue file non pi\u00f9 pagane<\/b>, che si fanno vessillo di una profonda cristianit\u00e0, non ce n\u2019era uno che avesse esitato nel <b>preferire l\u2019edificazione di una Chiesa a quella di un ospedale<\/b>, a mo\u2019 di punto di riferimento tra quelle case di assi e fango dove le persone vivono patendo il freddo e morendo di un raffreddore.<\/p>\n<p style=\"text-align: justify;\"><img loading=\"lazy\" decoding=\"async\" class=\" alignleft size-full wp-image-16983\" style=\"margin: 4px; float: left;\" alt=\"sos mondo nuovo\" src=\"https:\/\/archiviogioia.lavocedelpaese.info\/wp-content\/uploads\/2011\/12\/sos_mondo_nuovo.jpg\" height=\"163\" width=\"200\" \/>Ma a tutti coloro che si sono profusi per sostentare gli Indios e che hanno visto quanto disperate fossero le loro condizioni, <b>\u00e8 parso chiaro il bisogno che ci fosse proprio di investire nella sanit\u00e0<\/b>, sicch\u00e9 figure esperte si sostituiscano a ciarlatani e medici improvvisati che distribuiscono farmaci pi\u00f9 o meno generali in risposta a diagnosi approssimative, e anche <b>affinch\u00e9 scompaia la diffusa convinzione che l\u2019ospedale sia un luogo da cui non si esce che in posizione orizzontale<\/b>.<\/p>\n<p style=\"text-align: justify;\">A seguito di questa testimonianza, <b>grazie all\u2019impegno del pr<\/b><b>ofessor Attolico<\/b> e di quanti hanno creduto nell\u2019iniziati<img loading=\"lazy\" decoding=\"async\" class=\" alignright size-full wp-image-17594\" style=\"margin: 4px; float: right;\" alt=\"Attolico-il-vangelo-fabrizi\" src=\"https:\/\/archiviogioia.lavocedelpaese.info\/wp-content\/uploads\/2011\/12\/Attolico-il-vangelo-fabrizi.jpg\" height=\"228\" width=\"300\" srcset=\"https:\/\/archiviogioia.lavocedelpaese.info\/wp-content\/uploads\/2011\/12\/Attolico-il-vangelo-fabrizi.jpg 472w, https:\/\/archiviogioia.lavocedelpaese.info\/wp-content\/uploads\/2011\/12\/Attolico-il-vangelo-fabrizi-300x228.jpg 300w\" sizes=\"auto, (max-width: 300px) 100vw, 300px\" \/>va, <b>si \u00e8 deciso di organizzare<\/b> venerd\u00ec 16 dicembre 2011 alle ore 17.45 al Teatro Rossini <b>un<\/b><b> <\/b><b>concerto, i cui profitti saranno devoluti all\u2019associazione \u201cS.O.S. Mondo Nuovo\u201d<\/b> che sostiene tale causa.<\/p>\n<p style=\"text-align: justify;\"><b>Il tanto famoso quanto discusso album di Fabrizio De Andr\u00e8, \u201cLa buona novella\u201d<\/b>, <b>\u00e8 stato protagonista dell\u2019evento<\/b>, chiamato appunto \u201c<b>Il Vangelo secondo Fabrizio<\/b>\u201d, con i testi del celebre cantautore italiano interpretati personalmente dalla vibrante voce del figlio di Dragone e della sua band, <b>nel chiaro intento di rendere omaggio al valore musicale dei componimenti<\/b>, ma anche e soprattutto di trasmettere il messaggio d\u2019amore in essi contenuto. Sentimento espresso non s<b><img loading=\"lazy\" decoding=\"async\" class=\" alignleft size-full wp-image-17596\" style=\"margin: 4px; float: left;\" alt=\"valgelo-fabrizio-chitarra\" src=\"https:\/\/archiviogioia.lavocedelpaese.info\/wp-content\/uploads\/2011\/12\/valgelo-fabrizio-chitarra.jpg\" height=\"245\" width=\"300\" srcset=\"https:\/\/archiviogioia.lavocedelpaese.info\/wp-content\/uploads\/2011\/12\/valgelo-fabrizio-chitarra.jpg 472w, https:\/\/archiviogioia.lavocedelpaese.info\/wp-content\/uploads\/2011\/12\/valgelo-fabrizio-chitarra-300x245.jpg 300w\" sizes=\"auto, (max-width: 300px) 100vw, 300px\" \/><\/b>econdo i criteri classici della Chiesa cattolica, pur tuttavia vero e vivo: un amore che si concretizza nell\u2019operato di coloro che spendono la loro esistenza al servizio dei pi\u00f9 deboli e che noi abbiamo potuto, godendo altres\u00ec di un commovente spettacolo, sostenere con la nostra presenza.<\/p>\n<p style=\"text-align: justify;\">Perch\u00e9 <b>avere fede significa<\/b> anche questo: non aspettare che sia semplicemente Dio a intervenire dall\u2019alto, bens\u00ec <b>mettersi in gioco e usare la libert\u00e0<\/b> che ci ha donato <b>per preservare<\/b> il pi\u00f9 grande miracolo di tutti, <b>la VITA<\/b>.<\/p>\n<p style=\"text-align: right;\">(<strong>Elita<\/strong> )<\/p>\n<p>&nbsp;<\/p>\n","protected":false},"excerpt":{"rendered":"","protected":false},"author":1,"featured_media":17626,"comment_status":"open","ping_status":"closed","sticky":false,"template":"","format":"standard","meta":{"colormag_page_container_layout":"default_layout","colormag_page_sidebar_layout":"default_layout","footnotes":""},"categories":[7],"tags":[],"class_list":["post-17627","post","type-post","status-publish","format-standard","has-post-thumbnail","hentry","category-attualita"],"_links":{"self":[{"href":"https:\/\/archiviogioia.lavocedelpaese.info\/index.php?rest_route=\/wp\/v2\/posts\/17627","targetHints":{"allow":["GET"]}}],"collection":[{"href":"https:\/\/archiviogioia.lavocedelpaese.info\/index.php?rest_route=\/wp\/v2\/posts"}],"about":[{"href":"https:\/\/archiviogioia.lavocedelpaese.info\/index.php?rest_route=\/wp\/v2\/types\/post"}],"author":[{"embeddable":true,"href":"https:\/\/archiviogioia.lavocedelpaese.info\/index.php?rest_route=\/wp\/v2\/users\/1"}],"replies":[{"embeddable":true,"href":"https:\/\/archiviogioia.lavocedelpaese.info\/index.php?rest_route=%2Fwp%2Fv2%2Fcomments&post=17627"}],"version-history":[{"count":0,"href":"https:\/\/archiviogioia.lavocedelpaese.info\/index.php?rest_route=\/wp\/v2\/posts\/17627\/revisions"}],"wp:featuredmedia":[{"embeddable":true,"href":"https:\/\/archiviogioia.lavocedelpaese.info\/index.php?rest_route=\/wp\/v2\/media\/17626"}],"wp:attachment":[{"href":"https:\/\/archiviogioia.lavocedelpaese.info\/index.php?rest_route=%2Fwp%2Fv2%2Fmedia&parent=17627"}],"wp:term":[{"taxonomy":"category","embeddable":true,"href":"https:\/\/archiviogioia.lavocedelpaese.info\/index.php?rest_route=%2Fwp%2Fv2%2Fcategories&post=17627"},{"taxonomy":"post_tag","embeddable":true,"href":"https:\/\/archiviogioia.lavocedelpaese.info\/index.php?rest_route=%2Fwp%2Fv2%2Ftags&post=17627"}],"curies":[{"name":"wp","href":"https:\/\/api.w.org\/{rel}","templated":true}]}}