{"id":17682,"date":"2011-12-20T06:25:19","date_gmt":"2011-12-20T06:25:19","guid":{"rendered":"https:\/\/archiviogioia.lavocedelpaese.info\/?p=17682"},"modified":"2011-12-20T06:25:19","modified_gmt":"2011-12-20T06:25:19","slug":"liceale-gioiese-vince-tappa-repubblicascuola","status":"publish","type":"post","link":"https:\/\/archiviogioia.lavocedelpaese.info\/?p=17682","title":{"rendered":"LICEALE GIOIESE VINCE TAPPA REPUBBLICA@SCUOLA"},"content":{"rendered":"<p><img loading=\"lazy\" decoding=\"async\" class=\" size-full wp-image-17677\" style=\"margin-right: 2px; margin-left: 2px;\" alt=\"repubblicascuola 0\" src=\"https:\/\/archiviogioia.lavocedelpaese.info\/wp-content\/uploads\/2011\/12\/repubblicascuola_0.jpg\" height=\"150\" width=\"320\" srcset=\"https:\/\/archiviogioia.lavocedelpaese.info\/wp-content\/uploads\/2011\/12\/repubblicascuola_0.jpg 640w, https:\/\/archiviogioia.lavocedelpaese.info\/wp-content\/uploads\/2011\/12\/repubblicascuola_0-300x141.jpg 300w\" sizes=\"auto, (max-width: 320px) 100vw, 320px\" \/><\/p>\n<p><!--more--><\/p>\n<p style=\"text-align: justify;\"><b><img loading=\"lazy\" decoding=\"async\" class=\" alignleft size-full wp-image-17678\" style=\"margin: 4px; float: left;\" alt=\"indignato-foto 4493 1\" src=\"https:\/\/archiviogioia.lavocedelpaese.info\/wp-content\/uploads\/2011\/12\/indignato-foto_4493_1.jpg\" height=\"189\" width=\"206\" \/>&#8220;Indignato&#8221;<\/b>. <b>Penso di aver sempre disprezzato questa parola<\/b>. Sempre mi \u00e8 parsa cos\u00ec limitata e ipocrita. Il suo significato infatti \u00e8 &#8220;non ritenere degno&#8221;. Ecco, qui tutto si interrompe. O meglio si interrompeva. Ora <b>questa parola non riesco pi\u00f9 ad associarla<\/b>, come facevo prima, a delle povere comari intente solo a storcere il naso dinnanzi a qualsiasi cosa, con un&#8217;espressione di disgusto finalizzato solo a dare al Paese l&#8217;impressione di essere gente &#8220;per bene&#8221;. <b>Ora essa ha un nuovo significato rivoltoso<\/b>, non-indifferente, <b>rivoluzionario<\/b>.<\/p>\n<p style=\"text-align: justify;\"><b>Personalmente, sono indignato<\/b>: dalla perdita dei valori morali della nostra societ\u00e0, dalla stampa monopolizzata, dai Tarantini, dai Lavitola, da Arcore, dalle uova sulla Bocconi, dalla Tav, dai Black Bloc, dalle veline-ministre, <b>dal pranzo a 3 \u20ac in Parlamento<\/b>, <b>dai tagli all&#8217;istruzione pubblica<\/b>, dai condoni fiscali, dal finto perbenismo, dai monaci tibetani suicidi, dalla mafia, dall&#8217;espulsione <img loading=\"lazy\" decoding=\"async\" class=\" alignright size-full wp-image-17680\" style=\"margin: 4px; float: right;\" alt=\"berlusconi05G\" src=\"https:\/\/archiviogioia.lavocedelpaese.info\/wp-content\/uploads\/2011\/12\/berlusconi05G.jpg\" height=\"227\" width=\"300\" srcset=\"https:\/\/archiviogioia.lavocedelpaese.info\/wp-content\/uploads\/2011\/12\/berlusconi05G.jpg 330w, https:\/\/archiviogioia.lavocedelpaese.info\/wp-content\/uploads\/2011\/12\/berlusconi05G-300x227.jpg 300w\" sizes=\"auto, (max-width: 300px) 100vw, 300px\" \/>degli immigrati, dai preti pedofili, <b>dai cervelli face-lobotomizzati di migliaia di adolescenti e adulti<\/b>, dalle droghe, dal prezzo del pane, <b>dalle morti bianche<\/b>, dall&#8217;inquinamento, da chi mi consiglia di emigrare, dai congiuntivi inesistenti, dagli anziani che invece di crescere i nipoti e di tramandare quel poco di cultura che ci \u00e8 rimasta, saltellano arzilli per i salotti televisivi, dal grana padano, dai vitalizi, da Paolini che vende di pi\u00f9 di Carofiglio, dagli studenti picchiati nelle piazze, da Obama che cancella tutte le sue promesse con la crisi, dagli U2 che evadono il fisco in Olanda, <b>dalla meschinit\u00e0 dell&#8217;Uomo<\/b>, <b>dalle pensioni di 600\u20ac mensili<\/b>, dalle barzellette al limite dell&#8217;indecenza, <b>dal &#8220;do ut des&#8221; assoluto generale<\/b>, da Londra disprezzata della Lonely Planet, dal Chiapas conosciuto solo per le crociere, da chi leggendo del Chiapas, pur non conoscendolo non si sforzer\u00e0 neppure <img loading=\"lazy\" decoding=\"async\" class=\" alignleft size-full wp-image-17681\" style=\"margin: 4px; float: left;\" alt=\"indignati02 28b0bc45\" src=\"https:\/\/archiviogioia.lavocedelpaese.info\/wp-content\/uploads\/2011\/12\/indignati02_28b0bc45.jpg\" height=\"245\" width=\"300\" srcset=\"https:\/\/archiviogioia.lavocedelpaese.info\/wp-content\/uploads\/2011\/12\/indignati02_28b0bc45.jpg 550w, https:\/\/archiviogioia.lavocedelpaese.info\/wp-content\/uploads\/2011\/12\/indignati02_28b0bc45-300x245.jpg 300w\" sizes=\"auto, (max-width: 300px) 100vw, 300px\" \/>di googlarlo, dai valori &#8220;sbagliati&#8221; che &#8220;inculcano&#8221; a scuola, <b>dal Tg1<\/b>, dai quattro televisori nelle case di chi si lamenta del figlio semi-analfabeta, dalla gente che definisce un paese &#8220;tranquillo&#8221; non capendo che in realt\u00e0 \u00e8 &#8220;morto&#8221;, dai neofascisti, <b>dalle lauree acquistate come l&#8217;insalata<\/b>, dallo spread, dai bulli, dall&#8217;omert\u00e0, dal linciaggio di Ghedaffi, dagli Scilipoti, da chi preferisce la coerenza all&#8217;intelligenza, dall&#8217;impotenza del governo nei confronti del mercato, dalla nostra passivit\u00e0 nel subire tutto questo, dal fatto che ho gi\u00e0 superato 2500 caratteri.<\/p>\n<p style=\"text-align: justify;\"><b>Ora \u00e8 arrivato il momento di fare<\/b>. <b>Di far scomparire quell&#8217;espressione indignata dai nostri volti<\/b>, senza voltare lo sguardo in un altro luogo. Forse anche perch\u00e9 ora qualsiasi sia il luogo a cui volgiamo lo sguardo troveremo sempre e solo la desolazione e il vuoto, ma poco importa, <b>perch\u00e9 noi finalmente, soli, colmeremo tutto questo Vuoto<\/b>.<\/p>\n<p style=\"text-align: justify;\">(<b>Indignati nel vuoto &#8211; <\/b>di <strong>VITO ALBERTO LIPPOLIS<\/strong> del Liceo Classico Virgilio Marone di Gioia del Colle, Bari &#8211; fonte repubblica)<\/p>\n<p>&nbsp;<\/p>\n","protected":false},"excerpt":{"rendered":"","protected":false},"author":1,"featured_media":17677,"comment_status":"open","ping_status":"closed","sticky":false,"template":"","format":"standard","meta":{"colormag_page_container_layout":"default_layout","colormag_page_sidebar_layout":"default_layout","footnotes":""},"categories":[7],"tags":[],"class_list":["post-17682","post","type-post","status-publish","format-standard","has-post-thumbnail","hentry","category-attualita"],"_links":{"self":[{"href":"https:\/\/archiviogioia.lavocedelpaese.info\/index.php?rest_route=\/wp\/v2\/posts\/17682","targetHints":{"allow":["GET"]}}],"collection":[{"href":"https:\/\/archiviogioia.lavocedelpaese.info\/index.php?rest_route=\/wp\/v2\/posts"}],"about":[{"href":"https:\/\/archiviogioia.lavocedelpaese.info\/index.php?rest_route=\/wp\/v2\/types\/post"}],"author":[{"embeddable":true,"href":"https:\/\/archiviogioia.lavocedelpaese.info\/index.php?rest_route=\/wp\/v2\/users\/1"}],"replies":[{"embeddable":true,"href":"https:\/\/archiviogioia.lavocedelpaese.info\/index.php?rest_route=%2Fwp%2Fv2%2Fcomments&post=17682"}],"version-history":[{"count":0,"href":"https:\/\/archiviogioia.lavocedelpaese.info\/index.php?rest_route=\/wp\/v2\/posts\/17682\/revisions"}],"wp:featuredmedia":[{"embeddable":true,"href":"https:\/\/archiviogioia.lavocedelpaese.info\/index.php?rest_route=\/wp\/v2\/media\/17677"}],"wp:attachment":[{"href":"https:\/\/archiviogioia.lavocedelpaese.info\/index.php?rest_route=%2Fwp%2Fv2%2Fmedia&parent=17682"}],"wp:term":[{"taxonomy":"category","embeddable":true,"href":"https:\/\/archiviogioia.lavocedelpaese.info\/index.php?rest_route=%2Fwp%2Fv2%2Fcategories&post=17682"},{"taxonomy":"post_tag","embeddable":true,"href":"https:\/\/archiviogioia.lavocedelpaese.info\/index.php?rest_route=%2Fwp%2Fv2%2Ftags&post=17682"}],"curies":[{"name":"wp","href":"https:\/\/api.w.org\/{rel}","templated":true}]}}