{"id":178,"date":"2010-01-28T23:24:05","date_gmt":"2010-01-28T23:24:05","guid":{"rendered":"https:\/\/archiviogioia.lavocedelpaese.info\/?p=178"},"modified":"2010-01-28T23:24:05","modified_gmt":"2010-01-28T23:24:05","slug":"calendario-islamico-cronaca-di-un-incontro","status":"publish","type":"post","link":"https:\/\/archiviogioia.lavocedelpaese.info\/?p=178","title":{"rendered":"CALENDARIO ISLAMICO: CRONACA DI UN INCONTRO"},"content":{"rendered":"<p><img loading=\"lazy\" decoding=\"async\" class=\" size-full wp-image-176\" alt=\"loconsolem\" src=\"https:\/\/archiviogioia.lavocedelpaese.info\/wp-content\/uploads\/2010\/01\/loconsolem.png\" height=\"150\" width=\"320\" srcset=\"https:\/\/archiviogioia.lavocedelpaese.info\/wp-content\/uploads\/2010\/01\/loconsolem.png 640w, https:\/\/archiviogioia.lavocedelpaese.info\/wp-content\/uploads\/2010\/01\/loconsolem-300x141.png 300w\" sizes=\"auto, (max-width: 320px) 100vw, 320px\" \/> <\/p>\n<p><!--more--><\/p>\n<p style=\"text-align: justify;\">Incontro davvero interessante quello organizzato per presentare \u201cIl Calendario delle tre Religioni &#8211; Giorni ed Immagini per un solo Dio&#8221;, accolto da un pubblico attento e numeroso, tanto da gremire all\u2019inverosimile il foyer del Teatro Rossini.<\/p>\n<div style=\"text-align: justify;\"><\/div>\n<p style=\"text-align: justify;\">L\u2019avvocato <strong>Lucio Romano<\/strong>, organizzatore dell\u2019evento, ha sottolineato la concomitanza con la Giornata della Memoria e il ruolo rivestito dal calendario, di fatto un ponte che unisce culture diverse.<\/p>\n<div style=\"text-align: justify;\"><\/div>\n<p style=\"text-align: justify;\">Gioia del Colle \u00e8 da tempo \u201capprodo\u201d, con la pi\u00f9 antica Moschea di Puglia, nonch\u00e9 il Cimitero Islamico, unico per tutto il meridione d&#8217;Italia, come ha ricordato in questa occasione il Sindaco <strong>Piero Longo<\/strong>. Il Calendario \u00e8 stato realizzato dall\u2019E.N.E.C (Europe Near East Centre) associazione internazionale per i rapporti col Vicino Oriente che quest\u2019anno compie 20 anni, in collaborazione con la fiera del Levante.<\/p>\n<div style=\"text-align: justify;\"><\/div>\n<p style=\"text-align: justify;\">Interessante \u00e8 stato il contributo del professor <strong>Michele Loconsole<\/strong> Teologo &#8211; Presidente della Europe Near East Centre  che ha descritto il ruolo strategico del Mediterraneo nel  rapporto tra Oriente e Occidente, tema del calendario del 2010.<\/p>\n<div style=\"text-align: justify;\"><\/div>\n<p style=\"text-align: justify;\">E\u2019 stata molto apprezzata ed i<img loading=\"lazy\" decoding=\"async\" class=\" alignleft size-full wp-image-177\" style=\"margin: 4px; float: left;\" alt=\"NicolaBux03\" src=\"https:\/\/archiviogioia.lavocedelpaese.info\/wp-content\/uploads\/2010\/01\/NicolaBux03.jpg\" height=\"175\" width=\"224\" \/>nteressante la disamina del monsignor <strong>Nicola Bux<\/strong>, Consultore della Congregazione per la dottrina della Fede, che ha salutato il pubblico in tutte e tre le lingue protagoniste del calendario: italiano, arabo e russo.<\/p>\n<p style=\"text-align: justify;\">Ha concluso il suo intervento definendo ci\u00f2 che secondo il suo parere rappresenta il concetto di integralismo: una convivenza che ha come scopo la conoscenza fino in fondo l\u2019uno dell\u2019altro.<\/p>\n<p style=\"text-align: justify;\">Al termine della serata l\u2018Iman di Gioia del Colle ha cantato un versetto del Corano in lingua araba, sua moglie, <strong>Hafida Faridi<\/strong>, mediatrice culturale da anni impegnata sul territorio, ha letto alcune sue riflessioni emozionanti ed emozionate.<\/p>\n<p style=\"text-align: left;\">\u201cHo meditato sul mio calendario appeso in bella vista. Ho visto tanti fogli strappati, tanto giorni trascorsi, un anno in meno. Un grande dispiacere trova la sua strada dentro di me per la vita che scorre come l\u2019acqua di un fiume in piena \u2013 dichiara Hafida  &#8211;  per la memoria che si perde e per il tempo che cancella eventi e momenti belli che non tornano. La voce che dall\u2019alto proviene, mi ricorda che la ciclicit\u00e0 del tempo \u00e8 legge divina; il giorno segue la notte, i giorni si susseguono e cos\u00ec la vita si consuma\u2026 Sono le nostre impronte che lasciano traccia di noi nel libro della storia umana, sono l\u2019insieme delle nostre opere compiute durante l\u2019esistenza e senza le nostre impronte i fogli del nostro calendario voleranno via privi di senso ed impegno per testimoniare la nostra missione non compiuta.\u201d<\/p>\n<p style=\"text-align: justify;\">Il calendario dedicato a padre <strong>Michele Piccirillo<\/strong>, ideatore e socio fondatore dell\u2019 E.N.E.C., prematuramente scomparso lo scorso anno, cui si devono le maggiori scoperte di mosaici e chiese paleocristiane in Israele, in Giordania e in Siria, nonch\u00e9 di ritrovamenti archeologici di siti religiosi e culturali sia giudaici che islamici, avrebbe condiviso a pieno le riflessioni scaturite nel corso dell\u2019incontro.<\/p>\n","protected":false},"excerpt":{"rendered":"","protected":false},"author":1,"featured_media":176,"comment_status":"open","ping_status":"closed","sticky":false,"template":"","format":"standard","meta":{"colormag_page_container_layout":"default_layout","colormag_page_sidebar_layout":"default_layout","footnotes":""},"categories":[6],"tags":[],"class_list":["post-178","post","type-post","status-publish","format-standard","has-post-thumbnail","hentry","category-cultura"],"_links":{"self":[{"href":"https:\/\/archiviogioia.lavocedelpaese.info\/index.php?rest_route=\/wp\/v2\/posts\/178","targetHints":{"allow":["GET"]}}],"collection":[{"href":"https:\/\/archiviogioia.lavocedelpaese.info\/index.php?rest_route=\/wp\/v2\/posts"}],"about":[{"href":"https:\/\/archiviogioia.lavocedelpaese.info\/index.php?rest_route=\/wp\/v2\/types\/post"}],"author":[{"embeddable":true,"href":"https:\/\/archiviogioia.lavocedelpaese.info\/index.php?rest_route=\/wp\/v2\/users\/1"}],"replies":[{"embeddable":true,"href":"https:\/\/archiviogioia.lavocedelpaese.info\/index.php?rest_route=%2Fwp%2Fv2%2Fcomments&post=178"}],"version-history":[{"count":0,"href":"https:\/\/archiviogioia.lavocedelpaese.info\/index.php?rest_route=\/wp\/v2\/posts\/178\/revisions"}],"wp:featuredmedia":[{"embeddable":true,"href":"https:\/\/archiviogioia.lavocedelpaese.info\/index.php?rest_route=\/wp\/v2\/media\/176"}],"wp:attachment":[{"href":"https:\/\/archiviogioia.lavocedelpaese.info\/index.php?rest_route=%2Fwp%2Fv2%2Fmedia&parent=178"}],"wp:term":[{"taxonomy":"category","embeddable":true,"href":"https:\/\/archiviogioia.lavocedelpaese.info\/index.php?rest_route=%2Fwp%2Fv2%2Fcategories&post=178"},{"taxonomy":"post_tag","embeddable":true,"href":"https:\/\/archiviogioia.lavocedelpaese.info\/index.php?rest_route=%2Fwp%2Fv2%2Ftags&post=178"}],"curies":[{"name":"wp","href":"https:\/\/api.w.org\/{rel}","templated":true}]}}