{"id":17895,"date":"2011-12-26T07:03:37","date_gmt":"2011-12-26T07:03:37","guid":{"rendered":"https:\/\/archiviogioia.lavocedelpaese.info\/?p=17895"},"modified":"2011-12-26T07:03:37","modified_gmt":"2011-12-26T07:03:37","slug":"incontri-in-pro-loco-tra-cambiamenti-climatici-e-arte-2","status":"publish","type":"post","link":"https:\/\/archiviogioia.lavocedelpaese.info\/?p=17895","title":{"rendered":"INCONTRI IN PRO LOCO TRA CAMBIAMENTI CLIMATICI E ARTE"},"content":{"rendered":"<p><img loading=\"lazy\" decoding=\"async\" class=\" size-full wp-image-17883\" style=\"margin-right: 2px; margin-left: 2px;\" alt=\"proloco-amatulli-storiapp\" src=\"https:\/\/archiviogioia.lavocedelpaese.info\/wp-content\/uploads\/2011\/12\/proloco-amatulli-storiapp.jpg\" height=\"150\" width=\"320\" srcset=\"https:\/\/archiviogioia.lavocedelpaese.info\/wp-content\/uploads\/2011\/12\/proloco-amatulli-storiapp.jpg 640w, https:\/\/archiviogioia.lavocedelpaese.info\/wp-content\/uploads\/2011\/12\/proloco-amatulli-storiapp-300x141.jpg 300w\" sizes=\"auto, (max-width: 320px) 100vw, 320px\" \/><\/p>\n<p><!--more--><\/p>\n<p style=\"text-align: justify;\"><b>Tra gli incontri proposti dalla Pro Loco<\/b> di Gioia e dal vice presidente <b>Gianfranco Amatulli<\/b> \u2013 <b>assente \u201cgiustificata\u201d <\/b>per maternit\u00e0 la presidente <b>Vittoria Procino<\/b>, da poco pi\u00f9 di un mese mamma di Matilde \u2013 <b>dominano le tematiche ambientali e sacrali<\/b>.<b><\/b><\/p>\n<p style=\"text-align: justify;\"><span style=\"text-decoration: underline;\"><b>CAMBIAMENTI CLIMATICI: TRA UNA GENERAZIONE LA PUGLIA COME LA TUNISIA<\/b><\/span><\/p>\n<p style=\"text-align: justify;\"><b><img loading=\"lazy\" decoding=\"async\" class=\" alignleft size-full wp-image-17884\" style=\"margin: 4px; float: left;\" alt=\"proloco-amatulli-slide\" src=\"https:\/\/archiviogioia.lavocedelpaese.info\/wp-content\/uploads\/2011\/12\/proloco-amatulli-slide.jpg\" height=\"224\" width=\"300\" srcset=\"https:\/\/archiviogioia.lavocedelpaese.info\/wp-content\/uploads\/2011\/12\/proloco-amatulli-slide.jpg 472w, https:\/\/archiviogioia.lavocedelpaese.info\/wp-content\/uploads\/2011\/12\/proloco-amatulli-slide-300x224.jpg 300w\" sizes=\"auto, (max-width: 300px) 100vw, 300px\" \/>Il 26 novembre nella sede dell\u2019associazione Giuseppe Amatulli<\/b> &#8211; dottore in Scienze Forestali e ricercatore da anni impegnato in progetti nei vari paesi europei ed attualmente in Inghilterra, esperto nella valutazione del rischio di incendi boschivi sulla base di parametri umani e biofisici \u2013 <b>ha conversato sui cambiamenti climatici<\/b>, presentando slide a supporto delle sue ricerche.<\/p>\n<p style=\"text-align: justify;\">\u201c<b>L\u2019aumento della temperatura influenza la distribuzione delle specie forestali ed agricole<\/b> \u2013 afferma Amatulli &#8211; alcuni governi lungimiranti hanno investito risorse nella ricerca, dando vita ad un gruppo intergovernativo sui cambiamenti climatici, un organismo scientifico incaricato di valutare il rischio del cambiamento climatico causato dalle attivit\u00e0 <img loading=\"lazy\" decoding=\"async\" class=\" alignright size-full wp-image-17885\" style=\"margin: 4px; float: right;\" alt=\"proloco-giuseppe-amatulli\" src=\"https:\/\/archiviogioia.lavocedelpaese.info\/wp-content\/uploads\/2011\/12\/proloco-giuseppe-amatulli.jpg\" height=\"224\" width=\"300\" srcset=\"https:\/\/archiviogioia.lavocedelpaese.info\/wp-content\/uploads\/2011\/12\/proloco-giuseppe-amatulli.jpg 472w, https:\/\/archiviogioia.lavocedelpaese.info\/wp-content\/uploads\/2011\/12\/proloco-giuseppe-amatulli-300x224.jpg 300w\" sizes=\"auto, (max-width: 300px) 100vw, 300px\" \/>umane e le inevitabili mutazioni demografiche, sociali, economiche, tecnologiche e ambientali.\u201d<\/p>\n<p style=\"text-align: justify;\"><b>Tra le principali cause<\/b>, l\u2019alto tasso di crescita della popolazione, il consumo di energia, l\u2019inaridimento dei suoli e tecnologie sempre meno rispettose della natura.<\/p>\n<p style=\"text-align: justify;\">\u201c<b>Tra cinquant\u2019anni la situazione climatica della Puglia sar\u00e0 simile a quella della Tunisia<\/b>, gi\u00e0 assistiamo ad un anticipo di due, tre settimane nella raccolta dei prodotti agricoli, in particolare quella dell\u2019uva. Anche il fabbisogno idrico \u00e8 diminuito, per questo occorre pianificare sia dal punto di vista agricolo che turistico una politica produttiva ed economica al passo con tali <img loading=\"lazy\" decoding=\"async\" class=\" alignleft size-full wp-image-17886\" style=\"margin: 4px; float: left;\" alt=\"proloco-amatulli-2pubblico\" src=\"https:\/\/archiviogioia.lavocedelpaese.info\/wp-content\/uploads\/2011\/12\/proloco-amatulli-2pubblico.jpg\" height=\"224\" width=\"300\" srcset=\"https:\/\/archiviogioia.lavocedelpaese.info\/wp-content\/uploads\/2011\/12\/proloco-amatulli-2pubblico.jpg 472w, https:\/\/archiviogioia.lavocedelpaese.info\/wp-content\/uploads\/2011\/12\/proloco-amatulli-2pubblico-300x224.jpg 300w\" sizes=\"auto, (max-width: 300px) 100vw, 300px\" \/>cambiamenti. <b>Ad esempio nel nord Europa, in Veneto e in Trentino<\/b> \u2013 afferma il ricercatore &#8211; <b>si stanno sperimentando nuove colture in vista dell\u2019aumento della temperatura<\/b>, cos\u00ec come si sta investendo nel Baltico per il settore turistico. La mitizzazione del clima implica un adattamento, nella natura questo si verifica da sempre, solo che oggi tutto \u00e8 accelerato dall\u2019eccessiva produzione di CO2 e dall\u2019inquinamento. Per questo sono <b>necessarie sanzioni severe e azioni politiche internazionali meno miopi<\/b>. Anche un piccolo comune pu\u00f2 e deve dare il suo contributo, magari costruendo piste ciclabili per invogliare ad usare di meno l\u2019auto\u201d.<span style=\"text-decoration: underline;\"><b><\/b><\/span><\/p>\n<p style=\"text-align: justify;\"><span style=\"text-decoration: underline;\"><b><br \/><\/b><\/span><\/p>\n<p style=\"text-align: justify;\"><span style=\"text-decoration: underline;\"><b>PINO DENTICO PROPONE &#8220;E D&#8217;IMPROVVISO TUTTE LE COSE FURONO RESPINTE AL LORO CORSO<\/b><\/span><\/p>\n<p style=\"text-align: justify;\"><b><img loading=\"lazy\" decoding=\"async\" class=\" alignright size-full wp-image-17887\" style=\"margin: 4px; float: right;\" alt=\"proloco-amatulli-padre\" src=\"https:\/\/archiviogioia.lavocedelpaese.info\/wp-content\/uploads\/2011\/12\/proloco-amatulli-padre.jpg\" height=\"200\" width=\"300\" srcset=\"https:\/\/archiviogioia.lavocedelpaese.info\/wp-content\/uploads\/2011\/12\/proloco-amatulli-padre.jpg 900w, https:\/\/archiviogioia.lavocedelpaese.info\/wp-content\/uploads\/2011\/12\/proloco-amatulli-padre-300x200.jpg 300w, https:\/\/archiviogioia.lavocedelpaese.info\/wp-content\/uploads\/2011\/12\/proloco-amatulli-padre-768x512.jpg 768w\" sizes=\"auto, (max-width: 300px) 100vw, 300px\" \/>Il 21 dicembre il tradizionale scambio degli auguri \u00e8 stato preceduto<\/b> da un incontro dedicato a riflessioni sulla nativit\u00e0 scelte <b>da Pino Dentico<\/b>, accompagnate dal violino di <b>Sandra Donvito<\/b> su brani di Rossi e Martelli e Morricone.<\/p>\n<p style=\"text-align: justify;\"><b>Alla lettura dei vangeli apocrifi<\/b>, nello specifico del protovangelo di Giacomo e dei vangeli arabi dell\u2019infanzia, l\u2019attore e scenografo <b>Marco Addati<\/b>, preparato dal segretario <strong>Augusto Angelillo<\/strong>.<\/p>\n<p style=\"text-align: justify;\"><b>Ad introdurre l\u2019argomento<\/b>, creando una atmosfera di attesa, <b>Gianfranco Amatulli<\/b> il quale ha \u201csvelato\u201d nel senso letterale del termine, una splendida icona dell\u2019800 raffigurante la nativit\u00e0, proveniente dalla Moldavia, <img loading=\"lazy\" decoding=\"async\" class=\" alignleft size-full wp-image-17888\" style=\"margin: 4px; float: left;\" alt=\"proloco-platea-pubblico\" src=\"https:\/\/archiviogioia.lavocedelpaese.info\/wp-content\/uploads\/2011\/12\/proloco-platea-pubblico.jpg\" height=\"200\" width=\"300\" srcset=\"https:\/\/archiviogioia.lavocedelpaese.info\/wp-content\/uploads\/2011\/12\/proloco-platea-pubblico.jpg 900w, https:\/\/archiviogioia.lavocedelpaese.info\/wp-content\/uploads\/2011\/12\/proloco-platea-pubblico-300x200.jpg 300w, https:\/\/archiviogioia.lavocedelpaese.info\/wp-content\/uploads\/2011\/12\/proloco-platea-pubblico-768x512.jpg 768w\" sizes=\"auto, (max-width: 300px) 100vw, 300px\" \/>prestata per l\u2019occasione da un collezionista privato.<\/p>\n<p style=\"text-align: justify;\"><b>Una disamina esaustiva sulla storia delle icone<\/b> a partire dall\u2019etimologia del termine con rimandi al greco classico &#8220;<b>\u03b5\u1f30\u03ba\u03ce\u03bd -\u03cc\u03bd\u03bf\u03c2<\/b>&#8220;, e al suo infinito perfetto traducibile in \u201cesser simile\u201d, \u201capparire\u201d, pone al centro dell\u2019attenzione la mirabile fattura dell\u2019opera su cui si intravedono segni di restauro.<\/p>\n<p style=\"text-align: justify;\"><b>L\u2019icona \u00e8 una raffigurazione sacra in auge nel 5\u00b0 secolo<\/b>, dipinta su tavole di legno di tiglio, larice o abete su cui veniva effettuato uno scavo definito \u201cscrigno\u201d o \u201carca\u201d per creare un effetto \u201ccornice\u201d. <b>La <img loading=\"lazy\" decoding=\"async\" class=\" alignright size-full wp-image-17889\" style=\"margin: 4px; float: right;\" alt=\"proloco-amatulli-spiega\" src=\"https:\/\/archiviogioia.lavocedelpaese.info\/wp-content\/uploads\/2011\/12\/proloco-amatulli-spiega.jpg\" height=\"200\" width=\"300\" srcset=\"https:\/\/archiviogioia.lavocedelpaese.info\/wp-content\/uploads\/2011\/12\/proloco-amatulli-spiega.jpg 900w, https:\/\/archiviogioia.lavocedelpaese.info\/wp-content\/uploads\/2011\/12\/proloco-amatulli-spiega-300x200.jpg 300w, https:\/\/archiviogioia.lavocedelpaese.info\/wp-content\/uploads\/2011\/12\/proloco-amatulli-spiega-768x512.jpg 768w\" sizes=\"auto, (max-width: 300px) 100vw, 300px\" \/>superficie trattata con colla di coniglio e gesso veniva poi<\/b> levigata con pelle di pesce o carta vetrata, quindi si poggiava la foglia oro, si tratteggiava il disegno, si dipingevano soggetti e paesaggi con pigmenti naturali, vegetali (terre, ocre) o minerali (metalli, lapislazzuli) finemente polverizzati ed amalgamati con tuorlo d\u2019uovo, acqua ed aceto. <b>Estrema la cura riservata ai chiaroscuri per donare profondit\u00e0 e tridimensionalit\u00e0<\/b> all\u2019opera ed infine la finitura: uno strato di olio di oliva o lino, portato ad ebollizione fino a 280\u00b0, 285\u00b0 gradi, cui venivano aggiunte polveri essiccanti e aceto di cobalto. Il miscuglio veniva quindi lasciato al sole per quaranta giorni in un recipiente di vetro ed infine steso sull\u2019icona<\/p>\n<p style=\"text-align: justify;\"><b><img loading=\"lazy\" decoding=\"async\" class=\" alignleft size-full wp-image-17890\" style=\"margin: 4px; float: left;\" alt=\"proloco-addati\" src=\"https:\/\/archiviogioia.lavocedelpaese.info\/wp-content\/uploads\/2011\/12\/proloco-addati.jpg\" height=\"200\" width=\"300\" srcset=\"https:\/\/archiviogioia.lavocedelpaese.info\/wp-content\/uploads\/2011\/12\/proloco-addati.jpg 900w, https:\/\/archiviogioia.lavocedelpaese.info\/wp-content\/uploads\/2011\/12\/proloco-addati-300x200.jpg 300w, https:\/\/archiviogioia.lavocedelpaese.info\/wp-content\/uploads\/2011\/12\/proloco-addati-768x512.jpg 768w\" sizes=\"auto, (max-width: 300px) 100vw, 300px\" \/>Con l\u2019avvento dell\u2019iconoclastia<\/b> nell\u20198\u00b0 secolo, molte opere furono distrutte.<\/p>\n<p style=\"text-align: justify;\"><b>Amatulli presenta la violinista Sandra Donvito e Marco Addati<\/b>, quindi si eclissa passando la parola a <b>Pino Dentico<\/b>.<\/p>\n<p style=\"text-align: justify;\"><b>Nel titolo dell\u2019incontro<\/b>: \u201cE d\u2019improvviso tutte le cose furono respinte nel loro corso\u201d, tratto dal protovangelo di Giacomo in riferimento ad una visione di San Giuseppe, <b>una prima chiave di lettura<\/b>.<\/p>\n<p style=\"text-align: justify;\"><b>Attraverso un breve excursus su canoni letterari<\/b> e processi \u201cdogmatici\u201d che si sostituiscono ai processi storici, <b>si esplorano altri avvincenti contesti<\/b>. <b>Scritture apocrife<\/b> che in alcuni casi si rivelano \u201c<b>best seller<\/b>\u201d <b>grondanti mistero e poesia<\/b>, con una agile e avvincente narrazione <b><img loading=\"lazy\" decoding=\"async\" class=\" alignright size-full wp-image-17891\" style=\"margin: 4px; float: right;\" alt=\"proloco-pino-dentico\" src=\"https:\/\/archiviogioia.lavocedelpaese.info\/wp-content\/uploads\/2011\/12\/proloco-pino-dentico.jpg\" height=\"200\" width=\"300\" srcset=\"https:\/\/archiviogioia.lavocedelpaese.info\/wp-content\/uploads\/2011\/12\/proloco-pino-dentico.jpg 900w, https:\/\/archiviogioia.lavocedelpaese.info\/wp-content\/uploads\/2011\/12\/proloco-pino-dentico-300x200.jpg 300w, https:\/\/archiviogioia.lavocedelpaese.info\/wp-content\/uploads\/2011\/12\/proloco-pino-dentico-768x512.jpg 768w\" sizes=\"auto, (max-width: 300px) 100vw, 300px\" \/><\/b>esplorano il tempo ed i luoghi offrendo lo spaccato di una umanit\u00e0 &#8211; nella sua accezione divina &#8211; ben diversa e a tratti verosimile rispetto di quanto riportato nei vangeli sinottici.<\/p>\n<p style=\"text-align: justify;\"><b>Suggestive le atmosfere evocate dalla voce suadente di <\/b><b>Marco Addati e dalla lettura di brani non scelti a caso<\/b>, ma \u201cpensati\u201d per stimolare &#8211; a loro volta &#8211; riflessioni profonde su Ges\u00f9 e su inediti miracoli, esaltati dalle singole note \u201crubate\u201d ad arte sulle corde del violino, lanciato a fine lettura in vorticati esecuzioni di forte impatto emotivo, coniugate alla perfezione con l\u2019eco delle parole che ancora aleggia e riverbera tra le mura.<\/p>\n<p style=\"text-align: justify;\"><b>La Madonna<\/b>, \u201cispezionata\u201d dalla le<img loading=\"lazy\" decoding=\"async\" class=\" alignleft size-full wp-image-17892\" style=\"margin: 4px; float: left;\" alt=\"proloco-platea2pubblico\" src=\"https:\/\/archiviogioia.lavocedelpaese.info\/wp-content\/uploads\/2011\/12\/proloco-platea2pubblico.jpg\" height=\"200\" width=\"300\" srcset=\"https:\/\/archiviogioia.lavocedelpaese.info\/wp-content\/uploads\/2011\/12\/proloco-platea2pubblico.jpg 900w, https:\/\/archiviogioia.lavocedelpaese.info\/wp-content\/uploads\/2011\/12\/proloco-platea2pubblico-300x200.jpg 300w, https:\/\/archiviogioia.lavocedelpaese.info\/wp-content\/uploads\/2011\/12\/proloco-platea2pubblico-768x512.jpg 768w\" sizes=\"auto, (max-width: 300px) 100vw, 300px\" \/>vatrice chiamata da Giuseppe nella grotta \u201cpervasa da una grande luce prodotta da una nube luminosa\u201d <b>risulter\u00e0 illibata e terr\u00e0 tra le braccia un roseo Ges\u00f9 Bambino<\/b>.<\/p>\n<p style=\"text-align: justify;\">Ed ancora, <b>tratto dall\u2019apocrifo \u201cVangelo arabo dell\u2019infanzia\u201d il miracolo della palma che si inchina per dissetare Maria<\/b>, in viaggio verso l\u2019Egitto e poi ritorna al suo posto e quello dell\u2019acqua raccolta dal Santo Bimbo nel mantello, dopo che l\u2019anfora si \u00e8 rotta.<\/p>\n<p style=\"text-align: justify;\"><b>Nel Vangelo dell\u2019infanzia di Tommaso il racconto dei dodici passerotti di fango<\/b> che di sabato Egli forgia e <b>a cui d\u00e0 vita lasciandoli volare<\/b> ed ancora le figurine di animali di argilla cui viene riservato uguale destino, <b>che valsero al Messia la<\/b><b><img loading=\"lazy\" decoding=\"async\" class=\" alignright size-full wp-image-17893\" style=\"margin: 4px; float: right;\" alt=\"proloco-buffet\" src=\"https:\/\/archiviogioia.lavocedelpaese.info\/wp-content\/uploads\/2011\/12\/proloco-buffet.jpg\" height=\"200\" width=\"300\" srcset=\"https:\/\/archiviogioia.lavocedelpaese.info\/wp-content\/uploads\/2011\/12\/proloco-buffet.jpg 900w, https:\/\/archiviogioia.lavocedelpaese.info\/wp-content\/uploads\/2011\/12\/proloco-buffet-300x200.jpg 300w, https:\/\/archiviogioia.lavocedelpaese.info\/wp-content\/uploads\/2011\/12\/proloco-buffet-768x512.jpg 768w\" sizes=\"auto, (max-width: 300px) 100vw, 300px\" \/><\/b><b> fama di stregone bambino<\/b>, tanto da spingere i genitori dei suoi compagni di gioco a imporre loro di stargli lontano.<\/p>\n<p style=\"text-align: justify;\"><b>Infine il maestro Zaccheo cerca di spiegar<\/b> ad un apparentemente ignavo, divino Infante <b>le prime due lettere dell&#8217;alfabeto ebraico: alef e beit<\/b>, per poi scoprire con stupore di essere al cospetto del \u201cmaestro dei maestri\u201d che tutto sa.<\/p>\n<p style=\"text-align: justify;\"><b>L\u2019incontro si chiude con un gustosissimo buffet <\/b>a base di piatti natalizi molto apprezzato dai presenti.<\/p>\n<p style=\"text-align: right;\">(Scatti fotografici a cura della redazione di GioiaNet)<\/p>\n","protected":false},"excerpt":{"rendered":"","protected":false},"author":1,"featured_media":17883,"comment_status":"open","ping_status":"closed","sticky":false,"template":"","format":"standard","meta":{"colormag_page_container_layout":"default_layout","colormag_page_sidebar_layout":"default_layout","footnotes":""},"categories":[7],"tags":[],"class_list":["post-17895","post","type-post","status-publish","format-standard","has-post-thumbnail","hentry","category-attualita"],"_links":{"self":[{"href":"https:\/\/archiviogioia.lavocedelpaese.info\/index.php?rest_route=\/wp\/v2\/posts\/17895","targetHints":{"allow":["GET"]}}],"collection":[{"href":"https:\/\/archiviogioia.lavocedelpaese.info\/index.php?rest_route=\/wp\/v2\/posts"}],"about":[{"href":"https:\/\/archiviogioia.lavocedelpaese.info\/index.php?rest_route=\/wp\/v2\/types\/post"}],"author":[{"embeddable":true,"href":"https:\/\/archiviogioia.lavocedelpaese.info\/index.php?rest_route=\/wp\/v2\/users\/1"}],"replies":[{"embeddable":true,"href":"https:\/\/archiviogioia.lavocedelpaese.info\/index.php?rest_route=%2Fwp%2Fv2%2Fcomments&post=17895"}],"version-history":[{"count":0,"href":"https:\/\/archiviogioia.lavocedelpaese.info\/index.php?rest_route=\/wp\/v2\/posts\/17895\/revisions"}],"wp:featuredmedia":[{"embeddable":true,"href":"https:\/\/archiviogioia.lavocedelpaese.info\/index.php?rest_route=\/wp\/v2\/media\/17883"}],"wp:attachment":[{"href":"https:\/\/archiviogioia.lavocedelpaese.info\/index.php?rest_route=%2Fwp%2Fv2%2Fmedia&parent=17895"}],"wp:term":[{"taxonomy":"category","embeddable":true,"href":"https:\/\/archiviogioia.lavocedelpaese.info\/index.php?rest_route=%2Fwp%2Fv2%2Fcategories&post=17895"},{"taxonomy":"post_tag","embeddable":true,"href":"https:\/\/archiviogioia.lavocedelpaese.info\/index.php?rest_route=%2Fwp%2Fv2%2Ftags&post=17895"}],"curies":[{"name":"wp","href":"https:\/\/api.w.org\/{rel}","templated":true}]}}