{"id":18138,"date":"2012-01-02T06:55:58","date_gmt":"2012-01-02T06:55:58","guid":{"rendered":"https:\/\/archiviogioia.lavocedelpaese.info\/?p=18138"},"modified":"2012-01-02T06:55:58","modified_gmt":"2012-01-02T06:55:58","slug":"mostra-presepi-un-chiostro-silenzioso-e-incustodito-foto-2","status":"publish","type":"post","link":"https:\/\/archiviogioia.lavocedelpaese.info\/?p=18138","title":{"rendered":"MOSTRA PRESEPI, UN CHIOSTRO SILENZIOSO E INCUSTODITO-foto"},"content":{"rendered":"<p><img loading=\"lazy\" decoding=\"async\" class=\" size-full wp-image-18123\" style=\"margin-right: 2px; margin-left: 2px;\" alt=\"presepi-chiostro-pp\" src=\"https:\/\/archiviogioia.lavocedelpaese.info\/wp-content\/uploads\/2012\/01\/presepi-chiostro-pp.jpg\" height=\"150\" width=\"320\" srcset=\"https:\/\/archiviogioia.lavocedelpaese.info\/wp-content\/uploads\/2012\/01\/presepi-chiostro-pp.jpg 640w, https:\/\/archiviogioia.lavocedelpaese.info\/wp-content\/uploads\/2012\/01\/presepi-chiostro-pp-300x141.jpg 300w\" sizes=\"auto, (max-width: 320px) 100vw, 320px\" \/><\/p>\n<p><!--more--><\/p>\n<p style=\"text-align: justify;\"><b><img loading=\"lazy\" decoding=\"async\" class=\" alignleft size-full wp-image-18125\" style=\"margin: 4px; float: left;\" alt=\"presepe-biferno\" src=\"https:\/\/archiviogioia.lavocedelpaese.info\/wp-content\/uploads\/2012\/01\/presepe-biferno.jpg\" height=\"224\" width=\"300\" \/>30 dicembre, ore 19\u2026 \u00e8 sera, la porta di Palazzo San Domenico \u00e8 socchiusa<\/b>. Nel chiostro buio e deserto il silenzio denso e greve \u00e8 interrotto da un canto natalizio soffuso\u2026 distante, proviene da <b>uno dei presepi<\/b>, anch\u2019esso <b>racchiuso in un surreale, mediatico contenitore<\/b>: il tubo catodico di una televisione anni \u201970, <b>originale creazione di Francesco Biferno<\/b>. Mulini, macine, scale a pioli, ponti e rocce su cui pascolano minuscole pecorelle ed altrettanto minuscoli personaggi. A fatica si scopre il luogo in cui \u00e8 arroccata la nativit\u00e0, distratti dal brulichio affaccendato <b>in una cos\u00ec insolita e minimale cornice<\/b>.<\/p>\n<p style=\"text-align: justify;\"><b><img loading=\"lazy\" decoding=\"async\" class=\" alignright size-full wp-image-18128\" style=\"margin: 4px; float: right;\" alt=\"presepi-inaugurazione-pp\" src=\"https:\/\/archiviogioia.lavocedelpaese.info\/wp-content\/uploads\/2012\/01\/presepi-inaugurazione-pp.jpg\" height=\"157\" width=\"336\" srcset=\"https:\/\/archiviogioia.lavocedelpaese.info\/wp-content\/uploads\/2012\/01\/presepi-inaugurazione-pp.jpg 640w, https:\/\/archiviogioia.lavocedelpaese.info\/wp-content\/uploads\/2012\/01\/presepi-inaugurazione-pp-300x141.jpg 300w\" sizes=\"auto, (max-width: 336px) 100vw, 336px\" \/>I clamori festosi dell\u2019inaugurazione di qualche giorno prima<\/b>, l\u2019allegra confusione ed il vocio delle scolaresche presenti, <b>un lontano ricordo di cui si \u00e8 spenta anche l\u2019eco<\/b>.<\/p>\n<p style=\"text-align: justify;\"><b>All\u2019ingresso due alberi di Natale decorati<\/b>, per coniugare le due tradizioni, <b>con messaggi stellati<\/b> tratti da scritti di Madre Teresa di Calcutta, dal Vangelo,<b><img loading=\"lazy\" decoding=\"async\" class=\" alignleft size-full wp-image-18129\" style=\"margin: 4px; float: left;\" alt=\"presepe-centro-ascolto\" src=\"https:\/\/archiviogioia.lavocedelpaese.info\/wp-content\/uploads\/2012\/01\/presepe-centro-ascolto.jpg\" height=\"224\" width=\"300\" srcset=\"https:\/\/archiviogioia.lavocedelpaese.info\/wp-content\/uploads\/2012\/01\/presepe-centro-ascolto.jpg 472w, https:\/\/archiviogioia.lavocedelpaese.info\/wp-content\/uploads\/2012\/01\/presepe-centro-ascolto-300x224.jpg 300w\" sizes=\"auto, (max-width: 300px) 100vw, 300px\" \/><\/b> aforismi di autori famosi e riflessioni attestanti fede e amore.<\/p>\n<p style=\"text-align: justify;\"><b>Gioia soccorso ha affidato ad un geometrico percorso di luci<\/b> \u2013 <b>lampioni<\/b> tra neve farinosa e sabbia il compito di illuminare un presepe suggestivo e curato nei dettagli, dalle casupole in cartapesta alle tende di tela bianca, lussureggiante di vegetazione su pi\u00f9 livelli.<\/p>\n<p style=\"text-align: justify;\"><b>Per il Centro di Ascolto \u201cDal silenzio alla parola\u201d la nativit\u00e0 \u00e8 vissuta<\/b> <b>nel contesto sociale<\/b> <b>in cui ope<\/b><b><img loading=\"lazy\" decoding=\"async\" class=\" alignright size-full wp-image-18130\" style=\"margin: 4px; float: right;\" alt=\"presepe-corpo-forestale\" src=\"https:\/\/archiviogioia.lavocedelpaese.info\/wp-content\/uploads\/2012\/01\/presepe-corpo-forestale.jpg\" height=\"267\" width=\"200\" srcset=\"https:\/\/archiviogioia.lavocedelpaese.info\/wp-content\/uploads\/2012\/01\/presepe-corpo-forestale.jpg 353w, https:\/\/archiviogioia.lavocedelpaese.info\/wp-content\/uploads\/2012\/01\/presepe-corpo-forestale-224x300.jpg 224w\" sizes=\"auto, (max-width: 200px) 100vw, 200px\" \/><\/b><b>ra<\/b>. Non pastorelli, artigiani e pecorelle, ma <b>operatori che distribuiscono cibo e pa<\/b><b>n<\/b><b>e<\/b> per i poveri, che \u201cvestono la dignit\u00e0\u201d, che <b>assistono gli ammalati di Alzheimer<\/b>, che <b>servono nella mensa dei poveri<\/b> ed offrono un tetto a chi non l\u2019ha. Casupole di carta \u2013 tante quanti i luoghi \u201cabitati\u201d dal centro \u2013 hanno interni arredati con cura. <b>Qua e l\u00e0 messaggi disseminati sulla paglia<\/b> e al centro una nativit\u00e0 che domina per dimensioni e semplicit\u00e0.<\/p>\n<p style=\"text-align: justify;\"><b>Per il Corpo Forestale dello Stato una piccola grotta sovrastata da un albero<\/b> che la natura ha addobbato di bacche rosse, protetta da colonne di fieno, sullo sfondo un suggestivo tricolore in velo.<\/p>\n<p style=\"text-align: justify;\"><b>Particolarmente originale e raffinato <\/b>nella disposizione dei soggetti e delle piante, <b>il presepe allestito dalla Polizia Municipale<\/b>, cui va il plauso ed un virtuale premio della critica, davvero mol<img loading=\"lazy\" decoding=\"async\" class=\" alignleft size-full wp-image-18131\" style=\"margin: 4px; float: left;\" alt=\"presepe-vigili-urbani\" src=\"https:\/\/archiviogioia.lavocedelpaese.info\/wp-content\/uploads\/2012\/01\/presepe-vigili-urbani.jpg\" height=\"224\" width=\"300\" \/>to bello!<\/p>\n<p style=\"text-align: justify;\"><b>Uno sterminato deserto\u2026 domina il beige in tutto, anche nel cielo<\/b>, interrotto da un drappo blu, dal verde di piante grasse, alternato ad erbe e ramoscelli secchi disposti con cura e dai colori delle statue. <b>Tocco di classe, la pietra \u201crosa del deserto\u201d<\/b> e Ges\u00f9 adagiato su un prezioso ricamo in chiacchierino, suggestiva anche la scelta delle luci dorate, disseminate ad arte.<\/p>\n<p style=\"text-align: justify;\"><b>Decisamente imponente per mole e spazio occupato, il presepe del Comitato Festa Patronale<\/b> capeggiato da un San Filippo in preghiera con lo sguardo perso verso tanta magnificen<img loading=\"lazy\" decoding=\"async\" class=\" alignright size-full wp-image-18132\" style=\"margin: 4px; float: right;\" alt=\"presepe-carabinieri\" src=\"https:\/\/archiviogioia.lavocedelpaese.info\/wp-content\/uploads\/2012\/01\/presepe-carabinieri.jpg\" height=\"224\" width=\"300\" srcset=\"https:\/\/archiviogioia.lavocedelpaese.info\/wp-content\/uploads\/2012\/01\/presepe-carabinieri.jpg 472w, https:\/\/archiviogioia.lavocedelpaese.info\/wp-content\/uploads\/2012\/01\/presepe-carabinieri-300x224.jpg 300w\" sizes=\"auto, (max-width: 300px) 100vw, 300px\" \/>za.<\/p>\n<p style=\"text-align: justify;\"><b>Pi\u00f9 che un presepe <\/b><b>un villaggio<\/b> colmo di arredi e oggetti in miniatura, con anfore, forno, pane, pozzi con secchielli e catene in alluminio, ponti, scale e pastorelli in riposo sotto gli alberi, ochette, pecorelle\u2026 anche in questo contesto la nativit\u00e0 appare smarrita fra tante presenze.<\/p>\n<p style=\"text-align: justify;\"><b>Roccia, pietra e case colorate stile naif per il presepe dell\u2019Associazione Nazionale Carabinieri<\/b>. Domina la grotta \u201changar\u201d ricoperta di muschio sotto cui si intravede il supporto in rete metallica. Ges\u00f9 \u00e8 poggiato su bianco tulle, un corteo festante di gente gli rende on<b><img loading=\"lazy\" decoding=\"async\" class=\" alignleft size-full wp-image-18133\" style=\"margin: 4px; float: left;\" alt=\"presepe-ass.-aeronautica\" src=\"https:\/\/archiviogioia.lavocedelpaese.info\/wp-content\/uploads\/2012\/01\/presepe-ass.-aeronautica.jpg\" height=\"224\" width=\"300\" srcset=\"https:\/\/archiviogioia.lavocedelpaese.info\/wp-content\/uploads\/2012\/01\/presepe-ass.-aeronautica.jpg 472w, https:\/\/archiviogioia.lavocedelpaese.info\/wp-content\/uploads\/2012\/01\/presepe-ass.-aeronautica-300x224.jpg 300w\" sizes=\"auto, (max-width: 300px) 100vw, 300px\" \/><\/b>ore. Nel cielo di raso blu si \u00e8 persa la cometa.<\/p>\n<p style=\"text-align: justify;\"><b>Per l\u2019Associazione Arma Aeronautica un presepe futuristico<\/b>, nel cielo un planetario, sulla Terra alieni verdi, astronauti, navicelle spaziali e persino un ufo. Unica nota reale in una cos\u00ec surreale rappresentazione, la nativit\u00e0 sotto tegole di ardesia.<\/p>\n<p style=\"text-align: justify;\"><b>Il presepe della Losapio<\/b>, con originali statuine in creta lavorate e dipinte a mano, <b>si presenta colorato, allegro, \u201cpensato\u201d con ingenua freschezza<\/b>, cos\u00ec come il fiume in carta alluminio e la sterrata di bianchi sassolini tra muschi<b><img loading=\"lazy\" decoding=\"async\" class=\" alignright size-full wp-image-18134\" style=\"margin: 4px; float: right;\" alt=\"presepe-SF-Neri\" src=\"https:\/\/archiviogioia.lavocedelpaese.info\/wp-content\/uploads\/2012\/01\/presepe-SF-Neri.jpg\" height=\"224\" width=\"300\" srcset=\"https:\/\/archiviogioia.lavocedelpaese.info\/wp-content\/uploads\/2012\/01\/presepe-SF-Neri.jpg 472w, https:\/\/archiviogioia.lavocedelpaese.info\/wp-content\/uploads\/2012\/01\/presepe-SF-Neri-300x224.jpg 300w\" sizes=\"auto, (max-width: 300px) 100vw, 300px\" \/><\/b>o e paglia.<\/p>\n<p style=\"text-align: justify;\"><b>Ed ancora il presepe in carta e foto delle prime classi della San Filippo Neri<\/b> in \u201ccontinuit\u00e0\u201d con la scuola d\u2019Infanzia del II Circolo e dell\u2019Immacolata. Una miriade di angioletti di carta rosa, verdi, gialli e celesti, con aureole di porporina dorata e visini sorridenti ritagliati da foto, mani giunte per i pi\u00f9 piccini, per i \u201cgrandi\u201d parole importanti scritte con grafia incerta: pace, solidariet\u00e0, amicizia, umilt\u00e0, speranza\u2026<\/p>\n<p style=\"text-align: justify;\"><b>Ges\u00f9 Bambino e la sua Mamma, San Giuseppe<\/b>, il bue e l\u2019asinello in fogli di carta disegnati&nbsp;<b> restano in estasiato ascolto del coro angelico<\/b>.<b><img loading=\"lazy\" decoding=\"async\" class=\" alignleft size-full wp-image-18135\" style=\"margin: 4px; float: left;\" alt=\"presepe-petali\" src=\"https:\/\/archiviogioia.lavocedelpaese.info\/wp-content\/uploads\/2012\/01\/presepe-petali.jpg\" height=\"267\" width=\"200\" srcset=\"https:\/\/archiviogioia.lavocedelpaese.info\/wp-content\/uploads\/2012\/01\/presepe-petali.jpg 353w, https:\/\/archiviogioia.lavocedelpaese.info\/wp-content\/uploads\/2012\/01\/presepe-petali-224x300.jpg 224w\" sizes=\"auto, (max-width: 200px) 100vw, 200px\" \/><\/b><\/p>\n<p style=\"text-align: justify;\"><b>\u201cPetali di Pietra\u201d ha allestito un presepe \u2013 tempio molto ad effetto<\/b>, tra colonne in stile romano \u2013 greco scolpite con cura e poste su costruzioni in pietra chiara sovrastate da una stella, anch\u2019essa in pietra. <b>La nativit\u00e0 \u2013 un dipinto in decoupage<\/b> &#8211; appare a suo agio incorniciata da un cos\u00ec importante e artistico supporto storico.<\/p>\n<p style=\"text-align: justify;\"><b>Il presepe di Domenico Maurizio<\/b> con fanciullesco entusiasmo <b>ricorda che \u201cda duemila anni non si vede una notizia pi\u00f9 interessante di questa\u201d<\/b> mentre <b>quello della Croce Rossa<\/b>, complice una falce di luna rossa di orientale rimando, <b>si presenta fastoso e sontuoso nel suo oro e bianco<\/b>, con drappi di seta candida per cielo e <b>grappoli di stelle cadenti<\/b>, raso per ricordare la coltre di neve, arabeschi dorati, cuscini, <b>abeti e persino steccati di oro<\/b>. <b>Un\u2019opulenza che si confronta, (o scontra?) con <img loading=\"lazy\" decoding=\"async\" class=\" alignright size-full wp-image-18136\" style=\"margin: 4px; float: right;\" alt=\"presepi-chiostro-vuoto\" src=\"https:\/\/archiviogioia.lavocedelpaese.info\/wp-content\/uploads\/2012\/01\/presepi-chiostro-vuoto.jpg\" height=\"175\" width=\"300\" srcset=\"https:\/\/archiviogioia.lavocedelpaese.info\/wp-content\/uploads\/2012\/01\/presepi-chiostro-vuoto.jpg 472w, https:\/\/archiviogioia.lavocedelpaese.info\/wp-content\/uploads\/2012\/01\/presepi-chiostro-vuoto-300x175.jpg 300w\" sizes=\"auto, (max-width: 300px) 100vw, 300px\" \/>l\u2019immagine della povera grotta<\/b> in cui il Figlio di Dio scelse di nascere.<\/p>\n<p style=\"text-align: justify;\"><b>Il canto proveniente dalla televisione<\/b>, al pari di un carillon, <b>continua a ricordare che \u00e8 Natale<\/b>, <b>ma nessuno pare accorgersene, nel surreale ed incustodito silenzio del chiostro<\/b>.&nbsp;<\/p>\n<p>Scatti fotografici a cura della Redazione di GioiaNet con la collaborazione di <strong>Mario Di Giuseppe<\/strong>. <object type=\"application\/x-shockwave-flash\" width=\"660\" height=\"660\" flashvars=\"host=picasaweb.google.com&amp;hl=it&amp;feat=flashalbum&amp;RGB=0x000000&amp;feed=https:\/\/picasaweb.google.com\/data\/feed\/api\/user\/104626251937098962566\/albumid\/5692850964178986769?alt=rss&amp;kind=photo&amp;authkey=Gv1sRgCJzRnvL20rur8gE&amp;hl=it\" pluginspage=\"http:\/\/www.macromedia.com\/go\/getflashplayer\" data=\"https:\/\/picasaweb.google.com\/s\/c\/bin\/slideshow.swf\"><param name=\"movie\" value=\"https:\/\/picasaweb.google.com\/s\/c\/bin\/slideshow.swf\" \/><\/object><\/p>\n","protected":false},"excerpt":{"rendered":"","protected":false},"author":1,"featured_media":18123,"comment_status":"open","ping_status":"closed","sticky":false,"template":"","format":"standard","meta":{"colormag_page_container_layout":"default_layout","colormag_page_sidebar_layout":"default_layout","footnotes":""},"categories":[7],"tags":[],"class_list":["post-18138","post","type-post","status-publish","format-standard","has-post-thumbnail","hentry","category-attualita"],"_links":{"self":[{"href":"https:\/\/archiviogioia.lavocedelpaese.info\/index.php?rest_route=\/wp\/v2\/posts\/18138","targetHints":{"allow":["GET"]}}],"collection":[{"href":"https:\/\/archiviogioia.lavocedelpaese.info\/index.php?rest_route=\/wp\/v2\/posts"}],"about":[{"href":"https:\/\/archiviogioia.lavocedelpaese.info\/index.php?rest_route=\/wp\/v2\/types\/post"}],"author":[{"embeddable":true,"href":"https:\/\/archiviogioia.lavocedelpaese.info\/index.php?rest_route=\/wp\/v2\/users\/1"}],"replies":[{"embeddable":true,"href":"https:\/\/archiviogioia.lavocedelpaese.info\/index.php?rest_route=%2Fwp%2Fv2%2Fcomments&post=18138"}],"version-history":[{"count":0,"href":"https:\/\/archiviogioia.lavocedelpaese.info\/index.php?rest_route=\/wp\/v2\/posts\/18138\/revisions"}],"wp:featuredmedia":[{"embeddable":true,"href":"https:\/\/archiviogioia.lavocedelpaese.info\/index.php?rest_route=\/wp\/v2\/media\/18123"}],"wp:attachment":[{"href":"https:\/\/archiviogioia.lavocedelpaese.info\/index.php?rest_route=%2Fwp%2Fv2%2Fmedia&parent=18138"}],"wp:term":[{"taxonomy":"category","embeddable":true,"href":"https:\/\/archiviogioia.lavocedelpaese.info\/index.php?rest_route=%2Fwp%2Fv2%2Fcategories&post=18138"},{"taxonomy":"post_tag","embeddable":true,"href":"https:\/\/archiviogioia.lavocedelpaese.info\/index.php?rest_route=%2Fwp%2Fv2%2Ftags&post=18138"}],"curies":[{"name":"wp","href":"https:\/\/api.w.org\/{rel}","templated":true}]}}