{"id":18200,"date":"2012-01-04T06:23:30","date_gmt":"2012-01-04T06:23:30","guid":{"rendered":"https:\/\/archiviogioia.lavocedelpaese.info\/?p=18200"},"modified":"2012-01-04T06:23:30","modified_gmt":"2012-01-04T06:23:30","slug":"riprendono-i-campionati-giovanili-team-volley-joya","status":"publish","type":"post","link":"https:\/\/archiviogioia.lavocedelpaese.info\/?p=18200","title":{"rendered":"RIPRENDONO I CAMPIONATI GIOVANILI TEAM VOLLEY J\u00d3YA"},"content":{"rendered":"<p><img loading=\"lazy\" decoding=\"async\" class=\" size-full wp-image-18194\" style=\"margin-right: 2px; margin-left: 2px;\" alt=\"under-16-feminile-pp2011 12\" src=\"https:\/\/archiviogioia.lavocedelpaese.info\/wp-content\/uploads\/2012\/01\/under-16-feminile-pp2011_12.jpg\" height=\"150\" width=\"320\" srcset=\"https:\/\/archiviogioia.lavocedelpaese.info\/wp-content\/uploads\/2012\/01\/under-16-feminile-pp2011_12.jpg 640w, https:\/\/archiviogioia.lavocedelpaese.info\/wp-content\/uploads\/2012\/01\/under-16-feminile-pp2011_12-300x141.jpg 300w\" sizes=\"auto, (max-width: 320px) 100vw, 320px\" \/><\/p>\n<p><!--more--><\/p>\n<p style=\"text-align: justify;\"><b><img loading=\"lazy\" decoding=\"async\" class=\" alignleft size-full wp-image-18196\" style=\"margin: 4px; float: left;\" alt=\"pullmino2\" src=\"https:\/\/archiviogioia.lavocedelpaese.info\/wp-content\/uploads\/2012\/01\/pullmino2.JPG\" height=\"146\" width=\"300\" srcset=\"https:\/\/archiviogioia.lavocedelpaese.info\/wp-content\/uploads\/2012\/01\/pullmino2.JPG 1184w, https:\/\/archiviogioia.lavocedelpaese.info\/wp-content\/uploads\/2012\/01\/pullmino2-300x146.jpg 300w, https:\/\/archiviogioia.lavocedelpaese.info\/wp-content\/uploads\/2012\/01\/pullmino2-1024x500.jpg 1024w, https:\/\/archiviogioia.lavocedelpaese.info\/wp-content\/uploads\/2012\/01\/pullmino2-768x375.jpg 768w\" sizes=\"auto, (max-width: 300px) 100vw, 300px\" \/>Vacanze definitivamente finite per le squadre biancorosse<\/b>, tutte pronte a riprendere o a cominciare i propri campionati in questo mese di gennaio. <b>Festivit\u00e0 pi\u00f9 brevi per le ragazze di Under 16 Femminile<\/b>, che nell\u2019ultima settimana di dicembre sono state <b>impegnate a Citt\u00e0 di Castello per la XXXV edizione del Memorial \u201cFrancesca Fabbri\u201d<\/b>, conquistando il nono posto nella loro categoria.<\/p>\n<p style=\"text-align: justify;\"><b>Quattro giorni di gare e confronti con le coetanee di tutta la Penisola<\/b>, in cui la nostra Academy ha disputato <b>cinque gare centrando due successi<\/b> e tre sconfitte. I ko sono giunti tutti nella fase eliminatoria, in cui il Team Volley J\u00f2ya, presentatosi con quattro atlete della selezione di Under 14, \u00e8 stato inserito <b>in un girone di ferro<\/b> e si \u00e8 dovuto arrendere <img loading=\"lazy\" decoding=\"async\" class=\" alignright size-full wp-image-18068\" style=\"margin: 4px; float: right;\" alt=\"Castello093 JPG\" src=\"https:\/\/archiviogioia.lavocedelpaese.info\/wp-content\/uploads\/2011\/12\/Castello093_JPG.jpg\" height=\"225\" width=\"300\" srcset=\"https:\/\/archiviogioia.lavocedelpaese.info\/wp-content\/uploads\/2011\/12\/Castello093_JPG.jpg 400w, https:\/\/archiviogioia.lavocedelpaese.info\/wp-content\/uploads\/2011\/12\/Castello093_JPG-300x225.jpg 300w\" sizes=\"auto, (max-width: 300px) 100vw, 300px\" \/>all\u2019esperienza delle avversarie di Arezzo, Mogliano Veneto e Corinaldo. Poi nella fase finale il grande riscatto, con due nette vittorie su Robbiate e le padrone di casa del Citt\u00e0 di Castello che rendono ancor pi\u00f9 dolce il sapore di questa comunque indimenticabile esperienza. Ce ne ha parlato il coach delle ragazze, Aldo Spicolo, principale fautore della spedizione in terra umbra.<\/p>\n<p style=\"text-align: justify;\">\u201c<i>Sono state delle giornate davvero fantastiche, che di certo segneranno a lungo le mie speciali ragazze. Dal punto di vista agonistico siamo riusciti a fare progressi e a crescere gara dopo gara, nonostante non fossimo al completo e avessimo in squadra anche delle dodicenni. Dopo un iniziale spaesamento le ragazze hanno ripreso a giocare come piace a me, con la testa e con la tecnica.<\/i><\/p>\n<p style=\"text-align: justify;\"><i>Personalmente \u00e8 stato fantastico imporsi cos\u00ec nettamente sulla squadra padrona di casa, non abbiamo sbagliato nulla e mi sono goduto la partita comodamente seduto in partita, non avevo <img loading=\"lazy\" decoding=\"async\" class=\" alignleft size-full wp-image-18069\" style=\"margin: 4px; float: left;\" alt=\"Castello086 JPG\" src=\"https:\/\/archiviogioia.lavocedelpaese.info\/wp-content\/uploads\/2011\/12\/Castello086_JPG.jpg\" height=\"225\" width=\"300\" srcset=\"https:\/\/archiviogioia.lavocedelpaese.info\/wp-content\/uploads\/2011\/12\/Castello086_JPG.jpg 400w, https:\/\/archiviogioia.lavocedelpaese.info\/wp-content\/uploads\/2011\/12\/Castello086_JPG-300x225.jpg 300w\" sizes=\"auto, (max-width: 300px) 100vw, 300px\" \/>motivo di intervenire. Se a questo aggiungiamo l\u2019esperienza di gruppo e la capacit\u00e0 delle ragazze di stare insieme e muoversi come un vero collettivo, educato e coeso, allora non posso che sentirmi fiero di loro e di quanto abbiam fatto.<\/i><\/p>\n<p style=\"text-align: justify;\"><i>\u00c8 stata un\u2019autentica festa, con tanti momenti belli, dalle vittorie in campo al karaoke di \u201cAlba Chiara\u201d che le ragazze hanno scelto come loro inno, dal viaggio in pullman tutte assieme alle notti in albergo; tuttavia mi auguro che la partecipazione al torneo in Umbria possa essere in primis un tassello importante nella loro formazione di atlete e di donne.<\/i><\/p>\n<p style=\"text-align: justify;\"><i>Colgo l\u2019occasione per ringraziare gli esponenti della societ\u00e0 che ci hanno accompagnato, i genitori delle ragazze che ci hanno dato cos\u00ec tanta fiducia e anche mia moglie, splendido riferimento per le ragazze stesse in quei giorni almeno quanto lo \u00e8 per me<\/i>\u201d.<\/p>\n<p style=\"text-align: justify;\"><b>Ora si torna alla quotidianit\u00e0<\/b>, un mese che vedr\u00e0 il passaggio di consegne tra i campionati di <b>Under 16 e Under 14<\/b>.<\/p>\n<p style=\"text-align: justify;\">\u201c<i>Abbiamo ripreso ad allenarci con rinnovato vigore. Con le ragazze di Under 16 vogliamo a tutti i costi vincere le due partite che ci restano, per mantenere<\/i><b><img loading=\"lazy\" decoding=\"async\" class=\" alignright size-full wp-image-18198\" style=\"margin: 4px; float: right;\" alt=\"under-16-femminile2011 10 1\" src=\"https:\/\/archiviogioia.lavocedelpaese.info\/wp-content\/uploads\/2012\/01\/under-16-femminile2011_10_1.jpg\" height=\"205\" width=\"300\" srcset=\"https:\/\/archiviogioia.lavocedelpaese.info\/wp-content\/uploads\/2012\/01\/under-16-femminile2011_10_1.jpg 472w, https:\/\/archiviogioia.lavocedelpaese.info\/wp-content\/uploads\/2012\/01\/under-16-femminile2011_10_1-300x205.jpg 300w\" sizes=\"auto, (max-width: 300px) 100vw, 300px\" \/><\/b><i> quel quarto posto che tanto valore ha per noi, visto che siamo partiti dal penultimo posto dell\u2019anno passato. Poi a fine mese sar\u00e0 la volta di quelle di Under 14.<\/i><\/p>\n<p style=\"text-align: justify;\"><i>Abbiamo quasi trenta tesserate e per consentire a tutte di trovare spazio abbiamo iscritto due <\/i><i>squadre; una sar\u00e0 composta dal gruppo che gi\u00e0 la passata stagione ha mosso i primi passi nei tornei provinciali e che ritengo abbia le potenzialit\u00e0 per puntare alla seconda pool, mentre la seconda raggrupper\u00e0 tutte le nuove arrivate. Gli allenamenti saranno svolti sempre insieme, mente per le gare mi avvarr\u00f2 della preziosa presenza del mio collaboratore Leonardo Bianco. Sar\u00e0 un\u2019altra grande avventura e siamo certi che le ragazze continueranno sulla strada dei progressi e della formazione intrapresa finora<\/i>\u201d.<\/p>\n<p>&nbsp;<\/p>\n<p style=\"margin: 0cm 0cm 0.0001pt; text-align: justify;\"><b>Nella sezione \u201cClassifica e Risultati<\/b> \u2013 Campionati Provinciali\u201d di <a href=\"http:\/\/www.teamvolleyjoya.it\/\"><span style=\"text-decoration: none;\">www.teamvolleyjoya.it<\/span><\/a> \u00e8 <b>possibile consultare il calendario completo<\/b> delle selezioni biancorosse di Under 14 Femminile e Maschile.<\/p>\n<p style=\"margin: 0cm 0cm 0.0001pt; text-align: right;\">(<b>Giuseppe Leronni<\/b> &#8211; Ufficio Stampa Team Volley J\u00f2ya)<\/p>\n","protected":false},"excerpt":{"rendered":"","protected":false},"author":1,"featured_media":18194,"comment_status":"open","ping_status":"closed","sticky":false,"template":"","format":"standard","meta":{"colormag_page_container_layout":"default_layout","colormag_page_sidebar_layout":"default_layout","footnotes":""},"categories":[5],"tags":[],"class_list":["post-18200","post","type-post","status-publish","format-standard","has-post-thumbnail","hentry","category-sport"],"_links":{"self":[{"href":"https:\/\/archiviogioia.lavocedelpaese.info\/index.php?rest_route=\/wp\/v2\/posts\/18200","targetHints":{"allow":["GET"]}}],"collection":[{"href":"https:\/\/archiviogioia.lavocedelpaese.info\/index.php?rest_route=\/wp\/v2\/posts"}],"about":[{"href":"https:\/\/archiviogioia.lavocedelpaese.info\/index.php?rest_route=\/wp\/v2\/types\/post"}],"author":[{"embeddable":true,"href":"https:\/\/archiviogioia.lavocedelpaese.info\/index.php?rest_route=\/wp\/v2\/users\/1"}],"replies":[{"embeddable":true,"href":"https:\/\/archiviogioia.lavocedelpaese.info\/index.php?rest_route=%2Fwp%2Fv2%2Fcomments&post=18200"}],"version-history":[{"count":0,"href":"https:\/\/archiviogioia.lavocedelpaese.info\/index.php?rest_route=\/wp\/v2\/posts\/18200\/revisions"}],"wp:featuredmedia":[{"embeddable":true,"href":"https:\/\/archiviogioia.lavocedelpaese.info\/index.php?rest_route=\/wp\/v2\/media\/18194"}],"wp:attachment":[{"href":"https:\/\/archiviogioia.lavocedelpaese.info\/index.php?rest_route=%2Fwp%2Fv2%2Fmedia&parent=18200"}],"wp:term":[{"taxonomy":"category","embeddable":true,"href":"https:\/\/archiviogioia.lavocedelpaese.info\/index.php?rest_route=%2Fwp%2Fv2%2Fcategories&post=18200"},{"taxonomy":"post_tag","embeddable":true,"href":"https:\/\/archiviogioia.lavocedelpaese.info\/index.php?rest_route=%2Fwp%2Fv2%2Ftags&post=18200"}],"curies":[{"name":"wp","href":"https:\/\/api.w.org\/{rel}","templated":true}]}}