{"id":18831,"date":"2012-01-22T08:00:04","date_gmt":"2012-01-22T08:00:04","guid":{"rendered":"https:\/\/archiviogioia.lavocedelpaese.info\/?p=18831"},"modified":"2012-01-22T08:00:04","modified_gmt":"2012-01-22T08:00:04","slug":"no-petrolio-day-proteste-anche-contro-i-partiti-foto-2","status":"publish","type":"post","link":"https:\/\/archiviogioia.lavocedelpaese.info\/?p=18831","title":{"rendered":"NO PETROLIO DAY: PROTESTE ANCHE CONTRO I PARTITI-foto"},"content":{"rendered":"<p><img loading=\"lazy\" decoding=\"async\" class=\" size-full wp-image-18818\" style=\"margin-right: 2px; margin-left: 2px;\" alt=\"romani manifest 21-01- 2012\" src=\"https:\/\/archiviogioia.lavocedelpaese.info\/wp-content\/uploads\/2012\/01\/romani_manifest_21-01-_2012.JPG\" height=\"150\" width=\"320\" srcset=\"https:\/\/archiviogioia.lavocedelpaese.info\/wp-content\/uploads\/2012\/01\/romani_manifest_21-01-_2012.JPG 640w, https:\/\/archiviogioia.lavocedelpaese.info\/wp-content\/uploads\/2012\/01\/romani_manifest_21-01-_2012-300x141.jpg 300w\" sizes=\"auto, (max-width: 320px) 100vw, 320px\" \/><\/p>\n<p><!--more--><\/p>\n<p style=\"text-align: justify;\"><strong><img loading=\"lazy\" decoding=\"async\" class=\" alignleft size-full wp-image-18819\" style=\"margin: 4px; float: left;\" alt=\"cartello silvestris contro politici\" src=\"https:\/\/archiviogioia.lavocedelpaese.info\/wp-content\/uploads\/2012\/01\/cartello_silvestris_contro_politici.JPG\" height=\"246\" width=\"300\" srcset=\"https:\/\/archiviogioia.lavocedelpaese.info\/wp-content\/uploads\/2012\/01\/cartello_silvestris_contro_politici.JPG 576w, https:\/\/archiviogioia.lavocedelpaese.info\/wp-content\/uploads\/2012\/01\/cartello_silvestris_contro_politici-300x246.jpg 300w\" sizes=\"auto, (max-width: 300px) 100vw, 300px\" \/>Il NO PETROLIO DAY si \u00e8 trasformato nel NO NICHI DAY<\/strong>: cori contro il Governatore della Regione Puglia <strong>da parte del &#8220;Partito dei Comunisti Proletari&#8221;<\/strong>, impegnati a ricordare al poeta le scottanti e irrisolte situazioni ambientali di Taranto (ILVA) e Brindisi (centrale carbone).<\/p>\n<p style=\"text-align: justify;\"><strong>Proteste anche dal personale del San Giacomo<\/strong> escluso dal processo di internalizzazione, ignorato dal Governatore.<\/p>\n<p style=\"text-align: justify;\"><strong>Pi\u00f9 in generale si sono levati cori contro i partiti politici di destra e sinistra<\/strong>, con tanto di cartello. Tra i presenti alla manifestazione anche <strong>rappresentanti gioiesi del<\/strong> <strong>WWF e dell&#8217;Arci.<\/strong><\/p>\n<p style=\"text-align: justify;\"><strong><img loading=\"lazy\" decoding=\"async\" class=\" alignright size-full wp-image-18820\" style=\"margin: 4px; float: right;\" alt=\"petrolio day corteo 3\" src=\"https:\/\/archiviogioia.lavocedelpaese.info\/wp-content\/uploads\/2012\/01\/petrolio_day_corteo_3.JPG\" height=\"199\" width=\"300\" srcset=\"https:\/\/archiviogioia.lavocedelpaese.info\/wp-content\/uploads\/2012\/01\/petrolio_day_corteo_3.JPG 640w, https:\/\/archiviogioia.lavocedelpaese.info\/wp-content\/uploads\/2012\/01\/petrolio_day_corteo_3-300x199.jpg 300w\" sizes=\"auto, (max-width: 300px) 100vw, 300px\" \/>Da una prima stima il corteo avrebbe contato circa 10.000 presenze<\/strong>, diverse le associazioni ambientaliste e non, presenti in piazza.<\/p>\n<p style=\"text-align: justify;\"><strong>Ha aperto il corteo il Governatore Nichi Vendola che ricordando gli eventi<\/strong> accaduti in Parlamento &#8211; <strong>ritirata riforma su &#8220;liberalizzazioni trivellazioni&#8221;<\/strong>&#8211; ha incoraggiato a non abbandonare la battaglia per l&#8217;alternativa energetica.<\/p>\n<p style=\"text-align: justify;\"><strong>Non sono mancati gli imprevisti<\/strong>: <strong>I Giovani Democratici a bordo di un furgone IVECO<\/strong> seguivano la manifestazione, decorati <img loading=\"lazy\" decoding=\"async\" class=\" alignleft size-full wp-image-18821\" style=\"margin: 4px; float: left;\" alt=\"petrolio corteo carro pd bloccato\" src=\"https:\/\/archiviogioia.lavocedelpaese.info\/wp-content\/uploads\/2012\/01\/petrolio_corteo_carro_pd_bloccato.JPG\" height=\"200\" width=\"300\" srcset=\"https:\/\/archiviogioia.lavocedelpaese.info\/wp-content\/uploads\/2012\/01\/petrolio_corteo_carro_pd_bloccato.JPG 640w, https:\/\/archiviogioia.lavocedelpaese.info\/wp-content\/uploads\/2012\/01\/petrolio_corteo_carro_pd_bloccato-300x200.jpg 300w\" sizes=\"auto, (max-width: 300px) 100vw, 300px\" \/>con palloncini gialli. Non avevano tuttavia ben calcolato (oltre allo spreco di petrolio) le dimesioni proibitive del mezzo che <strong>si \u00e8 incastrato tra le stradine del centro storico<\/strong>.<\/p>\n<p style=\"text-align: justify;\"><strong>I LETTORI CI SCUSERANNO SE<\/strong> NON RIPORTEREMO LE VARIE DICHIARAZIONI DEI POLITICI PRESENTI, MA <strong>CI LIMITEREMO A RIPORTARE SOLTANTO QUESTA LETTERA<\/strong> <strong>INDIRIZZATA<\/strong> &#8220;<strong>AGLI UOMINI DELLA POLITICA E DELLE ISTITUZIONI<\/strong>&#8221; ESPRESSIONE DELLA SOCIET\u00c1 CIVILE, <strong>SCRITTA DAL &#8220;COMITATO PROVVISORIO 21 GENNAIO 2012&#8221;<\/strong>.<\/p>\n<p style=\"text-align: center;\">&#8212;&#8212;&#8212;&#8212;&#8212;&#8212;&#8212;&#8212;&#8212;&#8212;&#8212;&#8212;&#8212;&#8212;&#8212;&#8212;&#8212;&#8212;-<\/p>\n<p style=\"text-align: justify;\"><img loading=\"lazy\" decoding=\"async\" class=\" alignright size-full wp-image-18822\" style=\"margin: 4px; float: right;\" alt=\"petrolio day comitato\" src=\"https:\/\/archiviogioia.lavocedelpaese.info\/wp-content\/uploads\/2012\/01\/petrolio_day_comitato.jpg\" height=\"199\" width=\"300\" srcset=\"https:\/\/archiviogioia.lavocedelpaese.info\/wp-content\/uploads\/2012\/01\/petrolio_day_comitato.jpg 640w, https:\/\/archiviogioia.lavocedelpaese.info\/wp-content\/uploads\/2012\/01\/petrolio_day_comitato-300x199.jpg 300w\" sizes=\"auto, (max-width: 300px) 100vw, 300px\" \/>&#8220;<strong>Chi scrive \u00e8 l\u2019anima turbata e scossa del Comitato<\/strong> Provvisorio 21 gennaio 2012.<br \/><strong>Siamo tutti e siamo nessuno. Siamo gli sconfitti, i feriti,&nbsp; gli offesi<\/strong> dalla centrale a carbone di Brindisi, dall\u2019ILVA di Taranto, dall\u2019inceneritore di Foggia.<br \/><strong>Siamo i figli di una terra ancora martoriata dalle discariche<\/strong>, che stentano troppo a lasciare il posto a una vera differenziata.<br \/><strong>Siamo i combattenti di una terra infestata dai veleni<\/strong>, i difensori di un ambiente aggredito dalle antiche trivelle dove le multinazionali del petrolio mercanteggiano al ribasso sugli indennizzi detti eufemisticamente \u201croyalties\u201d.<br \/><strong><img loading=\"lazy\" decoding=\"async\" class=\" alignleft size-full wp-image-18823\" style=\"margin: 4px; float: left;\" alt=\"petrolio day corteo\" src=\"https:\/\/archiviogioia.lavocedelpaese.info\/wp-content\/uploads\/2012\/01\/petrolio_day_corteo.JPG\" height=\"199\" width=\"300\" srcset=\"https:\/\/archiviogioia.lavocedelpaese.info\/wp-content\/uploads\/2012\/01\/petrolio_day_corteo.JPG 640w, https:\/\/archiviogioia.lavocedelpaese.info\/wp-content\/uploads\/2012\/01\/petrolio_day_corteo-300x199.jpg 300w\" sizes=\"auto, (max-width: 300px) 100vw, 300px\" \/>Ma siamo anche i sognatori attivi di un possibile futuro migliore<\/strong>, quelli che credono nel lavoro che qui in Puglia va avanti da generazioni: quello dei pescatori, degli agricoltori, degli allevatori, degli operatori turistici, dei rappresentanti di cultura e spettacolo, che da anni hanno chiesto per il nostro territorio un modello di sviluppo ecosostenibile, basato sul rispetto dell\u2019ambiente e sull\u2019impiego dei propri talenti.<br \/><strong>Un impegno che nel corso degli anni si \u00e8 fatto strada<\/strong>. Oggi la Puglia ha incrementato, pur tra qualche contraddizione, l\u2019impiego delle fonti rinnovabili e produce, da sola, il 160% del proprio fabbisogno energetico.<br \/><img loading=\"lazy\" decoding=\"async\" class=\" alignright size-full wp-image-18824\" style=\"margin: 4px; float: right;\" alt=\"petrolio day corteo 4\" src=\"https:\/\/archiviogioia.lavocedelpaese.info\/wp-content\/uploads\/2012\/01\/petrolio_day_corteo_4.JPG\" height=\"199\" width=\"300\" srcset=\"https:\/\/archiviogioia.lavocedelpaese.info\/wp-content\/uploads\/2012\/01\/petrolio_day_corteo_4.JPG 640w, https:\/\/archiviogioia.lavocedelpaese.info\/wp-content\/uploads\/2012\/01\/petrolio_day_corteo_4-300x199.jpg 300w\" sizes=\"auto, (max-width: 300px) 100vw, 300px\" \/>Qui&nbsp; <strong>un altro modello di sviluppo non solo \u00e8 possibile. E\u2019 gi\u00e0 in costruzione<\/strong>.<br \/>Siamo per un modello <strong>di sviluppo che sia sostenibile<\/strong>.<br \/>Siamo per stili di vita che non sia tornare ad andare in bicicletta, ma risparmiare sui consumi, <strong>utilizzare le risorse responsabilmente, rispettare il pianeta Terra come l\u2019unico che abbiamo<\/strong>.<br \/><strong>Siamo per un piano energetico che sia democratico, scelto, cio\u00e8 dal popolo<\/strong> in una nazione in cui gli esiti di un\u2019azione plebiscitaria qual \u00e8 un referendum siano \u201cdiktat\u201dper chi ci rappresenta in Parlamento.<br \/><img loading=\"lazy\" decoding=\"async\" class=\" alignleft size-full wp-image-18825\" style=\"margin: 4px; float: left;\" alt=\"petrolio day corteo 5\" src=\"https:\/\/archiviogioia.lavocedelpaese.info\/wp-content\/uploads\/2012\/01\/petrolio_day_corteo_5.JPG\" height=\"199\" width=\"300\" srcset=\"https:\/\/archiviogioia.lavocedelpaese.info\/wp-content\/uploads\/2012\/01\/petrolio_day_corteo_5.JPG 640w, https:\/\/archiviogioia.lavocedelpaese.info\/wp-content\/uploads\/2012\/01\/petrolio_day_corteo_5-300x199.jpg 300w\" sizes=\"auto, (max-width: 300px) 100vw, 300px\" \/>Oggi, 21 gennaio 2012, <strong>migliaia di persone scendono in Piazza per chiedere che, in tempi brevi si arrivi all\u2019emendamento e approvazione di una legge nazionale<\/strong>, di cui qui, oggi, avanziamo una proposta scritta, che vieti le trivellazioni petrolifere e che rimetta al centro dell\u2019agenda politica una discussione, seria, reale e concreta su come il nostro Paese decida di comporre il proprio portafoglio energetico.<br \/><strong>Chiediamo che si vada dritti verso la stipula di accordi transfrontalieri con i paesi mediterranei<\/strong> per evitare la beffa di piattaforme petrolifere appena oltre le 12 miglia.<br \/>Chiediamo che si aprano i giusti procedimenti, a livello europeo, per evitare che la scelta <img loading=\"lazy\" decoding=\"async\" class=\" alignright size-full wp-image-18826\" style=\"margin: 4px; float: right;\" alt=\"petrolio day corteo 7\" src=\"https:\/\/archiviogioia.lavocedelpaese.info\/wp-content\/uploads\/2012\/01\/petrolio_day_corteo_7.JPG\" height=\"199\" width=\"300\" srcset=\"https:\/\/archiviogioia.lavocedelpaese.info\/wp-content\/uploads\/2012\/01\/petrolio_day_corteo_7.JPG 640w, https:\/\/archiviogioia.lavocedelpaese.info\/wp-content\/uploads\/2012\/01\/petrolio_day_corteo_7-300x199.jpg 300w\" sizes=\"auto, (max-width: 300px) 100vw, 300px\" \/>petrolifera ci possa venire imposta dall\u2019alto, <strong>senza che i rappresentanti di un territorio possano dire la propria in maniera vincolante<\/strong>.<br \/><strong>Oggi, 21 gennaio 2012, \u00e8 l\u2019ultimo momento per percorrere la strada del cambiamento<\/strong>. E proprio oggi dobbiamo percorrerla tutti.<br \/>Ma <strong>da oggi<\/strong>, 21 gennaio 2012, <strong>non saranno ammessi pi\u00f9 errori o tentennamenti<\/strong>. Noi semplici cittadini, impegnati nei mille e mille rivoli della solidariet\u00e0 e dell\u2019impegno sociale vi <strong>chiediamo di essere degni rappresentanti delle istanze pi\u00f9 nobili che animano chi vi ha eletto<\/strong>; non complici pedine nello scacchiere delle onnipotenti oligarchie economiche mondiali.<br \/><img loading=\"lazy\" decoding=\"async\" class=\" alignleft size-full wp-image-18827\" style=\"margin: 4px; float: left;\" alt=\"foto pubblico palco 1\" src=\"https:\/\/archiviogioia.lavocedelpaese.info\/wp-content\/uploads\/2012\/01\/foto_pubblico_palco_1.jpg\" height=\"199\" width=\"300\" srcset=\"https:\/\/archiviogioia.lavocedelpaese.info\/wp-content\/uploads\/2012\/01\/foto_pubblico_palco_1.jpg 640w, https:\/\/archiviogioia.lavocedelpaese.info\/wp-content\/uploads\/2012\/01\/foto_pubblico_palco_1-300x199.jpg 300w\" sizes=\"auto, (max-width: 300px) 100vw, 300px\" \/>Vogliamo <strong>cogliere la preoccupazione per il nostro lavoro che non c\u2019\u00e8<\/strong>, per il nostro pane e le nostre case, la nostra terra e il nostro mare, nello svolgimento del vostro ruolo di amministratori e politici.<br \/><strong>Nessuno, neanche lo Stato, pu\u00f2 ignorare il parere di una moltitudine di persone<\/strong>, della maggior parte delle regioni adriatiche, espresso non solo attraverso una manifestazione di massa ma anche attraverso richieste chiare, approfondite e specifiche.<br \/><strong>L\u2019era del petrolio \u00e8 in declino, ma non \u00e8 finita<\/strong>. Non possiamo ignorarlo, anzi, dobbiamo sottolinearlo. La questione energetica \u00e8 un grande punto interrogativo che campeggia pesantemente sulla testa nostra, ma <img loading=\"lazy\" decoding=\"async\" class=\" alignright size-full wp-image-18828\" style=\"margin: 4px; float: right;\" alt=\"IMG 6153\" src=\"https:\/\/archiviogioia.lavocedelpaese.info\/wp-content\/uploads\/2012\/01\/IMG_6153.JPG\" height=\"200\" width=\"300\" srcset=\"https:\/\/archiviogioia.lavocedelpaese.info\/wp-content\/uploads\/2012\/01\/IMG_6153.JPG 640w, https:\/\/archiviogioia.lavocedelpaese.info\/wp-content\/uploads\/2012\/01\/IMG_6153-300x200.jpg 300w\" sizes=\"auto, (max-width: 300px) 100vw, 300px\" \/>soprattutto dei nostri figli.<br \/><strong>Vogliamo essere protagonisti di questo percorso<\/strong>.<br \/>Un percorso che \u00e8 partito da lontano, che passa oggi di qui, e che speriamo riesca ad arrivare lontano.<br \/><strong>Dietro tutte le associazioni qui presenti<\/strong>, dai pi\u00f9 esigenti e agguerriti comitati ambientalisti ai pi\u00f9 concilianti e solidali gruppi di volontariato, <strong>c\u2019\u00e8 un unico afflato che ci anima<\/strong>, <strong>riassunto luminosamente da un importante documento<\/strong> della nostra storia non molto recente:<br \/><strong>Le gioie e le speranze, le tristezze e le angosce degli uomini di oggi<\/strong>, dei poveri <img loading=\"lazy\" decoding=\"async\" class=\" alignleft size-full wp-image-18829\" style=\"margin: 4px; float: left;\" alt=\"covatta petosillo\" src=\"https:\/\/archiviogioia.lavocedelpaese.info\/wp-content\/uploads\/2012\/01\/covatta_petosillo.jpg\" height=\"225\" width=\"300\" srcset=\"https:\/\/archiviogioia.lavocedelpaese.info\/wp-content\/uploads\/2012\/01\/covatta_petosillo.jpg 640w, https:\/\/archiviogioia.lavocedelpaese.info\/wp-content\/uploads\/2012\/01\/covatta_petosillo-300x225.jpg 300w\" sizes=\"auto, (max-width: 300px) 100vw, 300px\" \/>soprattutto, e di tutti coloro che soffrono, sono pure le gioie e le speranze, le tristezze e le angosce di coloro che si impegnano nel volontariato di ogni tipo con generosit\u00e0 e gratuit\u00e0 e <strong>nulla vi \u00e8 di genuinamente umano che non trovi eco nel loro cuore<\/strong>&#8220;.<\/p>\n<p style=\"text-align: justify;\">Scatti fotografici a cura di <strong>Giovanni Petrosillo<\/strong> che nel corso della manifestazione ha avuto anche il tempo e la fortuna di immortalare la discreta presenza alla manifestazione, <strong>ha voluto essercii anche lui<\/strong>, del simpaticissimo e grande attore <strong>Giobbe Covatta<\/strong>.<\/p>\n<p><object type=\"application\/x-shockwave-flash\" width=\"660\" height=\"660\" flashvars=\"host=picasaweb.google.com&amp;hl=it&amp;feat=flashalbum&amp;RGB=0x000000&amp;feed=https:\/\/picasaweb.google.com\/data\/feed\/api\/user\/104626251937098962566\/albumid\/5700258782854570289?alt=rss&amp;kind=photo&amp;authkey=Gv1sRgCOnqtaW7xsKtsgE&amp;hl=it\" pluginspage=\"http:\/\/www.macromedia.com\/go\/getflashplayer\" data=\"https:\/\/picasaweb.google.com\/s\/c\/bin\/slideshow.swf\"><param name=\"movie\" value=\"https:\/\/picasaweb.google.com\/s\/c\/bin\/slideshow.swf\" \/><\/object><\/p>\n","protected":false},"excerpt":{"rendered":"","protected":false},"author":1,"featured_media":18818,"comment_status":"open","ping_status":"closed","sticky":false,"template":"","format":"standard","meta":{"colormag_page_container_layout":"default_layout","colormag_page_sidebar_layout":"default_layout","footnotes":""},"categories":[4],"tags":[],"class_list":["post-18831","post","type-post","status-publish","format-standard","has-post-thumbnail","hentry","category-politica"],"_links":{"self":[{"href":"https:\/\/archiviogioia.lavocedelpaese.info\/index.php?rest_route=\/wp\/v2\/posts\/18831","targetHints":{"allow":["GET"]}}],"collection":[{"href":"https:\/\/archiviogioia.lavocedelpaese.info\/index.php?rest_route=\/wp\/v2\/posts"}],"about":[{"href":"https:\/\/archiviogioia.lavocedelpaese.info\/index.php?rest_route=\/wp\/v2\/types\/post"}],"author":[{"embeddable":true,"href":"https:\/\/archiviogioia.lavocedelpaese.info\/index.php?rest_route=\/wp\/v2\/users\/1"}],"replies":[{"embeddable":true,"href":"https:\/\/archiviogioia.lavocedelpaese.info\/index.php?rest_route=%2Fwp%2Fv2%2Fcomments&post=18831"}],"version-history":[{"count":0,"href":"https:\/\/archiviogioia.lavocedelpaese.info\/index.php?rest_route=\/wp\/v2\/posts\/18831\/revisions"}],"wp:featuredmedia":[{"embeddable":true,"href":"https:\/\/archiviogioia.lavocedelpaese.info\/index.php?rest_route=\/wp\/v2\/media\/18818"}],"wp:attachment":[{"href":"https:\/\/archiviogioia.lavocedelpaese.info\/index.php?rest_route=%2Fwp%2Fv2%2Fmedia&parent=18831"}],"wp:term":[{"taxonomy":"category","embeddable":true,"href":"https:\/\/archiviogioia.lavocedelpaese.info\/index.php?rest_route=%2Fwp%2Fv2%2Fcategories&post=18831"},{"taxonomy":"post_tag","embeddable":true,"href":"https:\/\/archiviogioia.lavocedelpaese.info\/index.php?rest_route=%2Fwp%2Fv2%2Ftags&post=18831"}],"curies":[{"name":"wp","href":"https:\/\/api.w.org\/{rel}","templated":true}]}}