{"id":19599,"date":"2012-02-12T05:29:00","date_gmt":"2012-02-12T05:29:00","guid":{"rendered":"https:\/\/archiviogioia.lavocedelpaese.info\/?p=19599"},"modified":"2012-02-12T05:29:00","modified_gmt":"2012-02-12T05:29:00","slug":"la-gioventu-dei-social-network-lezioni-di-comunicazione","status":"publish","type":"post","link":"https:\/\/archiviogioia.lavocedelpaese.info\/?p=19599","title":{"rendered":"\u201cLA GIOVENT\u00da SOCIAL NETWORK\u201c LEZIONI DI COMUNICAZIONE"},"content":{"rendered":"<p><img loading=\"lazy\" decoding=\"async\" class=\" size-full wp-image-19595\" style=\"margin-right: 2px; margin-left: 2px;\" alt=\"loghi-giovent-pp\" src=\"https:\/\/archiviogioia.lavocedelpaese.info\/wp-content\/uploads\/2012\/02\/loghi-giovent-pp.jpg\" height=\"150\" width=\"320\" srcset=\"https:\/\/archiviogioia.lavocedelpaese.info\/wp-content\/uploads\/2012\/02\/loghi-giovent-pp.jpg 640w, https:\/\/archiviogioia.lavocedelpaese.info\/wp-content\/uploads\/2012\/02\/loghi-giovent-pp-300x141.jpg 300w\" sizes=\"auto, (max-width: 320px) 100vw, 320px\" \/><\/p>\n<p><!--more--><\/p>\n<p style=\"margin-bottom: 0.0001pt; line-height: normal; text-align: justify;\"><b>Riceviamo e pubblichiamo.<\/b><\/p>\n<p style=\"margin-bottom: 0.0001pt; line-height: normal; text-align: center;\"><b>&#8212;&#8212;&#8212;&#8212;&#8212;&#8212;&#8212;&#8212;&#8212;&#8212;&#8212;&#8212;&#8212;-<br \/><\/b><\/p>\n<p style=\"margin-bottom: 0.0001pt; line-height: normal; text-align: justify;\"><b><img loading=\"lazy\" decoding=\"async\" class=\" alignleft size-full wp-image-19597\" style=\"margin: 4px; float: left;\" alt=\"comunicattivi-locandina\" src=\"https:\/\/archiviogioia.lavocedelpaese.info\/wp-content\/uploads\/2012\/02\/comunicattivi-locandina.jpg\" height=\"356\" width=\"250\" srcset=\"https:\/\/archiviogioia.lavocedelpaese.info\/wp-content\/uploads\/2012\/02\/comunicattivi-locandina.jpg 331w, https:\/\/archiviogioia.lavocedelpaese.info\/wp-content\/uploads\/2012\/02\/comunicattivi-locandina-210x300.jpg 210w\" sizes=\"auto, (max-width: 250px) 100vw, 250px\" \/>&#8220;Domani 13 febbraio<\/b> avr\u00e0 inizio \u201c<b>La giovent\u00f9 dei social network<\/b>\u201d, un laboratorio di <b>comunicazione sociale<\/b>, costituito da cinque lezioni settimanali, dalle 17 alle 19, che <span style=\"color: black;\">mirano a fornire abilit\u00e0 utili per migliorare la comunicazione, attraverso incontri con gli esperti del settore. Il laboratorio avr\u00e0 le caratteristiche di uno <b>spazio aperto<\/b> ed <b>informale<\/b>, in modo da sollecitare la curiosit\u00e0 e la sensibilit\u00e0 dei partecipanti verso il tema della comunicazione e quel senso di \u201copportunit\u00e0 della conoscenza condivisa\u201d che ispira l\u2019azione del progetto.<\/span><\/p>\n<p style=\"margin-bottom: 0.0001pt; line-height: normal; text-align: justify;\">Questo laboratorio, \u00e8 organizzato da <b>ComunicAttivi<\/b>, grazie al programma \u201c<i>Youth in Action<\/i>\u201d finanziato dall\u2019 Agenzia Nazionale per i Giovani nell\u2019ambito dell\u2019Azione 1.2 del programma \u201c<i>Giovent\u00f9 in Azione<\/i>\u201d.<\/p>\n<p style=\"margin-bottom: 0.0001pt; line-height: normal; text-align: justify;\">Gli incontri saranno coordinati dal dott. <b>Riccardo Stillavato<\/b>, Responsabile marketing della Promostudio, si terr\u00e0 presso l\u2019<b>Universit\u00e0 degli studi \u201c<i>Aldo Moro<\/i>\u201d di Bari<\/b>, partner dell\u2019iniziativa, nell\u2019aula II della facolt\u00e0 di Scienze della Formazione e sar\u00e0 <b><span style=\"text-decoration: underline;\">gratuito<\/span><\/b> ed <b>aperto a tutti<\/b>. Le figure a cui \u00e8 principalmente rivolto il corso sono i comunicatori pubblici, giornalisti e addetti stampa, copywriter e webmaster, amministratori pubblici e imprenditori profit e no profit.<\/p>\n<p style=\"margin-bottom: 0.0001pt; line-height: normal; text-align: justify;\"><strong>I cinque incontri informali tratteranno i vantaggi e le criticit\u00e0 approntate dall\u2019impatto dei giovani con questo nuovo modo di comunicare<\/strong>. Nel primo appuntamento verr\u00e0 presentato il corso e verranno illustrati i temi principali del laboratorio, nel secondo verr\u00e0 trattato il corretto utilizzo dei social network e verr\u00e0 affrontato la questione della privacy, nel terzo si parler\u00e0 di come si utilizza il nuovi strumenti di comunicazione per aumentare visibilit\u00e0 articoli e scalare google rank, nel quarto ve<img loading=\"lazy\" decoding=\"async\" class=\" alignright size-full wp-image-19598\" style=\"margin: 4px; float: right;\" alt=\"facebook\" src=\"https:\/\/archiviogioia.lavocedelpaese.info\/wp-content\/uploads\/2012\/02\/facebook.png\" height=\"214\" width=\"321\" srcset=\"https:\/\/archiviogioia.lavocedelpaese.info\/wp-content\/uploads\/2012\/02\/facebook.png 450w, https:\/\/archiviogioia.lavocedelpaese.info\/wp-content\/uploads\/2012\/02\/facebook-300x200.png 300w\" sizes=\"auto, (max-width: 321px) 100vw, 321px\" \/>rr\u00e0 trattato il rapporto tra new media, societ\u00e0 di recruiting e lo sviluppo di una rete sociale nel c.d. terzo settore e nell\u2019ultimo verranno <strong>consegnati gli attestati di frequenza<\/strong>.<\/p>\n<p style=\"margin-bottom: 0.0001pt; line-height: normal; text-align: justify;\">\u201c<i>Credo che sia <strong>un momento importante per avvicinare la gente ai social network<\/strong> , <\/i><i>facendone comprendere le potenzialit\u00e0 sotto vari aspetti e comprendendone i limiti<\/i> \u2013 afferma <strong>Riccardo Stillavato<\/strong>, coach di progetto del gruppo ComunicAttivi \u2013 <i>Cercheremo di evidenziare, <\/i><i>insieme, <strong>i vantaggi dell&#8217;essere in rete<\/strong>, che spesso sono sottovalutati poich\u00e9 <strong>si tende a vederli come un gioco e non come una risorsa lavorativa<\/strong><\/i>\u201d.<span style=\"font-size: 8.5pt; font-family: 'Tahoma','sans-serif'; color: #333333;\"><\/span><\/p>\n<p style=\"margin-bottom: 0.0001pt; line-height: normal; text-align: justify;\">I laboratori rappresenteranno delle vere e proprie agor\u00e0 monotematiche in cui <strong>esperti del settore della comunicazione affiancheranno i partecipanti<\/strong>, stimolandoli ad una riflessione sul tema, ma soprattutto, ad una azione propulsiva sull\u2019argomento.<\/p>\n<p style=\"margin-bottom: 0.0001pt; line-height: normal; text-align: justify;\"><b>Infoline<\/b>: +39 320.8931118&#8243;.<\/p>\n<p>&nbsp;<\/p>\n","protected":false},"excerpt":{"rendered":"","protected":false},"author":1,"featured_media":19595,"comment_status":"open","ping_status":"closed","sticky":false,"template":"","format":"standard","meta":{"colormag_page_container_layout":"default_layout","colormag_page_sidebar_layout":"default_layout","footnotes":""},"categories":[7],"tags":[],"class_list":["post-19599","post","type-post","status-publish","format-standard","has-post-thumbnail","hentry","category-attualita"],"_links":{"self":[{"href":"https:\/\/archiviogioia.lavocedelpaese.info\/index.php?rest_route=\/wp\/v2\/posts\/19599","targetHints":{"allow":["GET"]}}],"collection":[{"href":"https:\/\/archiviogioia.lavocedelpaese.info\/index.php?rest_route=\/wp\/v2\/posts"}],"about":[{"href":"https:\/\/archiviogioia.lavocedelpaese.info\/index.php?rest_route=\/wp\/v2\/types\/post"}],"author":[{"embeddable":true,"href":"https:\/\/archiviogioia.lavocedelpaese.info\/index.php?rest_route=\/wp\/v2\/users\/1"}],"replies":[{"embeddable":true,"href":"https:\/\/archiviogioia.lavocedelpaese.info\/index.php?rest_route=%2Fwp%2Fv2%2Fcomments&post=19599"}],"version-history":[{"count":0,"href":"https:\/\/archiviogioia.lavocedelpaese.info\/index.php?rest_route=\/wp\/v2\/posts\/19599\/revisions"}],"wp:featuredmedia":[{"embeddable":true,"href":"https:\/\/archiviogioia.lavocedelpaese.info\/index.php?rest_route=\/wp\/v2\/media\/19595"}],"wp:attachment":[{"href":"https:\/\/archiviogioia.lavocedelpaese.info\/index.php?rest_route=%2Fwp%2Fv2%2Fmedia&parent=19599"}],"wp:term":[{"taxonomy":"category","embeddable":true,"href":"https:\/\/archiviogioia.lavocedelpaese.info\/index.php?rest_route=%2Fwp%2Fv2%2Fcategories&post=19599"},{"taxonomy":"post_tag","embeddable":true,"href":"https:\/\/archiviogioia.lavocedelpaese.info\/index.php?rest_route=%2Fwp%2Fv2%2Ftags&post=19599"}],"curies":[{"name":"wp","href":"https:\/\/api.w.org\/{rel}","templated":true}]}}