{"id":1983,"date":"2010-05-17T05:25:20","date_gmt":"2010-05-17T05:25:20","guid":{"rendered":"https:\/\/archiviogioia.lavocedelpaese.info\/?p=1983"},"modified":"2010-05-17T05:25:20","modified_gmt":"2010-05-17T05:25:20","slug":"inaugurazione-nuovo-cimitero-islamico-del-sud-foto","status":"publish","type":"post","link":"https:\/\/archiviogioia.lavocedelpaese.info\/?p=1983","title":{"rendered":"INAUGURAZIONE NUOVO CIMITERO ISLAMICO DEL SUD -foto-"},"content":{"rendered":"<p><img loading=\"lazy\" decoding=\"async\" class=\" size-full wp-image-1974\" alt=\"DSC00244.jpg1.jpg1\" src=\"https:\/\/archiviogioia.lavocedelpaese.info\/wp-content\/uploads\/2010\/05\/DSC00244.jpg1_.jpg1_.jpg\" height=\"150\" width=\"320\" srcset=\"https:\/\/archiviogioia.lavocedelpaese.info\/wp-content\/uploads\/2010\/05\/DSC00244.jpg1_.jpg1_.jpg 640w, https:\/\/archiviogioia.lavocedelpaese.info\/wp-content\/uploads\/2010\/05\/DSC00244.jpg1_.jpg1_-300x141.jpg 300w\" sizes=\"auto, (max-width: 320px) 100vw, 320px\" \/> <\/p>\n<p><!--more--><\/p>\n<p style=\"text-align: justify;\">\u201c<strong>Il mondo arabo-islamico a Gioia del Colle, tradizioni allo specchio tra luci e ombre<\/strong>\u201d. Un titolo emblematico per il <strong>IV quaderno di identit\u00e0 storico culturale islamico<\/strong> curato da <strong>Milena Capodiferro<\/strong> e <strong>Lucio Romano<\/strong> con la collaborazione ed i contributi di <strong>Sakini Abdel <\/strong>e <strong>Hafida\u00a0 Faridi<\/strong>; e la cui presentazione \u00e8 avvenuta il 15 maggio 2010, presso la sala convegni della LUM nella distilleria Cassano. Emozionante il momento iniziale contrassegnato dall\u2019ascolto dei rispettivi inni nazionali.<\/p>\n<div style=\"text-align: justify;\"><\/div>\n<p style=\"text-align: justify;\">Ad intro<img loading=\"lazy\" decoding=\"async\" class=\" size-full wp-image-1975\" style=\"margin: 4px; float:  left;\" alt=\"DSC00353.jpg1\" src=\"https:\/\/archiviogioia.lavocedelpaese.info\/wp-content\/uploads\/2010\/05\/DSC00353.jpg1_.jpg\" height=\"167\" width=\"250\" srcset=\"https:\/\/archiviogioia.lavocedelpaese.info\/wp-content\/uploads\/2010\/05\/DSC00353.jpg1_.jpg 800w, https:\/\/archiviogioia.lavocedelpaese.info\/wp-content\/uploads\/2010\/05\/DSC00353.jpg1_-300x200.jpg 300w, https:\/\/archiviogioia.lavocedelpaese.info\/wp-content\/uploads\/2010\/05\/DSC00353.jpg1_-768x512.jpg 768w\" sizes=\"auto, (max-width: 250px) 100vw, 250px\" \/>durre, l\u2019avv. Lucio Romano che innanzitutto ringrazia i presenti: il Sindaco <strong>Piero Longo<\/strong>; l\u2019Assessore Regionale al Mediterraneo <strong>Silvia Godelli<\/strong>; don <strong>Angelo Romita<\/strong>, Direttore Ufficio per l\u2019Ecumenismo e il Dialogo Interreligioso dell\u2019Arcidiocesi di Bari &#8211; Bitonto; Hafida Farida, mediatrice culturale; ed ospiti d\u2019eccezione il Plenipotenziario del Regno del Marocco <strong>Driss Rachid<\/strong> (l&#8217;Ambasciatore, di nuova nomina, non avendo ancora prestato giuramento davanti al Presidente della Repubblica non pu\u00f2 presenziare alle cerimonie pubbliche) ed il Console Aggiunto di Palermo <strong>Ahmed Redouane<\/strong>.<\/p>\n<div style=\"text-align: justify;\"><\/div>\n<p style=\"text-align: justify;\">\u201c<strong>\u00c8 davvero un grande giorno<\/strong>!\u201d, cos\u00ec ad un certo punto dice Lucio Romano. E lo \u00e8 davvero! Si concretizza, infatti, la possibilit\u00e0 di <strong>dare ad una comunit\u00e0 straniera<\/strong> presente sul nostro territorio <strong>uno dei diritti umani pi\u00f9 importanti<\/strong>, e diamo anche a noi stessi la possibilit\u00e0 di rispettare il dolore altrui abbattendo qualsiasi tipo di differenza.<\/p>\n<div style=\"text-align: justify;\"><\/div>\n<p style=\"text-align: justify;\"><img loading=\"lazy\" decoding=\"async\" class=\" alignright size-full wp-image-1976\" style=\"margin: 4px; float: right;\" alt=\"DSC00361.jpg1\" src=\"https:\/\/archiviogioia.lavocedelpaese.info\/wp-content\/uploads\/2010\/05\/DSC00361.jpg1_.jpg\" height=\"167\" width=\"250\" srcset=\"https:\/\/archiviogioia.lavocedelpaese.info\/wp-content\/uploads\/2010\/05\/DSC00361.jpg1_.jpg 800w, https:\/\/archiviogioia.lavocedelpaese.info\/wp-content\/uploads\/2010\/05\/DSC00361.jpg1_-300x200.jpg 300w, https:\/\/archiviogioia.lavocedelpaese.info\/wp-content\/uploads\/2010\/05\/DSC00361.jpg1_-768x512.jpg 768w\" sizes=\"auto, (max-width: 250px) 100vw, 250px\" \/>\u201c[\u2026] <strong>Sin dall\u2019inizio della mia legislatura ho mostrato attenzione<\/strong> per questa comunit\u00e0, portando avanti un\u2019idea della precedente organizzazione comunale che oggi ho l\u2019onore di poter dire di aver realizzato grazie anche al contributo della comunit\u00e0 gioiese, una comunit\u00e0 sensibile ed ospitale. Grazie ad Hafida! [\u2026] La mia scelta \u00e8 stata quella di creare il <strong>cimitero islamico all\u2019interno di quello cristiano<\/strong> proprio in nome dell\u2019integrazione. [\u2026]\u201d; in questi termini si esprime il Sindaco, il dott. Piero Longo, che ha fortemente voluto la realizzazione di questo progetto.<\/p>\n<div style=\"text-align: justify;\"><\/div>\n<p style=\"text-align: justify;\"><strong><img loading=\"lazy\" decoding=\"async\" class=\" alignleft size-full wp-image-1977\" style=\"margin: 4px; float: left;\" alt=\"DSC00372.jpg1\" src=\"https:\/\/archiviogioia.lavocedelpaese.info\/wp-content\/uploads\/2010\/05\/DSC00372.jpg1_.jpg\" height=\"167\" width=\"250\" srcset=\"https:\/\/archiviogioia.lavocedelpaese.info\/wp-content\/uploads\/2010\/05\/DSC00372.jpg1_.jpg 800w, https:\/\/archiviogioia.lavocedelpaese.info\/wp-content\/uploads\/2010\/05\/DSC00372.jpg1_-300x200.jpg 300w, https:\/\/archiviogioia.lavocedelpaese.info\/wp-content\/uploads\/2010\/05\/DSC00372.jpg1_-768x512.jpg 768w\" sizes=\"auto, (max-width: 250px) 100vw, 250px\" \/>L\u2019Assessore Regionale al Mediterraneo<\/strong> Silvia Godelli parla, inoltre, di un desiderio dell\u2019intera Regione Puglia nell\u2019essere vicina al Marocco ed ai suoi cittadini e aggiunge: \u201c<strong>Sono abituata a considerare la cultura come una fonte di arricchimento<\/strong>. L\u2019apertura del cimitero islamico ha per me non solo un valore religioso, ma anche un valore propriamente simbolico [\u2026] Non \u00e8 mai facile capire l\u2019altro \u2026 Bisognerebbe imparare a guardare la sua anima per capire che c\u2019\u00e8 un elemento comune che \u00e8 la comune condizione umana. E proprio perch\u00e9 capire il valore delle differenze non \u00e8 facile, \u00e8 bello che nel quaderno si siano descritte alcune loro abitudini [\u2026]\u201d.<\/p>\n<div style=\"text-align: justify;\"><\/div>\n<p style=\"text-align: justify;\"><strong><img loading=\"lazy\" decoding=\"async\" class=\" alignleft size-full wp-image-1978\" style=\"margin: 4px; float: left;\" alt=\"DSC00386\" src=\"https:\/\/archiviogioia.lavocedelpaese.info\/wp-content\/uploads\/2010\/05\/DSC00386.jpg\" height=\"120\" width=\"180\" srcset=\"https:\/\/archiviogioia.lavocedelpaese.info\/wp-content\/uploads\/2010\/05\/DSC00386.jpg 1920w, https:\/\/archiviogioia.lavocedelpaese.info\/wp-content\/uploads\/2010\/05\/DSC00386-300x200.jpg 300w, https:\/\/archiviogioia.lavocedelpaese.info\/wp-content\/uploads\/2010\/05\/DSC00386-1024x683.jpg 1024w, https:\/\/archiviogioia.lavocedelpaese.info\/wp-content\/uploads\/2010\/05\/DSC00386-768x512.jpg 768w, https:\/\/archiviogioia.lavocedelpaese.info\/wp-content\/uploads\/2010\/05\/DSC00386-1536x1024.jpg 1536w\" sizes=\"auto, (max-width: 180px) 100vw, 180px\" \/>Ed, in effetti<\/strong>, Milena Capodiferro <strong>sottolinea che ha avuto una grande opportunit\u00e0 nel mettersi in confronto con gli usi e costumi islamici<\/strong> durante la stesura del quaderno.<\/p>\n<div style=\"text-align: justify;\"><\/div>\n<p style=\"text-align: justify;\"><strong><img loading=\"lazy\" decoding=\"async\" class=\" alignright size-full wp-image-1979\" style=\"margin: 4px; float: right;\" alt=\"DSC00387\" src=\"https:\/\/archiviogioia.lavocedelpaese.info\/wp-content\/uploads\/2010\/05\/DSC00387.jpg\" height=\"120\" width=\"180\" srcset=\"https:\/\/archiviogioia.lavocedelpaese.info\/wp-content\/uploads\/2010\/05\/DSC00387.jpg 1920w, https:\/\/archiviogioia.lavocedelpaese.info\/wp-content\/uploads\/2010\/05\/DSC00387-300x200.jpg 300w, https:\/\/archiviogioia.lavocedelpaese.info\/wp-content\/uploads\/2010\/05\/DSC00387-1024x683.jpg 1024w, https:\/\/archiviogioia.lavocedelpaese.info\/wp-content\/uploads\/2010\/05\/DSC00387-768x512.jpg 768w, https:\/\/archiviogioia.lavocedelpaese.info\/wp-content\/uploads\/2010\/05\/DSC00387-1536x1024.jpg 1536w\" sizes=\"auto, (max-width: 180px) 100vw, 180px\" \/>Commovente \u00e8 stato l\u2019intervento<\/strong> di Hafida Farida: \u201cSento il dovere morale e religioso di ringraziare il nostro Sindaco per la realizzazione in un tempo brevissimo del cimitero e del quaderno che mira alla diffusione della cultura arabo-islamica\u201d. E con veemenza e determinazione continua: \u201cSimboleggia un\u2019apertura verso le diversit\u00e0. Siamo diversi, ma non divisi! La diversit\u00e0 \u00e8 divina, ma Dio ci incita ad utilizzare il mezzo della conoscenza che \u00e8 alla base del rispetto [\u2026]\u201d.<\/p>\n<div style=\"text-align: justify;\"><\/div>\n<p style=\"text-align: justify;\"><strong><img loading=\"lazy\" decoding=\"async\" class=\" alignleft size-full wp-image-1980\" style=\"margin: 4px; float: left;\" alt=\"DSC00394.jpg1\" src=\"https:\/\/archiviogioia.lavocedelpaese.info\/wp-content\/uploads\/2010\/05\/DSC00394.jpg1_.jpg\" height=\"134\" width=\"199\" srcset=\"https:\/\/archiviogioia.lavocedelpaese.info\/wp-content\/uploads\/2010\/05\/DSC00394.jpg1_.jpg 800w, https:\/\/archiviogioia.lavocedelpaese.info\/wp-content\/uploads\/2010\/05\/DSC00394.jpg1_-300x200.jpg 300w, https:\/\/archiviogioia.lavocedelpaese.info\/wp-content\/uploads\/2010\/05\/DSC00394.jpg1_-768x512.jpg 768w\" sizes=\"auto, (max-width: 199px) 100vw, 199px\" \/>E sul tema del rispetto si muove l\u2019intervento<\/strong> di don Angelo Romita che attraverso un passo dell\u2019Antico Testamento (Genesi 23, I, VII) mette in luce il carattere della compassione del dolore alla base del sentire umano. E conclude: \u201cLa vita va vissuta, giocata! \u00c8 camminare insieme. Mi auguro che questa luce che parte da Gioia del Colle possa espandersi nella diocesi di Bari\u201d.<\/p>\n<p style=\"text-align: justify;\"><strong><img loading=\"lazy\" decoding=\"async\" class=\" alignright size-full wp-image-1981\" style=\"margin: 4px;  float: right;\" alt=\"DSC00391\" src=\"https:\/\/archiviogioia.lavocedelpaese.info\/wp-content\/uploads\/2010\/05\/DSC00391.jpg\" height=\"120\" width=\"180\" srcset=\"https:\/\/archiviogioia.lavocedelpaese.info\/wp-content\/uploads\/2010\/05\/DSC00391.jpg 1920w, https:\/\/archiviogioia.lavocedelpaese.info\/wp-content\/uploads\/2010\/05\/DSC00391-300x200.jpg 300w, https:\/\/archiviogioia.lavocedelpaese.info\/wp-content\/uploads\/2010\/05\/DSC00391-1024x683.jpg 1024w, https:\/\/archiviogioia.lavocedelpaese.info\/wp-content\/uploads\/2010\/05\/DSC00391-768x512.jpg 768w, https:\/\/archiviogioia.lavocedelpaese.info\/wp-content\/uploads\/2010\/05\/DSC00391-1536x1024.jpg 1536w\" sizes=\"auto, (max-width: 180px) 100vw, 180px\" \/><\/strong><\/p>\n<div style=\"text-align: justify;\"><\/div>\n<p style=\"text-align: justify;\"><strong>A conclusione, gli interventi del Plenipotenziario del Regno del Marocco e del Console Aggiunto di Palermo<\/strong> che si dichiarano felici della grande ospitalit\u00e0, e pongono l\u2019accento sul <strong>tema della tolleranza<\/strong> che dovrebbe essere preponderante, nonostante le differenze culturali o ideologiche, <strong>per una possibile politica di apertura e di dialogo interculturale<\/strong>.<\/p>\n<div style=\"text-align: justify;\"><\/div>\n<p style=\"text-align: justify;\">Per finire <strong>un altro momento di grande pathos<\/strong> dato dalla lettura di <strong><img loading=\"lazy\" decoding=\"async\" class=\" alignleft size-full wp-image-1982\" style=\"margin: 4px; float: left;\" alt=\"DSC00390.jpg1\" src=\"https:\/\/archiviogioia.lavocedelpaese.info\/wp-content\/uploads\/2010\/05\/DSC00390.jpg1_.jpg\" height=\"133\" width=\"200\" srcset=\"https:\/\/archiviogioia.lavocedelpaese.info\/wp-content\/uploads\/2010\/05\/DSC00390.jpg1_.jpg 800w, https:\/\/archiviogioia.lavocedelpaese.info\/wp-content\/uploads\/2010\/05\/DSC00390.jpg1_-300x200.jpg 300w, https:\/\/archiviogioia.lavocedelpaese.info\/wp-content\/uploads\/2010\/05\/DSC00390.jpg1_-768x512.jpg 768w\" sizes=\"auto, (max-width: 200px) 100vw, 200px\" \/>una poesia di Hafida intitolata \u201cNostalgia\u201d<\/strong> che narra la speranza di ogni immigrato del ritorno in Patria, \u201cTi vedr\u00f2 piccola, non importa, sei smisurata nel mio cuore\u201d.<\/p>\n<div style=\"text-align: justify;\"><\/div>\n<p style=\"text-align: justify;\"><strong>Al termine i loro dolcetti alle mandorle per tutti<\/strong> e noi andiamo via con una grande gioia nel cuore orgogliosi di essere tra i primi nella realizzazione di un progetto cos\u00ec importante nella prospettiva di un fervido dialogo culturale!<\/p>\n<p style=\"text-align: justify;\">Un sentito e doveroso ringraziamento va a <strong>Mario Di Giuseppe<\/strong> per aver contribuito con la sua disponibilit\u00e0 alla realizzazione della fotogalley.<\/p>\n<p><object data=\"https:\/\/picasaweb.google.com\/s\/c\/bin\/slideshow.swf\" type=\"application\/x-shockwave-flash\" height=\"660\" width=\"660\"><param name=\"flashvars\" value=\"host=picasaweb.google.com&amp;hl=it&amp;feat=flashalbum&amp;RGB=0x000000&amp;feed=https%3A%2F%2Fpicasaweb.google.com%2Fdata%2Ffeed%2Fapi%2Fuser%2Fredazionegioianet%2Falbumid%2F5620097714738091761%3Falt%3Drss%26kind%3Dphoto%26authkey%3DGv1sRgCPiHyPq957Dmdg%26hl%3Dit\" \/><param name=\"src\" value=\"https:\/\/picasaweb.google.com\/s\/c\/bin\/slideshow.swf\" \/><\/object><\/p>\n","protected":false},"excerpt":{"rendered":"","protected":false},"author":1,"featured_media":1974,"comment_status":"open","ping_status":"closed","sticky":false,"template":"","format":"standard","meta":{"colormag_page_container_layout":"default_layout","colormag_page_sidebar_layout":"default_layout","footnotes":""},"categories":[4],"tags":[],"class_list":["post-1983","post","type-post","status-publish","format-standard","has-post-thumbnail","hentry","category-politica"],"_links":{"self":[{"href":"https:\/\/archiviogioia.lavocedelpaese.info\/index.php?rest_route=\/wp\/v2\/posts\/1983","targetHints":{"allow":["GET"]}}],"collection":[{"href":"https:\/\/archiviogioia.lavocedelpaese.info\/index.php?rest_route=\/wp\/v2\/posts"}],"about":[{"href":"https:\/\/archiviogioia.lavocedelpaese.info\/index.php?rest_route=\/wp\/v2\/types\/post"}],"author":[{"embeddable":true,"href":"https:\/\/archiviogioia.lavocedelpaese.info\/index.php?rest_route=\/wp\/v2\/users\/1"}],"replies":[{"embeddable":true,"href":"https:\/\/archiviogioia.lavocedelpaese.info\/index.php?rest_route=%2Fwp%2Fv2%2Fcomments&post=1983"}],"version-history":[{"count":0,"href":"https:\/\/archiviogioia.lavocedelpaese.info\/index.php?rest_route=\/wp\/v2\/posts\/1983\/revisions"}],"wp:featuredmedia":[{"embeddable":true,"href":"https:\/\/archiviogioia.lavocedelpaese.info\/index.php?rest_route=\/wp\/v2\/media\/1974"}],"wp:attachment":[{"href":"https:\/\/archiviogioia.lavocedelpaese.info\/index.php?rest_route=%2Fwp%2Fv2%2Fmedia&parent=1983"}],"wp:term":[{"taxonomy":"category","embeddable":true,"href":"https:\/\/archiviogioia.lavocedelpaese.info\/index.php?rest_route=%2Fwp%2Fv2%2Fcategories&post=1983"},{"taxonomy":"post_tag","embeddable":true,"href":"https:\/\/archiviogioia.lavocedelpaese.info\/index.php?rest_route=%2Fwp%2Fv2%2Ftags&post=1983"}],"curies":[{"name":"wp","href":"https:\/\/api.w.org\/{rel}","templated":true}]}}