{"id":19875,"date":"2012-02-18T07:30:24","date_gmt":"2012-02-18T07:30:24","guid":{"rendered":"https:\/\/archiviogioia.lavocedelpaese.info\/?p=19875"},"modified":"2012-02-18T07:30:24","modified_gmt":"2012-02-18T07:30:24","slug":"al-festival-di-sanremo-artisti-gia-ospiti-del-ueffilo","status":"publish","type":"post","link":"https:\/\/archiviogioia.lavocedelpaese.info\/?p=19875","title":{"rendered":"AL FESTIVAL DI SANREMO ARTISTI GI\u00c1 OSPITI DEL UEFFILO"},"content":{"rendered":"<p><img loading=\"lazy\" decoding=\"async\" class=\" size-full wp-image-19865\" style=\"margin-right: 2px; margin-left: 2px;\" alt=\"chiara-civello-sanremo-pp\" src=\"https:\/\/archiviogioia.lavocedelpaese.info\/wp-content\/uploads\/2012\/02\/chiara-civello-sanremo-pp.jpg\" height=\"150\" width=\"320\" srcset=\"https:\/\/archiviogioia.lavocedelpaese.info\/wp-content\/uploads\/2012\/02\/chiara-civello-sanremo-pp.jpg 640w, https:\/\/archiviogioia.lavocedelpaese.info\/wp-content\/uploads\/2012\/02\/chiara-civello-sanremo-pp-300x141.jpg 300w\" sizes=\"auto, (max-width: 320px) 100vw, 320px\" \/><\/p>\n<p><!--more--><\/p>\n<p style=\"text-align: justify;\"><b><img loading=\"lazy\" decoding=\"async\" class=\" alignleft size-full wp-image-19866\" style=\"margin-right: 2px; margin-left: 2px; margin-top: 4px; float: left;\" alt=\"Chiara-Civello-Sanremo2012 prima-serata\" src=\"https:\/\/archiviogioia.lavocedelpaese.info\/wp-content\/uploads\/2012\/02\/Chiara-Civello-Sanremo2012_prima-serata.jpg\" height=\"172\" width=\"300\" srcset=\"https:\/\/archiviogioia.lavocedelpaese.info\/wp-content\/uploads\/2012\/02\/Chiara-Civello-Sanremo2012_prima-serata.jpg 516w, https:\/\/archiviogioia.lavocedelpaese.info\/wp-content\/uploads\/2012\/02\/Chiara-Civello-Sanremo2012_prima-serata-300x172.jpg 300w\" sizes=\"auto, (max-width: 300px) 100vw, 300px\" \/>Tra i cantanti in gara ed ospiti al Festival di Sanremo anche alcune \u201cstar\u201d ospitate<\/b> in concerto <b>a Gioia<\/b> non in fiere e sagre, ma in un contesto molto pi\u00f9 raffinato: il <b>Jazz Club U\u00e8ffilo<\/b>.<\/p>\n<p style=\"text-align: justify;\">Le due cantanti cui si fa riferimento sono <b>Chiara Civello<\/b> \u2013 fino a ieri in gara con \u201cAl posto del mondo\u201d, scritta a quattro mani con la cantautrice italo spagnola Diana Tejera &#8211; e <b>Sarah Jane Morris<\/b>, ospite nella serata del 16 febbraio accanto a Noemi.<\/p>\n<p style=\"text-align: justify;\"><b><img loading=\"lazy\" decoding=\"async\" class=\" alignright size-full wp-image-19867\" style=\"margin: 4px; float: right;\" alt=\"sara morris\" src=\"https:\/\/archiviogioia.lavocedelpaese.info\/wp-content\/uploads\/2012\/02\/sara_morris.jpg\" height=\"169\" width=\"300\" srcset=\"https:\/\/archiviogioia.lavocedelpaese.info\/wp-content\/uploads\/2012\/02\/sara_morris.jpg 640w, https:\/\/archiviogioia.lavocedelpaese.info\/wp-content\/uploads\/2012\/02\/sara_morris-300x169.jpg 300w\" sizes=\"auto, (max-width: 300px) 100vw, 300px\" \/>La Civello si \u00e8 esibita a Gioia il 10 maggio del 2009<\/b> in una suggestiva performance, accompagnandosi da sola alla chitarra ed al pianoforte in alcuni brani autobiografici, <b>la Morris \u00e8 tornata per ben due volte a U\u00e8ffilo<\/b>, affascinata dal luogo e dal calore del pubblico <b>il 19 ottobre del 2008 e il 23 gennaio del 2011<\/b>.<\/p>\n<p style=\"text-align: justify;\"><b>Filippo Cazzola, patron del \u201cjazz club\u201d, il suo direttore artistico, il mitico Marco Losavio e Alceste Ayroldi condirettore artistico della rassegna di Jazzitalia, efficientissimo e puntuale con i suoi comunicati, hanno proposto concerti di altissimo livello<\/b> e consentito ai presenti di incontrare, conversare e interagire con grandi artisti a pochi metri da loro per l\u2019intera serata. E tutto questo in una citt\u00e0 di provincia, nella quale ha i natali &#8220;jazzitalia&#8221; e che a breve, grazie ad un collegamento con Sky potr\u00e0 condividere i concerti del U\u00e8ffilo con il Bluenote di Milano. <b><img loading=\"lazy\" decoding=\"async\" class=\" alignleft size-full wp-image-19868\" style=\"margin: 4px; float: left;\" alt=\"chiara-civello\" src=\"https:\/\/archiviogioia.lavocedelpaese.info\/wp-content\/uploads\/2012\/02\/chiara-civello.jpg\" height=\"246\" width=\"265\" srcset=\"https:\/\/archiviogioia.lavocedelpaese.info\/wp-content\/uploads\/2012\/02\/chiara-civello.jpg 387w, https:\/\/archiviogioia.lavocedelpaese.info\/wp-content\/uploads\/2012\/02\/chiara-civello-300x279.jpg 300w\" sizes=\"auto, (max-width: 265px) 100vw, 265px\" \/><\/b><\/p>\n<p style=\"text-align: justify;\"><b>\u201cL&#8217;amore resta il mio tema preferito<\/b> \u2013 afferma <b>la cantautrice di origini pugliesi<\/b> raggiunta telefonicamente \u2013 <b>questo brano lo porta su un&#8217;altra dimensione<\/b>, verso un coinvolgimento superiore&#8221;.<\/p>\n<p style=\"text-align: justify;\"><b>Riguardo alla presenza a Sanremo, non ha dubbi<\/b>: \u201c<b>Vivo l&#8217;emozione di entrare in un pezzo di storia importante della canzone italiana<\/b> con grande leggerezza, sono una che non ama la routine e <b>questa avventura al Festival mi permette di fare un&#8217;esperienza importante<\/b>\u201d.<\/p>\n<p style=\"text-align: justify;\"><b>Di seguito gli stralci di due articoli pubblicati sul bimestrale \u201cla Piazza\u201d <\/b>in occasione dei concerti gioiesi.<\/p>\n<p style=\"text-align: justify;\">&nbsp;<\/p>\n<p style=\"text-align: justify;\"><b>Chiara Civello<\/b><\/p>\n<p style=\"text-align: justify;\"><img loading=\"lazy\" decoding=\"async\" class=\" alignleft size-full wp-image-19869\" style=\"margin: 4px; float: left;\" alt=\"civello 2\" src=\"https:\/\/archiviogioia.lavocedelpaese.info\/wp-content\/uploads\/2012\/02\/civello_2.jpg\" height=\"373\" width=\"250\" srcset=\"https:\/\/archiviogioia.lavocedelpaese.info\/wp-content\/uploads\/2012\/02\/civello_2.jpg 335w, https:\/\/archiviogioia.lavocedelpaese.info\/wp-content\/uploads\/2012\/02\/civello_2-201x300.jpg 201w\" sizes=\"auto, (max-width: 250px) 100vw, 250px\" \/>&#8220;Donarsi nel silenzio di un accordo, lasciare che le parole sgorghino dal cuore, ancor legate alle emozioni che le hanno generate, crea un&#8217;insolita, rarefatta intimit\u00e0. La voce calda e seducente di <strong>Chiara Civello<\/strong> non graffia: accarezza, inebria, incanta\u2026<\/p>\n<p style=\"text-align: justify;\">Un antico, taumaturgico potere vibra tra le sue corde vocali, accende fugaci stelle di consapevolezza negli intarsi di giada e smeraldo del suo sguardo, sa di esser prodigio, magia. Nei silenzi densi di attesa racchiusi nei brani di \u2018The space between&#8221;, una profetica intuizione: uno &#8220;spazio&#8221; vissuto come opportunit\u00e0, libera scelta e dimensione non solo fisica per esprimere il dilatarsi di un pensiero, di un&#8217;assenza, di parole non dette, di <em>mantra<\/em>&nbsp;che ossessivamente si rincorrono nella mente.&nbsp;&nbsp;&nbsp;&nbsp;<\/p>\n<p style=\"text-align: justify;\">Tra le sue muse l&#8217;Amore con le sue albe, i suoi tramonti, la poesia di un incontro, di un addio condiviso, il tepore di un&#8217;ardente passione spentasi senza un perch\u00e9, frammenti di anima spiaggiati nei nuovi inediti brani proposti in concerto a <strong>U\u00e8ffilo<\/strong>. In italiano, in inglese, cercando una nota sulla chitarra o sul piano, \u00e8 un offrirsi continuo, totale che possiede e lascia possedere e genera emozione autentica in una sorta di partenogenesi collettiva.<img loading=\"lazy\" decoding=\"async\" class=\" alignright size-full wp-image-19870\" style=\"margin: 4px; float: right;\" alt=\"civello 3\" src=\"https:\/\/archiviogioia.lavocedelpaese.info\/wp-content\/uploads\/2012\/02\/civello_3.jpg\" height=\"373\" width=\"250\" srcset=\"https:\/\/archiviogioia.lavocedelpaese.info\/wp-content\/uploads\/2012\/02\/civello_3.jpg 335w, https:\/\/archiviogioia.lavocedelpaese.info\/wp-content\/uploads\/2012\/02\/civello_3-201x300.jpg 201w\" sizes=\"auto, (max-width: 250px) 100vw, 250px\" \/><\/p>\n<p style=\"text-align: justify;\">Quando non canta, incanta scherzando con la sua band italiana: <strong>Marco Siniscalco <\/strong>al basso<strong>, Fabio Zeppetella<\/strong> alla chitarra, <strong>Fabrizio Fratepietro<\/strong> alla batteria contagiati dalla sua aura, brillano ma non di luce riflessa. Si eclissano, sottraendosi a malincuore a un cos\u00ec magnetico talento, solo quando soffia su di loro una virtuale polverina magica e crea dissolvenza per dialogare con il pianoforte cui affida le sue inquietudini di donna.<\/p>\n<p style=\"text-align: justify;\">Nella musica esita l&#8217;eco di un tango argentino, si stempera e dissolve ogni affanno nel sortilegio di un canto d&#8217;amore. Dei diciotto brani proposti in concerto ben quattro inediti in produzione e l&#8217;ammaliante <em>Trouble<\/em>, scritta con <strong>Burt Bacharach<\/strong> in &#8220;Laster quarter moon&#8221;, incisione di multietnica melodia, contaminata da blues, soul, funky, pop e jazz con incursioni brasiliane e bossa nova distribuita da Verve, casa discografica di Ella Fitzgerald, Louis Armstrong, Charlie Parker, Duke Ellington e per la prima volta di un&#8217;italiana.<\/p>\n<p style=\"text-align: justify;\">Una creativit\u00e0 tutta &#8220;mediterranea&#8221; in <em>Isola<\/em>, concepita con <strong>Rocco Papaleo <\/strong>nei tramonti di Stromboli. <em>Seagulls<\/em> nasce sulla spiaggia di Brooklyn, a pochi passi da casa e <em>Night<\/em> vede la luce nella magia di una notte. Mediterraneo anche il suo DNA, con <b>nonna Bianca di Martina Franca<\/b> (suo il piano su cui ricama i primi fraseggi), <b>mamma di Bari<\/b> e pap\u00e0 siciliano. Chiara <img loading=\"lazy\" decoding=\"async\" class=\" alignleft size-full wp-image-19871\" style=\"margin: 4px; float: left;\" alt=\"chiaracivello ueffilo 20090510 001\" src=\"https:\/\/archiviogioia.lavocedelpaese.info\/wp-content\/uploads\/2012\/02\/chiaracivello_ueffilo_20090510_001.jpg\" height=\"225\" width=\"300\" srcset=\"https:\/\/archiviogioia.lavocedelpaese.info\/wp-content\/uploads\/2012\/02\/chiaracivello_ueffilo_20090510_001.jpg 640w, https:\/\/archiviogioia.lavocedelpaese.info\/wp-content\/uploads\/2012\/02\/chiaracivello_ueffilo_20090510_001-300x225.jpg 300w\" sizes=\"auto, (max-width: 300px) 100vw, 300px\" \/>nasce a Roma il 15 giugno del 1975, studia jazz, a sedici anni vince una borsa studio presso il Berklee College of Music di Boston, spiccato il volo non torna pi\u00f9 a casa, si trasferisce a New York e debutta con una produzione di Russ Titelman. Sar\u00e0 lui a portarla a Santa Monica da <b>Burt Bacharach<\/b>, un incontro <em>karmico<\/em> da cui apprender\u00e0 moltissimo, destinato a cambiarle la vita.<\/p>\n<p style=\"text-align: justify;\">Se le pietre di U\u00e8ffilo potessero raccontare la loro musica, ascolteremmo il corale palpito di un cuore, il vibrante respiro dei fiati, gli esitanti accordi di chitarre alla deriva di una tempesta che ha scardinato tasti e percussioni, l&#8217;ultima nota, &#8220;in cui \u00e8 dolce naufragar&#8221; nelle profondit\u00e0 del basso e la voce di Chiara, alchemico sortilegio che dona alla pietra un pretesto di vita&#8221;.<\/p>\n<p style=\"text-align: right;\" align=\"right\">Dalila Bellacicco<\/p>\n<p style=\"text-align: right;\" align=\"right\"><em><span style=\"font-style: normal;\">[Tratto da &#8220;<strong>la Piazza<\/strong>&#8221; giugno 2009]<\/span><\/em><\/p>\n<p><em><b><span style=\"font-style: normal;\">Sarah Jane Morris e Dominic Miller<\/span><\/b><\/em><\/p>\n<p style=\"text-align: justify;\"><img loading=\"lazy\" decoding=\"async\" class=\" alignleft size-full wp-image-19872\" style=\"margin: 4px; float: left;\" alt=\"serata 37 672-458 resize\" src=\"https:\/\/archiviogioia.lavocedelpaese.info\/wp-content\/uploads\/2012\/02\/serata_37_672-458_resize.jpg\" height=\"200\" width=\"300\" srcset=\"https:\/\/archiviogioia.lavocedelpaese.info\/wp-content\/uploads\/2012\/02\/serata_37_672-458_resize.jpg 672w, https:\/\/archiviogioia.lavocedelpaese.info\/wp-content\/uploads\/2012\/02\/serata_37_672-458_resize-300x200.jpg 300w\" sizes=\"auto, (max-width: 300px) 100vw, 300px\" \/>&#8220;U\u00e8ffilo: luci soffuse, pubblico in vibrante attesa ed una voce da brivido, calda, roca, assolutamente in antitesi con i riccioli rosso tiziano che sfiorano impertinenti la candida porcellana di un viso inglese. Sarah Jane Morris ama i colori, fucsia, bianco e nero ricordano velleit\u00e0 d&#8217;arte ma non distraggono da una voce davvero unica, in grado di sprofondare negli abissi delle quattro ottave e inerpicarsi in struggenti, intensi vocalizzi. Nei silenzi che accompagnano gli arpeggi di Dominic Miller le sue mani danzano, ad occhi chiusi diviene diapason vivente, la musica la attraversa, le vibra nelle corde vocali e nel cuore. Un sussurro per dialogare con gli accordi, poi la voce si incupisce, si <img loading=\"lazy\" decoding=\"async\" class=\" alignright size-full wp-image-19873\" style=\"margin: 4px; float: right;\" alt=\"SarahJaneMorris DominicMiller 19102008 01\" src=\"https:\/\/archiviogioia.lavocedelpaese.info\/wp-content\/uploads\/2012\/02\/SarahJaneMorris_DominicMiller_19102008_01.jpg\" height=\"206\" width=\"300\" srcset=\"https:\/\/archiviogioia.lavocedelpaese.info\/wp-content\/uploads\/2012\/02\/SarahJaneMorris_DominicMiller_19102008_01.jpg 480w, https:\/\/archiviogioia.lavocedelpaese.info\/wp-content\/uploads\/2012\/02\/SarahJaneMorris_DominicMiller_19102008_01-300x206.jpg 300w\" sizes=\"auto, (max-width: 300px) 100vw, 300px\" \/>ripiega, si ritempra quindi riverbera e finalmente libera si distende, riecheggia tra archi, nicchie e volte, si rifrange e ritorna in note pulviscolari da respirare trattenendo il respiro. Nelle pause domina il ritmo cicardiano delle corde di Miller, eccezionale l&#8217;empatia tra strumento e voce, il reciproco esaltarsi senza mai creare dissonanze di protagonismo, la lettura emotiva precisa e puntuale del brano, sia esso tragicamente impegnato in una disperata denuncia sociale soffusa di blues che stemperato in &#8220;ballate&#8221; jazz.<\/p>\n<p style=\"text-align: justify;\">Due musicisti di altissimo livello. Sarah negli anni &#8217;80 da Southampton giunge a Firenze in esordio con la Melody Maker e i Panama, la ascoltiamo con Riccardo Fogli nel &#8217;90, e a Sanremo, l&#8217;anno successiv<img loading=\"lazy\" decoding=\"async\" class=\" alignleft size-full wp-image-19874\" style=\"margin: 4px; float: left;\" alt=\"SarahJaneMorris DominicMiller 19102008 03\" src=\"https:\/\/archiviogioia.lavocedelpaese.info\/wp-content\/uploads\/2012\/02\/SarahJaneMorris_DominicMiller_19102008_03.jpg\" height=\"371\" width=\"250\" srcset=\"https:\/\/archiviogioia.lavocedelpaese.info\/wp-content\/uploads\/2012\/02\/SarahJaneMorris_DominicMiller_19102008_03.jpg 276w, https:\/\/archiviogioia.lavocedelpaese.info\/wp-content\/uploads\/2012\/02\/SarahJaneMorris_DominicMiller_19102008_03-202x300.jpg 202w\" sizes=\"auto, (max-width: 250px) 100vw, 250px\" \/>o con Cocciante\u2026 l&#8217;Italia nel cuore e nel mondo in tourn\u00e8e. &#8220;Don&#8217;t leave my this way&#8221; emoziona come la prima volta, &#8220;Another little piece of my heart&#8221; e &#8220;Me and Mrs Jones&#8221; scatenano applausi e accendono ricordi, interpretazioni da brivido per &#8220;Fragile&#8221; e &#8220;Toxic&#8221;. Non a caso con suo marito, il musicista David Coulter e Otis di tredici anni, Sarah Jane sceglie di vivere in un piccolo villaggio, Walton. Il successo non offusca semplicit\u00e0 e sani valori.<\/p>\n<p style=\"text-align: justify;\">Dominic Miller musicista argentino forgiato alle corde di Sebastio Tapajos non \u00e8 da meno: chitarrista dei Police e di Sting, collaborazioni con Peter Gabriel, Phil Collins, Rod Stewart, Tina Turner, classe da vendere e tanta umilt\u00e0. Di indole classica con Beethoven nel cuore che batte a ritmo Rock, Miller dedica alla sua piccola Misty &#8220;First Touch&#8221; e a tutti i presenti rari e soffusi accompagnamenti vocali di una dolcezza infinita. Poche parole, una profondit\u00e0 sorprendente e un&#8217;insolita riservatezza che pur sfuggendo le luci della ribalta, le cattura suo malgrado. Queste le frequentazioni del Jazz Club U\u00e8ffilo grazie all&#8217;orchestrale, sinergica, geniale intuizione di Filippo Maria Cazzolla e Marco Losavio con il supporto di Pino Donvito e Alceste Ayroldi e che regalano ad una citt\u00e0 di provincia la magia e le emozioni di notti &#8220;blue&#8221; distanti anni luce&#8221;.<\/p>\n<p style=\"text-align: right;\" align=\"right\"><em><span style=\"font-style: normal;\">Dalila Bellacicco<\/span><\/em><\/p>\n<p style=\"text-align: right;\" align=\"right\"><em><span style=\"font-style: normal;\">[Tratto da &#8220;<strong>la Piazza<\/strong>&#8221; dicembre 2008]<\/span><\/em><\/p>\n<p>&nbsp;<\/p>\n","protected":false},"excerpt":{"rendered":"","protected":false},"author":1,"featured_media":19865,"comment_status":"open","ping_status":"closed","sticky":false,"template":"","format":"standard","meta":{"colormag_page_container_layout":"default_layout","colormag_page_sidebar_layout":"default_layout","footnotes":""},"categories":[7],"tags":[],"class_list":["post-19875","post","type-post","status-publish","format-standard","has-post-thumbnail","hentry","category-attualita"],"_links":{"self":[{"href":"https:\/\/archiviogioia.lavocedelpaese.info\/index.php?rest_route=\/wp\/v2\/posts\/19875","targetHints":{"allow":["GET"]}}],"collection":[{"href":"https:\/\/archiviogioia.lavocedelpaese.info\/index.php?rest_route=\/wp\/v2\/posts"}],"about":[{"href":"https:\/\/archiviogioia.lavocedelpaese.info\/index.php?rest_route=\/wp\/v2\/types\/post"}],"author":[{"embeddable":true,"href":"https:\/\/archiviogioia.lavocedelpaese.info\/index.php?rest_route=\/wp\/v2\/users\/1"}],"replies":[{"embeddable":true,"href":"https:\/\/archiviogioia.lavocedelpaese.info\/index.php?rest_route=%2Fwp%2Fv2%2Fcomments&post=19875"}],"version-history":[{"count":0,"href":"https:\/\/archiviogioia.lavocedelpaese.info\/index.php?rest_route=\/wp\/v2\/posts\/19875\/revisions"}],"wp:featuredmedia":[{"embeddable":true,"href":"https:\/\/archiviogioia.lavocedelpaese.info\/index.php?rest_route=\/wp\/v2\/media\/19865"}],"wp:attachment":[{"href":"https:\/\/archiviogioia.lavocedelpaese.info\/index.php?rest_route=%2Fwp%2Fv2%2Fmedia&parent=19875"}],"wp:term":[{"taxonomy":"category","embeddable":true,"href":"https:\/\/archiviogioia.lavocedelpaese.info\/index.php?rest_route=%2Fwp%2Fv2%2Fcategories&post=19875"},{"taxonomy":"post_tag","embeddable":true,"href":"https:\/\/archiviogioia.lavocedelpaese.info\/index.php?rest_route=%2Fwp%2Fv2%2Ftags&post=19875"}],"curies":[{"name":"wp","href":"https:\/\/api.w.org\/{rel}","templated":true}]}}