{"id":2010,"date":"2010-05-18T04:45:09","date_gmt":"2010-05-18T04:45:09","guid":{"rendered":"https:\/\/archiviogioia.lavocedelpaese.info\/?p=2010"},"modified":"2010-05-18T04:45:09","modified_gmt":"2010-05-18T04:45:09","slug":"a-50-anni-dalla-morte-rocco-fasano-ricorda-r-javarone","status":"publish","type":"post","link":"https:\/\/archiviogioia.lavocedelpaese.info\/?p=2010","title":{"rendered":"A 50 ANNI DALLA MORTE ROCCO FASANO RICORDA R. JAVARONE"},"content":{"rendered":"<p><img loading=\"lazy\" decoding=\"async\" class=\" size-full wp-image-2007\" alt=\"photo-gallery\" src=\"https:\/\/archiviogioia.lavocedelpaese.info\/wp-content\/uploads\/2010\/05\/photo-gallery.jpg\" width=\"320\" height=\"150\" srcset=\"https:\/\/archiviogioia.lavocedelpaese.info\/wp-content\/uploads\/2010\/05\/photo-gallery.jpg 320w, https:\/\/archiviogioia.lavocedelpaese.info\/wp-content\/uploads\/2010\/05\/photo-gallery-300x141.jpg 300w\" sizes=\"auto, (max-width: 320px) 100vw, 320px\" \/> <\/p>\n<p><!--more--><\/p>\n<p style=\"text-align: justify;\"><strong><img loading=\"lazy\" decoding=\"async\" class=\" alignleft size-full wp-image-2008\" style=\"margin: 4px; float: left;\" alt=\"javarone_1\" src=\"https:\/\/archiviogioia.lavocedelpaese.info\/wp-content\/uploads\/2010\/05\/javarone_1.jpg\" width=\"286\" height=\"194\" \/>Ultimo profilo della \u201cGalleria di personaggi\u201d<\/strong> in chiusura della rassegna delle conversazioni del mercoled\u00ec organizzate dal Teatro e dalla Biblioteca Comunale, il pittore <strong>Renato Javarone<\/strong>, ricordato il 19 maggio, alle 18.30, nella sala dello IAT, dal professor <strong>Rocco Fasano<\/strong>.<\/p>\n<div style=\"text-align: justify;\"><\/div>\n<p style=\"text-align: justify;\"><strong>Le opere dell\u2019artista sono presenti nei pi\u00f9 prestigiosi cataloghi nazionali ed internazionali<\/strong> e, nonostante sia scomparso da soli 50 anni, ben pochi, nella sua stessa citt\u00e0 natale, ne conoscono la storia.<\/p>\n<div style=\"text-align: justify;\"><\/div>\n<p style=\"text-align: justify;\"><strong>Nel corso della mattinata di mercoled\u00ec<\/strong>, precisamente <strong>alle ore <st1:metricconverter productid=\"12 in\" w:st=\"on\">12 in<\/st1:metricconverter> biblioteca sar\u00e0 inaugurata una mostra delle opere del pittore<\/strong>, per l\u2019occasione \u00e8 stata indetta una conferenza stampa cui parteciperanno il Sindaco <strong>Piero Longo<\/strong>, <strong>Paolo Masini<\/strong> (vice Presidente Commissione Cultura del Comune di Roma), <strong>Marzia Capannolo<\/strong> (critico d\u2019arte) e <st1:personname productid=\"la famiglia Javarone.\" w:st=\"on\">la famiglia  Javarone.<\/st1:personname><\/p>\n<div style=\"text-align: justify;\"><\/div>\n<p style=\"text-align: justify;\"><strong><img loading=\"lazy\" decoding=\"async\" class=\" alignright size-full wp-image-2009\" style=\"margin: 4px; float: right;\" alt=\"javarone_2\" src=\"https:\/\/archiviogioia.lavocedelpaese.info\/wp-content\/uploads\/2010\/05\/javarone_2.jpg\" width=\"288\" height=\"206\" \/>Voci vicine all\u2019amministrazione danno per certa la donazione<\/strong> di alcune opere dell\u2019artista al Comune gioiese, opere che inaugureranno la pinacoteca comunale, mentre \u00e8 certa la volont\u00e0 di Longo di dare il via a future iniziative in citt\u00e0 e nel capoluogo di provincia, finalizzate a valorizzare l\u2019artista pugliese.<\/p>\n<div style=\"text-align: justify;\"><\/div>\n<p style=\"text-align: justify;\"><strong>Le scarne note biografiche, cos\u00ec recitano<\/strong>: \u201cRenato Javarone nacque a Gioia del Colle il 1894 e visse, fino alla morte avvenuta nel <st1:metricconverter productid=\"1960, a\" w:st=\"on\">1960, a<\/st1:metricconverter> Roma, presso l\u2019Uccelliera di Villa Borghese, dedicandosi completamente all\u2019arte.<\/p>\n<div style=\"text-align: justify;\"><\/div>\n<p style=\"text-align: justify;\"><strong>Egli partecip\u00f2 a molte mostre, sia in Italia che all\u2019estero<\/strong>, con notevoli consensi di critica e nel 1924 una sua opera fu esposta alla <strong>Biennale di Venezia<\/strong>. A lui nel 1982 l\u2019Amministrazione Provinciale di Roma dedic\u00f2 una retrospettiva, alla quale partecip\u00f2 una delegazione del Consiglio comunale di Gioia del Colle\u201d.<\/p>\n<div style=\"text-align: justify;\"><\/div>\n<p style=\"text-align: justify;\"><strong>Questi i titoli di alcune sue opere<\/strong>: Tramonto dal monte&#8217; Solaro, Cortile coperto (Capri), Silenzio pugliese, I bagni di Tiberio (Capri), Cortile rustico, La casa di G.- Murat.-Vecchia cucina a sera., Mattinata (Capri), Strada con arco (Capri), Monte Solaro dopo il tramonto, Case bianche, Trulli, Il temporale dal monte Tiberio, Mattinata d&#8217;agosto, Giardino (Capri), Accorciatoia per la marina, (Giardin) della Certosa, Capri dal monte Tiberio, Via Coperta., I pini e la costa di Amalfi.<\/p>\n","protected":false},"excerpt":{"rendered":"","protected":false},"author":1,"featured_media":2007,"comment_status":"open","ping_status":"closed","sticky":false,"template":"","format":"standard","meta":{"colormag_page_container_layout":"default_layout","colormag_page_sidebar_layout":"default_layout","footnotes":""},"categories":[6],"tags":[],"class_list":["post-2010","post","type-post","status-publish","format-standard","has-post-thumbnail","hentry","category-cultura"],"_links":{"self":[{"href":"https:\/\/archiviogioia.lavocedelpaese.info\/index.php?rest_route=\/wp\/v2\/posts\/2010","targetHints":{"allow":["GET"]}}],"collection":[{"href":"https:\/\/archiviogioia.lavocedelpaese.info\/index.php?rest_route=\/wp\/v2\/posts"}],"about":[{"href":"https:\/\/archiviogioia.lavocedelpaese.info\/index.php?rest_route=\/wp\/v2\/types\/post"}],"author":[{"embeddable":true,"href":"https:\/\/archiviogioia.lavocedelpaese.info\/index.php?rest_route=\/wp\/v2\/users\/1"}],"replies":[{"embeddable":true,"href":"https:\/\/archiviogioia.lavocedelpaese.info\/index.php?rest_route=%2Fwp%2Fv2%2Fcomments&post=2010"}],"version-history":[{"count":0,"href":"https:\/\/archiviogioia.lavocedelpaese.info\/index.php?rest_route=\/wp\/v2\/posts\/2010\/revisions"}],"wp:featuredmedia":[{"embeddable":true,"href":"https:\/\/archiviogioia.lavocedelpaese.info\/index.php?rest_route=\/wp\/v2\/media\/2007"}],"wp:attachment":[{"href":"https:\/\/archiviogioia.lavocedelpaese.info\/index.php?rest_route=%2Fwp%2Fv2%2Fmedia&parent=2010"}],"wp:term":[{"taxonomy":"category","embeddable":true,"href":"https:\/\/archiviogioia.lavocedelpaese.info\/index.php?rest_route=%2Fwp%2Fv2%2Fcategories&post=2010"},{"taxonomy":"post_tag","embeddable":true,"href":"https:\/\/archiviogioia.lavocedelpaese.info\/index.php?rest_route=%2Fwp%2Fv2%2Ftags&post=2010"}],"curies":[{"name":"wp","href":"https:\/\/api.w.org\/{rel}","templated":true}]}}