{"id":20123,"date":"2012-02-24T06:00:48","date_gmt":"2012-02-24T06:00:48","guid":{"rendered":"https:\/\/archiviogioia.lavocedelpaese.info\/?p=20123"},"modified":"2012-02-24T06:00:48","modified_gmt":"2012-02-24T06:00:48","slug":"leo-palmisano-litalia-e-un-paese-da-ricostruire-2","status":"publish","type":"post","link":"https:\/\/archiviogioia.lavocedelpaese.info\/?p=20123","title":{"rendered":"LEO PALMISANO: \u201cL\u2019ITALIA \u00c9 UN PAESE DA RICOSTRUIRE\u201d"},"content":{"rendered":"<p><img loading=\"lazy\" decoding=\"async\" class=\" size-full wp-image-20113\" style=\"margin-right: 2px; margin-left: 2px;\" alt=\"leo-palmisano-unotre-pp\" src=\"https:\/\/archiviogioia.lavocedelpaese.info\/wp-content\/uploads\/2012\/02\/leo-palmisano-unotre-pp.jpg\" height=\"150\" width=\"320\" srcset=\"https:\/\/archiviogioia.lavocedelpaese.info\/wp-content\/uploads\/2012\/02\/leo-palmisano-unotre-pp.jpg 640w, https:\/\/archiviogioia.lavocedelpaese.info\/wp-content\/uploads\/2012\/02\/leo-palmisano-unotre-pp-300x141.jpg 300w\" sizes=\"auto, (max-width: 320px) 100vw, 320px\" \/><\/p>\n<p><!--more--><\/p>\n<p style=\"margin-bottom: 0.0001pt; text-align: justify; line-height: normal;\"><b><img loading=\"lazy\" decoding=\"async\" class=\" alignleft size-full wp-image-20114\" style=\"margin: 4px; float: left;\" alt=\"dopo di lui libro leo palmisano\" src=\"https:\/\/archiviogioia.lavocedelpaese.info\/wp-content\/uploads\/2012\/02\/dopo_di_lui_libro_leo_palmisano.png\" height=\"366\" width=\"200\" srcset=\"https:\/\/archiviogioia.lavocedelpaese.info\/wp-content\/uploads\/2012\/02\/dopo_di_lui_libro_leo_palmisano.png 1354w, https:\/\/archiviogioia.lavocedelpaese.info\/wp-content\/uploads\/2012\/02\/dopo_di_lui_libro_leo_palmisano-164x300.png 164w, https:\/\/archiviogioia.lavocedelpaese.info\/wp-content\/uploads\/2012\/02\/dopo_di_lui_libro_leo_palmisano-560x1024.png 560w, https:\/\/archiviogioia.lavocedelpaese.info\/wp-content\/uploads\/2012\/02\/dopo_di_lui_libro_leo_palmisano-768x1404.png 768w, https:\/\/archiviogioia.lavocedelpaese.info\/wp-content\/uploads\/2012\/02\/dopo_di_lui_libro_leo_palmisano-840x1536.png 840w, https:\/\/archiviogioia.lavocedelpaese.info\/wp-content\/uploads\/2012\/02\/dopo_di_lui_libro_leo_palmisano-1120x2048.png 1120w\" sizes=\"auto, (max-width: 200px) 100vw, 200px\" \/>Si nomina Berlusconi<\/b>, e si potrebbe quasi parlare dell\u2019<b>autobiografia di una Nazione<\/b>. E quando si parla di un\u2019autobiografia <b>si va lontano nel tempo cercando le radici remote<\/b> della pi\u00f9 acuta nevrosi della storia d\u2019Italia. Nevrosi che investe il sistema politico ed economico, ma maggiormente un sistema di <b>valori morali e culturali che sprofondano sempre pi\u00f9<\/b>. Trattasi di una catabasi, di <b>una caduta della storia verso il basso<\/b>.<\/p>\n<p style=\"margin-bottom: 0.0001pt; text-align: justify; line-height: normal;\">Trattasi di una <b>nevrosi psichica che si cerca di analizzare in un dibattito attivo, avuto<\/b> nella serata di mercoled\u00ec 22 febbraio, <b>presso Spazio Unotre<\/b>, location dedita al confronto artistico e culturale, e messa gentilmente a disposizione dalla generosit\u00e0 di <b>Mario Pugliese<\/b>.<\/p>\n<p style=\"margin-bottom: 0.0001pt; text-align: justify; line-height: normal;\">Incontro durante il quale si \u00e8 avuta la presentazione del libro: \u2018<b>DOPO DI LUI \u2013 cosa sar\u00e0 dell\u2019Italia dopo Silvio Berlusconi<\/b>\u2019, inchiesta giornalistica restituitaci dalla penna <b>del sociologo barese Leo Palmisano<\/b>, ed edito Caratteri Mobili, interessante casa editrice barese.<\/p>\n<p style=\"margin-bottom: 0.0001pt; text-align: justify; line-height: normal;\"><b>Molteplici le tematiche discusse durante l\u2019appuntamento<\/b>, nato dall\u2019inedita collaborazione del circolo <b>Arci Lebowski<\/b> e <strong>Meters-Studi<\/strong> e ricerche per il sociale. <b>Si parte dal 1994<\/b>, <b>data<\/b> dalla quale la storia della politica italiana \u00e8 <b>legata a Pier Silvio Berlusconi<\/b> \u201cPresidente del Consiglio per molto tempo, e soprattutto governatore dell\u2019immagine nazionale\u201d, cos\u00ec si esprime <b>Leo Palmisano in un momento del dibattito<\/b>. Ed \u00e8 a quell\u2019immagine che \u00e8 strettamente legato quel fenomeno infimo <b>che va sotto il nome del berlusconismo<\/b>.<\/p>\n<p style=\"margin-bottom: 0.0001pt; text-align: justify; line-height: normal;\"><b><img loading=\"lazy\" decoding=\"async\" class=\" alignright size-full wp-image-20115\" style=\"margin: 4px; float: right;\" alt=\"leo-palmisano-unotre-2\" src=\"https:\/\/archiviogioia.lavocedelpaese.info\/wp-content\/uploads\/2012\/02\/leo-palmisano-unotre-2.jpg\" height=\"366\" width=\"275\" srcset=\"https:\/\/archiviogioia.lavocedelpaese.info\/wp-content\/uploads\/2012\/02\/leo-palmisano-unotre-2.jpg 354w, https:\/\/archiviogioia.lavocedelpaese.info\/wp-content\/uploads\/2012\/02\/leo-palmisano-unotre-2-225x300.jpg 225w\" sizes=\"auto, (max-width: 275px) 100vw, 275px\" \/>Fenomeno che non risparmia nessuno<\/b>, senza esclusione di colore e partito, perch\u00e9 <b>frutto della pi\u00f9 becera comunicazione di massa, tesa al rovesciamento e allo sgretolamento di ogni valore morale e culturale<\/b>. Si parla di come l\u2019interesse privato sia entrato in politica, e in proposito l\u2019autore del libro asserisce: \u201c[\u2026] Bene, questo \u00e8 il berlusconismo. <b>Berlusconi ha fatto in modo che l\u2019interesse privato potesse entrare in politica, e nutrirsi di questa<\/b>\u201d. A ci\u00f2 si aggiunge l\u2019aver lanciato il messaggio che non servono meriti e competenze se chiunque pu\u00f2 raggiungere cariche istituzionali di rilievo.<\/p>\n<p style=\"margin-bottom: 0.0001pt; text-align: justify; line-height: normal;\"><b>Parla del ruolo della donna ridotto a mera merce di scambio<\/b>, iniziando dai programmi televisivi come Drive in: \u201c<b>\u00c8 qualcosa che viene da molto lontano<\/b>\u201d. E di rimando chiede sarcasticamente all\u2019uditorio: \u201c<b>Ma quel valore quanto \u00e8 diffuso anche a sinistra?<\/b>\u201d. La domanda sa di retorica, perch\u00e9 i valori, ahinoi, vengono introiettati, ed assunti come una seconda natura.<\/p>\n<p style=\"margin-bottom: 0.0001pt; text-align: justify; line-height: normal;\">\u201c<b>Silvio Berlusconi<\/b> \u2013 continua l\u2019autore \u2013 <b>si attesta come un uomo politico che ancora detta le condizioni in questo Paese<\/b>\u201d. E alla domanda postagli sul se il berlusconismo \u00e8 un fenomeno alimentato non solo dalla sua presenza, ma anche dalla sua assenza\u201d, Leo risponde in tono amaro: \u201c<b>L\u2019Italia \u00e8 un paese che procede per rimozione<\/b>\u201d.<\/p>\n<p style=\"margin-bottom: 0.0001pt; text-align: justify; line-height: normal;\"><b>Altra tematica scottante, come sottolinea Piera De Giorgi<\/b> che, assieme a <b>Giovanna Magistro<\/b>, ha condotto la serata, <b>\u00e8 quella del disincanto, della disillusione dei giovani<\/b>, <img loading=\"lazy\" decoding=\"async\" class=\" alignleft size-full wp-image-20116\" style=\"margin: 4px; float: left;\" alt=\"leo-palmisano-unotre-3\" src=\"https:\/\/archiviogioia.lavocedelpaese.info\/wp-content\/uploads\/2012\/02\/leo-palmisano-unotre-3.jpg\" height=\"225\" width=\"300\" srcset=\"https:\/\/archiviogioia.lavocedelpaese.info\/wp-content\/uploads\/2012\/02\/leo-palmisano-unotre-3.jpg 472w, https:\/\/archiviogioia.lavocedelpaese.info\/wp-content\/uploads\/2012\/02\/leo-palmisano-unotre-3-300x225.jpg 300w\" sizes=\"auto, (max-width: 300px) 100vw, 300px\" \/>della generazione denominata \u2018TQ\u2019, dove \u2018TQ\u2019 sta per trenta-quaranta, come afferma con malinconica ironia l\u2019autore barese.<\/p>\n<p style=\"margin-bottom: 0.0001pt; text-align: justify; line-height: normal;\"><b>Leo Palmisano crede fermamente che l\u2019Italia sia un Paese da ricostruire<\/b>, e con veemenza sostiene: \u201c[\u2026] <b>Solo il rispetto delle regole democratiche garantisce il rispetto del Paese<\/b>, e il dibattito democratico <b>dovrebbe nascere all\u2019interno dei Partiti<\/b> che dovrebbero <b>tornare ad essere delle palestre di idee<\/b>\u201d.<\/p>\n<p style=\"margin-bottom: 0.0001pt; text-align: justify; line-height: normal;\"><b>Si richiama a Gramsci<\/b>, il quale credeva che <b>solo la sovrastruttura culturale \u00e8 in grado di renderci realmente liberi<\/b>. Un incontro che si rivela essere un momento di autorganizzazione realmente proficuo, perch\u00e9, <b>detta con Gaber, \u201cla libert\u00e0, non \u00e8 uno spazio libero, libert\u00e0 \u00e8 partecipazione<\/b>\u201d.<\/p>\n<p>&nbsp;<\/p>\n","protected":false},"excerpt":{"rendered":"","protected":false},"author":1,"featured_media":20113,"comment_status":"open","ping_status":"closed","sticky":false,"template":"","format":"standard","meta":{"colormag_page_container_layout":"default_layout","colormag_page_sidebar_layout":"default_layout","footnotes":""},"categories":[7],"tags":[],"class_list":["post-20123","post","type-post","status-publish","format-standard","has-post-thumbnail","hentry","category-attualita"],"_links":{"self":[{"href":"https:\/\/archiviogioia.lavocedelpaese.info\/index.php?rest_route=\/wp\/v2\/posts\/20123","targetHints":{"allow":["GET"]}}],"collection":[{"href":"https:\/\/archiviogioia.lavocedelpaese.info\/index.php?rest_route=\/wp\/v2\/posts"}],"about":[{"href":"https:\/\/archiviogioia.lavocedelpaese.info\/index.php?rest_route=\/wp\/v2\/types\/post"}],"author":[{"embeddable":true,"href":"https:\/\/archiviogioia.lavocedelpaese.info\/index.php?rest_route=\/wp\/v2\/users\/1"}],"replies":[{"embeddable":true,"href":"https:\/\/archiviogioia.lavocedelpaese.info\/index.php?rest_route=%2Fwp%2Fv2%2Fcomments&post=20123"}],"version-history":[{"count":0,"href":"https:\/\/archiviogioia.lavocedelpaese.info\/index.php?rest_route=\/wp\/v2\/posts\/20123\/revisions"}],"wp:featuredmedia":[{"embeddable":true,"href":"https:\/\/archiviogioia.lavocedelpaese.info\/index.php?rest_route=\/wp\/v2\/media\/20113"}],"wp:attachment":[{"href":"https:\/\/archiviogioia.lavocedelpaese.info\/index.php?rest_route=%2Fwp%2Fv2%2Fmedia&parent=20123"}],"wp:term":[{"taxonomy":"category","embeddable":true,"href":"https:\/\/archiviogioia.lavocedelpaese.info\/index.php?rest_route=%2Fwp%2Fv2%2Fcategories&post=20123"},{"taxonomy":"post_tag","embeddable":true,"href":"https:\/\/archiviogioia.lavocedelpaese.info\/index.php?rest_route=%2Fwp%2Fv2%2Ftags&post=20123"}],"curies":[{"name":"wp","href":"https:\/\/api.w.org\/{rel}","templated":true}]}}