{"id":20182,"date":"2012-02-26T06:43:15","date_gmt":"2012-02-26T06:43:15","guid":{"rendered":"https:\/\/archiviogioia.lavocedelpaese.info\/?p=20182"},"modified":"2012-02-26T06:43:15","modified_gmt":"2012-02-26T06:43:15","slug":"leonardo-colafelice-alla-viii-edizione-di-legature-video-2","status":"publish","type":"post","link":"https:\/\/archiviogioia.lavocedelpaese.info\/?p=20182","title":{"rendered":"LEONARDO COLAFELICE ALLA VIII EDIZIONE DI LEGATURE-video"},"content":{"rendered":"<p><img loading=\"lazy\" decoding=\"async\" class=\" size-full wp-image-20174\" style=\"margin-right: 2px; margin-left: 2px;\" alt=\"Leonardo Colafelice2-pp\" src=\"https:\/\/archiviogioia.lavocedelpaese.info\/wp-content\/uploads\/2012\/02\/Leonardo_Colafelice2-pp.jpg\" height=\"150\" width=\"320\" srcset=\"https:\/\/archiviogioia.lavocedelpaese.info\/wp-content\/uploads\/2012\/02\/Leonardo_Colafelice2-pp.jpg 640w, https:\/\/archiviogioia.lavocedelpaese.info\/wp-content\/uploads\/2012\/02\/Leonardo_Colafelice2-pp-300x141.jpg 300w\" sizes=\"auto, (max-width: 320px) 100vw, 320px\" \/><\/p>\n<p><!--more--><\/p>\n<p style=\"text-align: justify;\"><b><img loading=\"lazy\" decoding=\"async\" class=\" alignleft size-full wp-image-20175\" style=\"margin: 4px; float: left;\" alt=\"colafelice leonardo\" src=\"https:\/\/archiviogioia.lavocedelpaese.info\/wp-content\/uploads\/2012\/02\/colafelice_leonardo.jpg\" height=\"200\" width=\"300\" \/>Quarto appuntamento<\/b> <b>per la VIII Edizione di Legature<\/b>, prestigiosa rassegna di musica classica organizzata dall\u2019Associazione Musicale \u201cDaniele Lobefaro\u201d, in collaborazione con il Comune di Gioia del Colle e con la <b>direzione artistica della dr.ssa Paola Sorrentino<\/b>.<\/p>\n<p style=\"text-align: justify;\"><b>Gioved\u00ec 1 marzo 2012<\/b> (ore 19,30) presso l\u2019Auditorium Lum (Via Santeramo, Gioia del Colle) si terr\u00e0 il <b>recital pianistico di Leonardo Colafelice<\/b>.<\/p>\n<p style=\"text-align: justify;\"><b>Il giovanissimo pianista pugliese<\/b> (classe 1995) <b>eseguir\u00e0 il seguente programma<\/b>: L. v. Beethoven &#8211; Sonata op. 81a (Lebewohl); F. Chopin &#8211; Scherzo n. 4 op. 54; F. Chopin &#8211; &#8220;Heroic&#8221; Polonaise op. 53; F. Mendelssohn &#8211; Variations Serieuses op. 54.<\/p>\n<p style=\"text-align: justify;\"><b><img loading=\"lazy\" decoding=\"async\" class=\" alignright size-full wp-image-20176\" style=\"margin: 4px; float: right;\" alt=\"Leg.-12-pubb1\" src=\"https:\/\/archiviogioia.lavocedelpaese.info\/wp-content\/uploads\/2012\/02\/Leg.-12-pubb1.png\" height=\"164\" width=\"300\" srcset=\"https:\/\/archiviogioia.lavocedelpaese.info\/wp-content\/uploads\/2012\/02\/Leg.-12-pubb1.png 476w, https:\/\/archiviogioia.lavocedelpaese.info\/wp-content\/uploads\/2012\/02\/Leg.-12-pubb1-300x164.png 300w\" sizes=\"auto, (max-width: 300px) 100vw, 300px\" \/>L\u2019evento \u00e8 in collaborazione con la L.U.M.<\/b>, rappresentata dalla dr.ssa Loredana Tomasicchio, direttrice della sede universitaria di Gioia del Colle.<\/p>\n<p style=\"text-align: justify;\"><b>Biglietti rassegna<\/b> \u201cLEGATURE\u201d: <b>Intero<\/b> \u20ac 10,00; <b>Ridotto<\/b> \u20ac 8,00 (12-24 anni, over 65, soci); <b>Ridotto<\/b> \u20ac 5,00 (7-11 anni). <b>Ingresso gratuito per i bambini fino a 6 anni<\/b>.<\/p>\n<p style=\"text-align: justify;\"><b>Abbonamento<\/b> \u20ac 25. Abbonamento <b>scuole<\/b> \u20ac 15,00.<\/p>\n<p style=\"text-align: justify;\"><b>Info<\/b>: Tel. 080 3433405 \u2013 fax 080 9190223 &#8211; Cell. 328 1891920.<\/p>\n<p style=\"text-align: justify;\"><a href=\"mailto:%3Ca%20href=\" mailto:parade99=\"\" alice=\"\" it=\"\">Parade99@alice.it<\/a> &#8211; <a href=\"http:\/\/www.associazionemusicaledanielelobefaro.it\/\">www.associazionemusicaledanielelobefaro.it<\/a><\/p>\n<p style=\"text-align: justify;\"><b>Prevendite<\/b>: ASS. D. LOBEFARO via Flora, 77 \u2013 Gioia del Colle (lunedi, mercoled\u00ec, gioved\u00ec, venerd\u00ec, ore 16,00-20,30); DIXIELAND, via Dante, 75 \u2013 Gioia del Colle &#8211; Tel. 080 3484674.<\/p>\n<p style=\"text-align: justify;\"><b>Alceste Ayroldi<\/b> &#8211; Responsabile della Comunicazione Legature 2012 &#8211; 339\/2986949.<\/p>\n<p style=\"text-align: justify;\">&#8212;&#8212;&#8212;&#8212;&#8212;&#8212;&#8212;&#8212;&#8212;&#8212;&#8212;&#8211;<\/p>\n<p style=\"text-align: justify;\"><b><img loading=\"lazy\" decoding=\"async\" class=\" alignleft size-full wp-image-20177\" style=\"margin: 4px; float: left;\" alt=\"Leonardo Colafelice-piano\" src=\"https:\/\/archiviogioia.lavocedelpaese.info\/wp-content\/uploads\/2012\/02\/Leonardo_Colafelice-piano.jpg\" height=\"164\" width=\"300\" srcset=\"https:\/\/archiviogioia.lavocedelpaese.info\/wp-content\/uploads\/2012\/02\/Leonardo_Colafelice-piano.jpg 629w, https:\/\/archiviogioia.lavocedelpaese.info\/wp-content\/uploads\/2012\/02\/Leonardo_Colafelice-piano-300x164.jpg 300w\" sizes=\"auto, (max-width: 300px) 100vw, 300px\" \/>Leonardo Colafelice<\/b>, pianista, <b>nato nel 1995 \u00e8 allievo del M\u00b0 Pasquale Iannone<\/b> presso il Conservatorio di Musica \u201cN. Piccinni\u201d di Bari. Ha iniziato lo studio del pianoforte ad 8 anni nella classe del M\u00b0 Sergio Di Gennaro, segue inoltre regolarmente gli insegnamenti della Prof.ssa Marisa Somma.<\/p>\n<p style=\"text-align: justify;\"><b>Recentemente \u00e8 risultato vincitore<\/b> (I premio) del Torneo Internazionale di Musica (TIM) edizione 2010, <b>vincitore<\/b> (I premio) dell\u20198\u00b0 Concorso Internazionale per Solisti e Orchestra \u201cPremio Citt\u00e0 di Padova\u201d e <b>vincitore<\/b> (I premio) del \u201cYoung Pianist of the North\u201d svoltosi lo scorso novembre a Newcastle (Inghilterra). E\u2019 stato <b>premiato<\/b> inoltre nei seguenti concorsi: \u201cBang &amp; Olufsen\u201d Piano Competition, Aarhus, Danimarca (II premio), Premio \u201cSilvio Bengalli\u201d, Val Tidone (IV premio), \u201cLuciano Luciani\u201d International Competition (II premio), \u201cRachmaninov\u201d International Piano Competition, Morcone (II premio).<\/p>\n<p style=\"text-align: justify;\">E\u2019 risultato inoltre <b>semifinalista<\/b> (top 11) nel prestigioso concorso \u201cThomas &amp; Evon Cooper International Competition\u201d, Oberlin (OH, USA) e semifinalista (top 9) nel concorso internazionale \u201ce-Piano Junior Competition\u201d, Minneapolis\/St. Paul (MN, USA).<\/p>\n<p style=\"text-align: justify;\"><img loading=\"lazy\" decoding=\"async\" class=\" alignright size-full wp-image-20178\" style=\"margin: 4px; float: right;\" alt=\"Leonardo Colafelice1-premio\" src=\"https:\/\/archiviogioia.lavocedelpaese.info\/wp-content\/uploads\/2012\/02\/Leonardo_Colafelice1-premio.jpg\" height=\"162\" width=\"300\" srcset=\"https:\/\/archiviogioia.lavocedelpaese.info\/wp-content\/uploads\/2012\/02\/Leonardo_Colafelice1-premio.jpg 636w, https:\/\/archiviogioia.lavocedelpaese.info\/wp-content\/uploads\/2012\/02\/Leonardo_Colafelice1-premio-300x162.jpg 300w\" sizes=\"auto, (max-width: 300px) 100vw, 300px\" \/>Malgrado la sua giovanissima et\u00e0, <b>ha gi\u00e0 conseguito, tra il 2005 ed il 2011, oltre 50 primi premi e primi premi assoluti in competizioni nazionali ed internazionali<\/b> tra cui: \u201cSan Nicola Giovani\u201d di Bari, \u201cEuterpe\u201d di Corato (Ba), \u201cMiro\u201d di Sarezzo (BS), \u201cCitt\u00e0 di S. Giovanni Teatino\u201d (CH), \u201cConcours Musical de France\u201d \u2013 St. Maur des Fosses (Parigi), \u201cGiovani Musicisti\u201d di Castellammare di Stabia (NA), \u201cPremio Benedetto XIII\u201d di Gravina in Puglia (BA), \u201cPremio Sarro\u201d di Trani (BT), \u201cPietro Argento\u201d di Gioia del Colle (BA), \u201cCitt\u00e0 di San Gemini\u201d (TR), \u201cCitt\u00e0 di Barletta\u201d (BT), \u201cCitt\u00e0 di Fasano\u201d (BR), \u201cMendelssohn Cup\u201d \u2013 Taurisano (LE), \u201cCitt\u00e0 di Mercato San Severino\u201d (SA), \u201cCitt\u00e0 di Casamassima (BA)\u201d, \u201cEurorchestra\u201d \u2013 Bari, \u201cMarco Fortini\u201d di Bologna, \u201cCitt\u00e0 di Caserta\u201d.<\/p>\n<p style=\"text-align: justify;\"><b>Ha frequentato Master e Corsi di perfezionamento<\/b> con Aquiles Delle Vigne, Ilja Scheps, Ovidiu Balan, Aldo Ciccolini, Tiziano Poli, Riccardo Risaliti, Sanford Margolis, Robert Shannon.<\/p>\n<p style=\"text-align: justify;\"><strong>Ha tenuto Concerti solistici nelle principali citt\u00e0 italiane<\/strong>. Lo scorso ottobre ha inaugurato la stagione &#8220;Incontri musicali&#8221; della Societ\u00e0 dei Concerti di Milano esibendosi nell\u2019Auditorium \u201cG. Gaber\u201d (Grattacielo Pirelli, Milano).<\/p>\n<p style=\"text-align: justify;\"><b><img loading=\"lazy\" decoding=\"async\" class=\" alignleft size-full wp-image-20180\" style=\"margin: 4px; float: left;\" alt=\"Leonardo Colafelice premio\" src=\"https:\/\/archiviogioia.lavocedelpaese.info\/wp-content\/uploads\/2012\/02\/Leonardo_Colafelice_premio.jpg\" height=\"225\" width=\"300\" srcset=\"https:\/\/archiviogioia.lavocedelpaese.info\/wp-content\/uploads\/2012\/02\/Leonardo_Colafelice_premio.jpg 729w, https:\/\/archiviogioia.lavocedelpaese.info\/wp-content\/uploads\/2012\/02\/Leonardo_Colafelice_premio-300x225.jpg 300w\" sizes=\"auto, (max-width: 300px) 100vw, 300px\" \/>Si \u00e8 esibito, inoltre, con numerose orchestre<\/b> tra cui: Orchestra del Conservatorio \u201cN. Piccinni\u201d di Bari diretta da Daniele Lonero eseguendo il Concerto n. 1 op. 15 di L. v. Beethoven, Collegium Musicum diretto da Rino Marrone, Balkan Festival Orchestra diretta da Rino Campanale e Eurorchestra di Bari eseguendo il Concerto in la minore di F. Mendelssohn, Orchestra della Provincia di Bari diretta da Silvia Casalin Rizzolo, Orchestra di Padova e del Veneto diretta da Massimo Mazza e Orchestra Filarmonica Mihail Jora diretta da Ovidiu Balan eseguendo il Concerto n. 3 op. 30 di S. Rachmaninov, Orchestra \u201cSaverio Mercadante\u201d di Altamura diretta da Michele Marvulli eseguendo il Concerto n. 5 op. 73 di L. v. Beethoven.<\/p>\n<p style=\"text-align: justify;\"><b>Aldo Ciccolini si \u00e8 espresso su di lui con le seguenti parole<\/b>: \u201cIl giovanissimo Leonardo Colafelice, che ho ascoltato stasera, mi ha impressionato per le sue qualit\u00e0 di virtuoso della tastiera. A 12 anni soltanto \u00e8 in grado di affrontare difficolt\u00e0 tecniche reputate pericolose, con una semplicit\u00e0 confondente. Va senza dire che un elemento come <b>Leonardo Colafelice \u00e8 un pianista nato e destinato ad una brillantissima carriera<\/b>\u201d.<\/p>\n<p><object width=\"640\" height=\"360\" data=\"http:\/\/www.youtube.com\/v\/l09ZKHDPw64?version=3&amp;hl=it_IT\" type=\"application\/x-shockwave-flash\"><param name=\"movie\" value=\"http:\/\/www.youtube.com\/v\/l09ZKHDPw64?version=3&amp;hl=it_IT\" \/><param name=\"allowFullScreen\" value=\"true\" \/><param name=\"allowscriptaccess\" value=\"always\" \/><\/object><\/p>\n","protected":false},"excerpt":{"rendered":"","protected":false},"author":1,"featured_media":20174,"comment_status":"open","ping_status":"closed","sticky":false,"template":"","format":"standard","meta":{"colormag_page_container_layout":"default_layout","colormag_page_sidebar_layout":"default_layout","footnotes":""},"categories":[7],"tags":[],"class_list":["post-20182","post","type-post","status-publish","format-standard","has-post-thumbnail","hentry","category-attualita"],"_links":{"self":[{"href":"https:\/\/archiviogioia.lavocedelpaese.info\/index.php?rest_route=\/wp\/v2\/posts\/20182","targetHints":{"allow":["GET"]}}],"collection":[{"href":"https:\/\/archiviogioia.lavocedelpaese.info\/index.php?rest_route=\/wp\/v2\/posts"}],"about":[{"href":"https:\/\/archiviogioia.lavocedelpaese.info\/index.php?rest_route=\/wp\/v2\/types\/post"}],"author":[{"embeddable":true,"href":"https:\/\/archiviogioia.lavocedelpaese.info\/index.php?rest_route=\/wp\/v2\/users\/1"}],"replies":[{"embeddable":true,"href":"https:\/\/archiviogioia.lavocedelpaese.info\/index.php?rest_route=%2Fwp%2Fv2%2Fcomments&post=20182"}],"version-history":[{"count":0,"href":"https:\/\/archiviogioia.lavocedelpaese.info\/index.php?rest_route=\/wp\/v2\/posts\/20182\/revisions"}],"wp:featuredmedia":[{"embeddable":true,"href":"https:\/\/archiviogioia.lavocedelpaese.info\/index.php?rest_route=\/wp\/v2\/media\/20174"}],"wp:attachment":[{"href":"https:\/\/archiviogioia.lavocedelpaese.info\/index.php?rest_route=%2Fwp%2Fv2%2Fmedia&parent=20182"}],"wp:term":[{"taxonomy":"category","embeddable":true,"href":"https:\/\/archiviogioia.lavocedelpaese.info\/index.php?rest_route=%2Fwp%2Fv2%2Fcategories&post=20182"},{"taxonomy":"post_tag","embeddable":true,"href":"https:\/\/archiviogioia.lavocedelpaese.info\/index.php?rest_route=%2Fwp%2Fv2%2Ftags&post=20182"}],"curies":[{"name":"wp","href":"https:\/\/api.w.org\/{rel}","templated":true}]}}