{"id":20330,"date":"2012-03-01T05:18:06","date_gmt":"2012-03-01T05:18:06","guid":{"rendered":"https:\/\/archiviogioia.lavocedelpaese.info\/?p=20330"},"modified":"2012-03-01T05:18:06","modified_gmt":"2012-03-01T05:18:06","slug":"concorso-raccolta-elaborati-creativi-sulla-pace-2","status":"publish","type":"post","link":"https:\/\/archiviogioia.lavocedelpaese.info\/?p=20330","title":{"rendered":"CONCORSO RACCOLTA ELABORATI CREATIVI SULLA PACE"},"content":{"rendered":"<p><img loading=\"lazy\" decoding=\"async\" class=\" size-full wp-image-20324\" style=\"margin-right: 2px; margin-left: 2px;\" alt=\"pace-nel-mondo-pp\" src=\"https:\/\/archiviogioia.lavocedelpaese.info\/wp-content\/uploads\/2012\/03\/pace-nel-mondo-pp.jpg\" height=\"150\" width=\"320\" srcset=\"https:\/\/archiviogioia.lavocedelpaese.info\/wp-content\/uploads\/2012\/03\/pace-nel-mondo-pp.jpg 320w, https:\/\/archiviogioia.lavocedelpaese.info\/wp-content\/uploads\/2012\/03\/pace-nel-mondo-pp-300x141.jpg 300w\" sizes=\"auto, (max-width: 320px) 100vw, 320px\" \/><\/p>\n<p><!--more--><\/p>\n<p style=\"text-align: justify;\"><b><img loading=\"lazy\" decoding=\"async\" class=\" alignleft size-full wp-image-20325\" style=\"margin: 4px; float: left;\" alt=\"azione cattolica sammichele\" src=\"https:\/\/archiviogioia.lavocedelpaese.info\/wp-content\/uploads\/2012\/03\/azione_cattolica_sammichele.jpg\" height=\"91\" width=\"200\" \/>L\u2019Azione Cattolica di Sammichele di Bari<\/b> propone la <b>raccolta di elaborati creativi sul tema della Pace<\/b>.<\/p>\n<p style=\"text-align: justify;\"><b>Per ispirare il lavoro creativo dei giovani <\/b>e la riflessione della comunit\u00e0, ci lasciamo guidare dal<b>l\u2019esortazione conclusiva<\/b> del Messaggio <b>del Santo Padre<\/b> in occasione<span class=\"textexposedshow\"> della XLV Giornata della Pace (<a href=\"http:\/\/www.vatican.va\/holy_father\/benedict_xvi\/messages\/peace\/documents\/hf_ben-xvi_mes_20111208_xlv-world-day-peace_it.html\">http:\/\/www.vatican.va\/<\/a><wbr><a href=\"http:\/\/www.vatican.va\/holy_father\/benedict_xvi\/messages\/peace\/documents\/hf_ben-xvi_mes_20111208_xlv-world-day-peace_it.html\">holy_father\/benedict_xvi\/<\/a><wbr><a href=\"http:\/\/www.vatican.va\/holy_father\/benedict_xvi\/messages\/peace\/documents\/hf_ben-xvi_mes_20111208_xlv-world-day-peace_it.html\">messages\/peace\/documents\/<\/a><wbr><a href=\"http:\/\/www.vatican.va\/holy_father\/benedict_xvi\/messages\/peace\/documents\/hf_ben-xvi_mes_20111208_xlv-world-day-peace_it.html\">hf_ben-xvi_mes_20111208_xlv<\/a><wbr><a href=\"http:\/\/www.vatican.va\/holy_father\/benedict_xvi\/messages\/peace\/documents\/hf_ben-xvi_mes_20111208_xlv-world-day-peace_it.html\">-world-day-peace_it.html<\/a>): <span class=\"textexposedshow\">\u201c<b>La pace per tutti nasce dalla giustizia di ciascuno<\/b> e nessuno pu\u00f2 eludere questo impegno essenziale di promuovere la giustizia, secondo le proprie competenze e responsabilit\u00e0.<\/span> <b>Invito in particolare i giovani<\/b>, che hanno sempre viva la <img loading=\"lazy\" decoding=\"async\" class=\" alignright size-full wp-image-20326\" style=\"margin: 4px; float: right;\" alt=\"PaceTerra\" src=\"https:\/\/archiviogioia.lavocedelpaese.info\/wp-content\/uploads\/2012\/03\/PaceTerra.jpg\" height=\"225\" width=\"300\" srcset=\"https:\/\/archiviogioia.lavocedelpaese.info\/wp-content\/uploads\/2012\/03\/PaceTerra.jpg 400w, https:\/\/archiviogioia.lavocedelpaese.info\/wp-content\/uploads\/2012\/03\/PaceTerra-300x225.jpg 300w\" sizes=\"auto, (max-width: 300px) 100vw, 300px\" \/>tensione verso gli ideali, <b>ad avere la pazienza e la tenacia di ricercare la giustizia e la pace<\/b>, di coltivare il gusto per ci\u00f2 che \u00e8 giusto e vero, anche quando ci\u00f2 pu\u00f2 comportare sacrificio e andare controcorrente\u201d.<\/wbr><\/wbr><\/wbr><\/wbr><\/span><\/p>\n<p style=\"text-align: justify;\"><span class=\"textexposedshow\"><b>Ogni partecipante \u00e8 chiamato a rappresentare in modo personale la propria interpretazione<\/b> dei principi di libert\u00e0, verit\u00e0, giustizia, solidariet\u00e0,che il Santo Padre mette a fondamento dei processi di educazione alla pace.<\/span><\/p>\n<p style=\"text-align: justify;\"><span class=\"textexposedshow\"><b>Modalit\u00e0 di partecipazione<\/b>:<\/span><\/p>\n<p style=\"text-align: justify;\"><span class=\"textexposedshow\"><strong>1.<\/strong> <b>Possono partecipare al concorso <\/b>tutti coloro che hanno desiderio di impegnarsi a diffondere la pace.<\/span><\/p>\n<p style=\"text-align: justify;\"><span class=\"textexposedshow\"><strong><img loading=\"lazy\" decoding=\"async\" class=\" alignright size-full wp-image-20327\" style=\"margin: 4px; float: right;\" alt=\"pace 2012\" src=\"https:\/\/archiviogioia.lavocedelpaese.info\/wp-content\/uploads\/2012\/03\/pace_2012.jpg\" height=\"225\" width=\"300\" srcset=\"https:\/\/archiviogioia.lavocedelpaese.info\/wp-content\/uploads\/2012\/03\/pace_2012.jpg 1024w, https:\/\/archiviogioia.lavocedelpaese.info\/wp-content\/uploads\/2012\/03\/pace_2012-300x225.jpg 300w, https:\/\/archiviogioia.lavocedelpaese.info\/wp-content\/uploads\/2012\/03\/pace_2012-768x576.jpg 768w\" sizes=\"auto, (max-width: 300px) 100vw, 300px\" \/>2.<\/strong> <b>Ciascun partecipante pu\u00f2 presentare un solo elaborato<\/b> inviandolo all\u2019indirizzo <a href=\"mailto:%3Ca%20href=\" mailto:viapacis2012=\"\" libero=\"\" it=\"\">viapacis2012@libero.it<\/a> o <span class=\"textexposedshow\">consegnandolo in parrocchia entro il 19 marzo 2012. Nella e-mail o nella lettera di presentazione, specificare il titolo dell\u2019elaborato, i propri dati anagrafici e un recapito.<br \/> <span class=\"textexposedshow\"><strong>3.<\/strong> <b>Gli elaborati saranno valutati da una giuria qualificata<\/b> in base ai criteri di: consapevolezza dei temi, capacit\u00e0 riflessiva ed espressiva, originalit\u00e0 di rappresentazione.<\/span><\/span><\/span><\/p>\n<p style=\"text-align: justify;\"><span class=\"textexposedshow\"><strong>4.<\/strong> In occasione della Via Pacis, <b>il giorno 30 marzo 2012, saranno premiati i primi tre classificati<\/b>.<\/span><\/p>\n<p style=\"text-align: justify;\"><span class=\"textexposedshow\"><strong><img loading=\"lazy\" decoding=\"async\" class=\" alignright size-full wp-image-20328\" style=\"margin: 4px; float: right;\" alt=\"Pace 4\" src=\"https:\/\/archiviogioia.lavocedelpaese.info\/wp-content\/uploads\/2012\/03\/Pace_4.jpg\" height=\"225\" width=\"300\" srcset=\"https:\/\/archiviogioia.lavocedelpaese.info\/wp-content\/uploads\/2012\/03\/Pace_4.jpg 640w, https:\/\/archiviogioia.lavocedelpaese.info\/wp-content\/uploads\/2012\/03\/Pace_4-300x225.jpg 300w\" sizes=\"auto, (max-width: 300px) 100vw, 300px\" \/>5.<\/strong> <b>I lavori inviati potranno essere inseriti nei siti web dedicati al tema<\/b> o pubblicati a mezzo stampa.<\/span><\/p>\n<p style=\"text-align: justify;\"><span class=\"textexposedshow\"><strong>6.<\/strong> <b>Per informazioni<\/b> e comunicazioni: <a href=\"mailto:%3Ca%20href=\" mailto:viapacis2012=\"\" libero=\"\" it=\"\">viapacis2012@libero.it<\/a> <\/span><\/p>\n<p style=\"text-align: justify;\"><span class=\"textexposedshow\">\u201c<b>A voi tutti<\/b>, uomini e donne che avete a cuore la causa della pace! <span class=\"textexposedshow\"><b>La pace non \u00e8 un bene gi\u00e0 raggiunto, ma una meta a cui tutti e ciascuno dobbiamo aspirare<\/b>. <span class=\"textexposedshow\">Guardiamo con maggiore speranza al futuro, incoraggiamoci a vicenda nel nostro cammino, <b>lavoriamo per dare al nostro mondo un volto pi\u00f9 umano<\/b> e fraterno e sentiamoci uniti nella responsabilit\u00e0 verso le giovani generazioni presenti e future, <b>in particolare nell\u2019educarle ad essere pacifiche e artefici di pace<\/b>\u201d. [tratto dal Messaggio del Santo Padre]<\/span><\/span><\/span><\/p>\n<p>&nbsp;<\/p>\n","protected":false},"excerpt":{"rendered":"","protected":false},"author":1,"featured_media":20324,"comment_status":"open","ping_status":"closed","sticky":false,"template":"","format":"standard","meta":{"colormag_page_container_layout":"default_layout","colormag_page_sidebar_layout":"default_layout","footnotes":""},"categories":[7],"tags":[],"class_list":["post-20330","post","type-post","status-publish","format-standard","has-post-thumbnail","hentry","category-attualita"],"_links":{"self":[{"href":"https:\/\/archiviogioia.lavocedelpaese.info\/index.php?rest_route=\/wp\/v2\/posts\/20330","targetHints":{"allow":["GET"]}}],"collection":[{"href":"https:\/\/archiviogioia.lavocedelpaese.info\/index.php?rest_route=\/wp\/v2\/posts"}],"about":[{"href":"https:\/\/archiviogioia.lavocedelpaese.info\/index.php?rest_route=\/wp\/v2\/types\/post"}],"author":[{"embeddable":true,"href":"https:\/\/archiviogioia.lavocedelpaese.info\/index.php?rest_route=\/wp\/v2\/users\/1"}],"replies":[{"embeddable":true,"href":"https:\/\/archiviogioia.lavocedelpaese.info\/index.php?rest_route=%2Fwp%2Fv2%2Fcomments&post=20330"}],"version-history":[{"count":0,"href":"https:\/\/archiviogioia.lavocedelpaese.info\/index.php?rest_route=\/wp\/v2\/posts\/20330\/revisions"}],"wp:featuredmedia":[{"embeddable":true,"href":"https:\/\/archiviogioia.lavocedelpaese.info\/index.php?rest_route=\/wp\/v2\/media\/20324"}],"wp:attachment":[{"href":"https:\/\/archiviogioia.lavocedelpaese.info\/index.php?rest_route=%2Fwp%2Fv2%2Fmedia&parent=20330"}],"wp:term":[{"taxonomy":"category","embeddable":true,"href":"https:\/\/archiviogioia.lavocedelpaese.info\/index.php?rest_route=%2Fwp%2Fv2%2Fcategories&post=20330"},{"taxonomy":"post_tag","embeddable":true,"href":"https:\/\/archiviogioia.lavocedelpaese.info\/index.php?rest_route=%2Fwp%2Fv2%2Ftags&post=20330"}],"curies":[{"name":"wp","href":"https:\/\/api.w.org\/{rel}","templated":true}]}}