{"id":20445,"date":"2012-03-02T17:38:13","date_gmt":"2012-03-02T17:38:13","guid":{"rendered":"https:\/\/archiviogioia.lavocedelpaese.info\/?p=20445"},"modified":"2012-03-02T17:38:13","modified_gmt":"2012-03-02T17:38:13","slug":"il-pd-e-nel-pallone-nuovo-ritorno-al-passato","status":"publish","type":"post","link":"https:\/\/archiviogioia.lavocedelpaese.info\/?p=20445","title":{"rendered":"IL PD \u00c9 NEL \u201cPALLONE\u201d, NUOVO RITORNO AL PASSATO"},"content":{"rendered":"<p><img loading=\"lazy\" decoding=\"async\" class=\" size-full wp-image-20441\" style=\"margin-right: 2px; margin-left: 2px;\" alt=\"povia-ludovico-pp\" src=\"https:\/\/archiviogioia.lavocedelpaese.info\/wp-content\/uploads\/2012\/03\/povia-ludovico-pp.jpg\" height=\"150\" width=\"320\" srcset=\"https:\/\/archiviogioia.lavocedelpaese.info\/wp-content\/uploads\/2012\/03\/povia-ludovico-pp.jpg 640w, https:\/\/archiviogioia.lavocedelpaese.info\/wp-content\/uploads\/2012\/03\/povia-ludovico-pp-300x141.jpg 300w\" sizes=\"auto, (max-width: 320px) 100vw, 320px\" \/><\/p>\n<p><!--more--><\/p>\n<p style=\"text-align: justify;\">&nbsp;<\/p>\n<p style=\"text-align: justify;\"><span><b><img loading=\"lazy\" decoding=\"async\" class=\" alignleft size-full wp-image-17983\" style=\"margin: 4px; float: left;\" alt=\"sergio-povia-emiliano-pp\" src=\"https:\/\/archiviogioia.lavocedelpaese.info\/wp-content\/uploads\/2011\/12\/sergio-povia-emiliano-pp.jpg\" height=\"150\" width=\"320\" srcset=\"https:\/\/archiviogioia.lavocedelpaese.info\/wp-content\/uploads\/2011\/12\/sergio-povia-emiliano-pp.jpg 640w, https:\/\/archiviogioia.lavocedelpaese.info\/wp-content\/uploads\/2011\/12\/sergio-povia-emiliano-pp-300x141.jpg 300w\" sizes=\"auto, (max-width: 320px) 100vw, 320px\" \/>Non c\u2019\u00e8 pi\u00f9 pace nel Partito Democratico ormai nel pallone<\/b>. Ci giungono voci di un ulteriore pit-stop con <b>repentina retromarcia in direzione centro<\/b>, <b>nella casa dei Moderati<\/b>. Pi\u00f9 che la ricerca del partner ideale sembra stiano mettendo in atto <b>non pi\u00f9 la tecnica del gambero ma il pi\u00f9 classico dei giochi, quello dell\u2019\u2026oca<\/b>.<\/span><\/p>\n<p style=\"text-align: justify;\"><span><b>Ieri nel nuovo coordinamento sono tornati alla ribalta<\/b> i decani della politica locale, <b>Vito Ludovico e Masi Lenin<\/b>, approfittando di una <b>ulteriore spaccatura al loro interno<\/b> <b>sui nomi del papabile candidato sindaco<\/b>. Il dialogo si \u00e8 arenato su quello di <b>Piera De <img loading=\"lazy\" decoding=\"async\" class=\" alignright size-full wp-image-20443\" style=\"margin-right: 2px; margin-left: 2px; margin-top: 4px; float: right;\" alt=\"pd-sostenitori\" src=\"https:\/\/archiviogioia.lavocedelpaese.info\/wp-content\/uploads\/2012\/03\/pd-sostenitori.jpg\" height=\"200\" width=\"300\" srcset=\"https:\/\/archiviogioia.lavocedelpaese.info\/wp-content\/uploads\/2012\/03\/pd-sostenitori.jpg 472w, https:\/\/archiviogioia.lavocedelpaese.info\/wp-content\/uploads\/2012\/03\/pd-sostenitori-300x200.jpg 300w\" sizes=\"auto, (max-width: 300px) 100vw, 300px\" \/>Giorgi<\/b> a cui ha fatto seguito, per bilanciare il piatto della discussione, quello di <b>Mariluna Barbera<\/b>. <b>Ci\u00f2 che avevamo<\/b> in effetti gi\u00e0 <b>anticipato in tempi non sospetti<\/b>.<\/span><\/p>\n<p style=\"text-align: justify;\"><span><b>Circola voce che l\u2019ulteriore nostra ipotesi sia stata azzeccata<\/b>, <b>quella di proporre il buon Enzo Cuscito<\/b> che, a quanto sembrerebbe, non ha avuto il beneplacito proprio di quei \u201cmarpioni\u201d che, approfittando della situazione, hanno <b>proposto di ritornare a dialogare con i Moderati di Sergio Povia<\/b>.<\/span><\/p>\n<p style=\"text-align: justify;\"><span><b>E anche in questo caso \u00e8 stata riproposta l\u2019idea iniziale<\/b>, <b>quella delle primarie<\/b>, <b>ma<\/b> dopo quanto accaduto <b>sono cos\u00ec convinti che Povia accetter\u00e0 di parteciparvi?<\/b> Noi crediamo proprio di no. Anzi, <b>avendoli ormai in pugno<\/b>, grazie anche a questi aiuti esterni (mica tanto esterni poi, e anche questo lo avevamo previsto) degli amici del cuore da cui non si \u00e8 mai separato, <b>sar\u00e0 lui a dettare le condizioni e i <\/b><\/span><span><img loading=\"lazy\" decoding=\"async\" class=\" alignleft size-full wp-image-20444\" style=\"margin: 4px; float: left;\" alt=\"pd-valletta-altri\" src=\"https:\/\/archiviogioia.lavocedelpaese.info\/wp-content\/uploads\/2012\/03\/pd-valletta-altri.jpg\" height=\"187\" width=\"320\" srcset=\"https:\/\/archiviogioia.lavocedelpaese.info\/wp-content\/uploads\/2012\/03\/pd-valletta-altri.jpg 472w, https:\/\/archiviogioia.lavocedelpaese.info\/wp-content\/uploads\/2012\/03\/pd-valletta-altri-300x175.jpg 300w\" sizes=\"auto, (max-width: 320px) 100vw, 320px\" \/><\/span><span><b>ritmi<\/b>. <b>Una sorta di \u201cprendere o lasciare\u201d<\/b>, ben sapendo che male che vada avr\u00e0 <b>dalla sua il favore sia di parte di SEL<\/b>, Grandieri non ha mai smentito il suo debole per i Moderati (per Povia in particolare), <b>che di parte del PD, partendo da Ludovico arrivando a Ma<\/b><\/span><span><\/span><span><b>ssimo L\u2019Abbate passando per Masi Lenin e Gianni Valletta<\/b>, il \u201cdecisionista\u201d per antonomasia del partito.<\/span><\/p>\n<p style=\"text-align: justify;\"><span><b>Una situazione tanto ingarbugliata qua<\/b><\/span><span><\/span><span><b>nto caotica in cui tutti i componenti del coordinamento sono parte in causa<\/b>, per non dire del caos pi\u00f9 totale che ora vige al suo interno. <b>Anche la De Giorgi sembrerebbe ormai in fase calante<\/b>. L\u2019impressione \u00e8 che qualcuno abbia messo in atto <b>una strategia di veti e contro <\/b><\/span><span><b><img loading=\"lazy\" decoding=\"async\" class=\" alignright size-full wp-image-18276\" style=\"margin: 4px; float: right;\" alt=\"piera-de-giorgi2\" src=\"https:\/\/archiviogioia.lavocedelpaese.info\/wp-content\/uploads\/2012\/01\/piera-de-giorgi2.jpg\" height=\"214\" width=\"320\" srcset=\"https:\/\/archiviogioia.lavocedelpaese.info\/wp-content\/uploads\/2012\/01\/piera-de-giorgi2.jpg 472w, https:\/\/archiviogioia.lavocedelpaese.info\/wp-content\/uploads\/2012\/01\/piera-de-giorgi2-300x201.jpg 300w\" sizes=\"auto, (max-width: 320px) 100vw, 320px\" \/><\/b><\/span><span><b>veti per far implodere il partito, per costringere i cos\u00ec chiamati \u201csinistroidi\u201d o rinnovatori a spaccarsi<\/b> ed aprire una autentica autostrada il cui casello finale, il capolinea, indica la casa di Povia e dei Moderati.<\/span><span><\/span><\/p>\n<p style=\"text-align: justify;\"><span><b>Questa sera \u00e8 in corso un incontro proprio con questa alleanza di centro<\/b>, <b>cosa ne verr\u00e0 fuori?<\/b> Nulla di diverso da quello che questi avvenimenti lasciano presagire. <b>O le forze di centro sinistra si uniscono<\/b> <b>a loro<\/b>, <b>cio\u00e8 ai Moderati<\/b> senza alcuna condizione (resa totale?), <b>o sar\u00e0 la spaccatura definitiva di una cordata tentata ma mai attuata<\/b>, proprio per volere dei soliti noti che oggi possono anche gioire per lo scampato pericolo.&nbsp;<\/span><\/p>\n","protected":false},"excerpt":{"rendered":"","protected":false},"author":1,"featured_media":20441,"comment_status":"open","ping_status":"closed","sticky":false,"template":"","format":"standard","meta":{"colormag_page_container_layout":"default_layout","colormag_page_sidebar_layout":"default_layout","footnotes":""},"categories":[4],"tags":[],"class_list":["post-20445","post","type-post","status-publish","format-standard","has-post-thumbnail","hentry","category-politica"],"_links":{"self":[{"href":"https:\/\/archiviogioia.lavocedelpaese.info\/index.php?rest_route=\/wp\/v2\/posts\/20445","targetHints":{"allow":["GET"]}}],"collection":[{"href":"https:\/\/archiviogioia.lavocedelpaese.info\/index.php?rest_route=\/wp\/v2\/posts"}],"about":[{"href":"https:\/\/archiviogioia.lavocedelpaese.info\/index.php?rest_route=\/wp\/v2\/types\/post"}],"author":[{"embeddable":true,"href":"https:\/\/archiviogioia.lavocedelpaese.info\/index.php?rest_route=\/wp\/v2\/users\/1"}],"replies":[{"embeddable":true,"href":"https:\/\/archiviogioia.lavocedelpaese.info\/index.php?rest_route=%2Fwp%2Fv2%2Fcomments&post=20445"}],"version-history":[{"count":0,"href":"https:\/\/archiviogioia.lavocedelpaese.info\/index.php?rest_route=\/wp\/v2\/posts\/20445\/revisions"}],"wp:featuredmedia":[{"embeddable":true,"href":"https:\/\/archiviogioia.lavocedelpaese.info\/index.php?rest_route=\/wp\/v2\/media\/20441"}],"wp:attachment":[{"href":"https:\/\/archiviogioia.lavocedelpaese.info\/index.php?rest_route=%2Fwp%2Fv2%2Fmedia&parent=20445"}],"wp:term":[{"taxonomy":"category","embeddable":true,"href":"https:\/\/archiviogioia.lavocedelpaese.info\/index.php?rest_route=%2Fwp%2Fv2%2Fcategories&post=20445"},{"taxonomy":"post_tag","embeddable":true,"href":"https:\/\/archiviogioia.lavocedelpaese.info\/index.php?rest_route=%2Fwp%2Fv2%2Ftags&post=20445"}],"curies":[{"name":"wp","href":"https:\/\/api.w.org\/{rel}","templated":true}]}}