{"id":20686,"date":"2012-03-08T06:10:17","date_gmt":"2012-03-08T06:10:17","guid":{"rendered":"https:\/\/archiviogioia.lavocedelpaese.info\/?p=20686"},"modified":"2012-03-08T06:10:17","modified_gmt":"2012-03-08T06:10:17","slug":"elezioni-savino-abbandona-flipd-in-crisi-prodigio-ce-4","status":"publish","type":"post","link":"https:\/\/archiviogioia.lavocedelpaese.info\/?p=20686","title":{"rendered":"ELEZIONI: SAVINO ABBANDONA, FLI\/PD IN CRISI, PRODIGIO C\u2019\u00c9"},"content":{"rendered":"<p><b><span style=\"font-size: 12pt; font-family: 'Times New Roman';\"><img loading=\"lazy\" decoding=\"async\" class=\" size-full wp-image-10317\" style=\"margin-right: 2px; margin-left: 2px;\" alt=\"maggioranza-in-aula-pp\" src=\"https:\/\/archiviogioia.lavocedelpaese.info\/wp-content\/uploads\/2011\/05\/maggioranza-in-aula-pp.jpg\" height=\"150\" width=\"320\" srcset=\"https:\/\/archiviogioia.lavocedelpaese.info\/wp-content\/uploads\/2011\/05\/maggioranza-in-aula-pp.jpg 640w, https:\/\/archiviogioia.lavocedelpaese.info\/wp-content\/uploads\/2011\/05\/maggioranza-in-aula-pp-300x141.jpg 300w\" sizes=\"auto, (max-width: 320px) 100vw, 320px\" \/><\/span><\/b><\/p>\n<p><!--more--><\/p>\n<p style=\"text-align: justify;\">In queste elezioni comun<b><img loading=\"lazy\" decoding=\"async\" class=\" alignleft size-full wp-image-19367\" style=\"margin: 4px; float: left;\" alt=\"federico-antonicelli-fli\" src=\"https:\/\/archiviogioia.lavocedelpaese.info\/wp-content\/uploads\/2012\/02\/federico-antonicelli-fli.JPG\" height=\"269\" width=\"200\" srcset=\"https:\/\/archiviogioia.lavocedelpaese.info\/wp-content\/uploads\/2012\/02\/federico-antonicelli-fli.JPG 369w, https:\/\/archiviogioia.lavocedelpaese.info\/wp-content\/uploads\/2012\/02\/federico-antonicelli-fli-222x300.jpg 222w\" sizes=\"auto, (max-width: 200px) 100vw, 200px\" \/><\/b>ali, per l\u2019ennesima volta, <b>quello che fino a ieri era dato per certo, oggi \u00e8 stato repentinamente smentito<\/b>. Ci si chiede: e <b>domani, cosa accadr\u00e0?<\/b><\/p>\n<p style=\"text-align: justify;\"><b>Dopo la candidatura di Sergio Povia<\/b>, <b>nei vari schieramenti<\/b> che si formano e si sciolgono nel breve volgere di un mattino, <b>vige il silenzio pi\u00f9 assoluto<\/b>. <b>Per evitare ulteriori brutte figure<\/b> o per non dare la possibilit\u00e0 ai soliti guastatori di minare i loro tentativi di costruire una coalizione pi\u00f9 o meno credibile?<\/p>\n<p style=\"text-align: justify;\"><b>Sta di fatto che, allo stato attuale, l\u2019unico candidato sindaco fino a ieri dato per certo <\/b>nella coalizione di centro destra (PDL-PPDT-FLI), <b>Nicola Savino<\/b> per la precisione, <b>ha dato forfait<\/b>. <b>Troppi veti posti a suffragio della sua nomina<\/b>, tali da rendere la sua candidatura non pi\u00f9 cos\u00ec certa come nei giorni scorsi. Ma c\u2019\u00e8 di pi\u00f9. <b>La stessa coalizione rischia anche di \u201cnaufragare\u201d ancor prima di essere varata<\/b>.<\/p>\n<p style=\"text-align: justify;\"><b><img loading=\"lazy\" decoding=\"async\" class=\" alignright size-full wp-image-7316\" style=\"margin: 4px; float: right;\" alt=\"isdarele\" src=\"https:\/\/archiviogioia.lavocedelpaese.info\/wp-content\/uploads\/2011\/01\/isdarele.jpg\" height=\"267\" width=\"200\" srcset=\"https:\/\/archiviogioia.lavocedelpaese.info\/wp-content\/uploads\/2011\/01\/isdarele.jpg 300w, https:\/\/archiviogioia.lavocedelpaese.info\/wp-content\/uploads\/2011\/01\/isdarele-225x300.jpg 225w\" sizes=\"auto, (max-width: 200px) 100vw, 200px\" \/>Nel FLI le correnti iniziano a farsi troppo forti<\/b>. Quasi imminente la <b>scissione tra chi vuole un riavvicinamento ai Moderati (Federico Antonicelli e Giuseppe Tuccillo) e<\/b> chi vuol rimanere nel naturale alveo del centro destra (<b>Isacco Isdraele<\/b>). Quindi tutto, ancora una volta, <b>\u00e8 in alto mare<\/b>.<\/p>\n<p style=\"text-align: justify;\"><b>In queste ore fremono e fervono i contatti tra le varie forze<\/b> per cercare di trovare una soluzione che \u201caccontenti\u201d tutti.<\/p>\n<p style=\"text-align: justify;\"><b>Ma se Sparta piange, Atene non ride<\/b>. E\u2019 il caso del <b>centro sinistra costretto a ricorrere alle cure del segretario provinciale<\/b> <b>Antonacci<\/b> per guarire dall\u2019 \u201c<b>indecisionite<\/b>\u201d <b>cronica<\/b> in cui sono caduti i componenti del coordinamento. <b>Si spera che entro il 18 di questo mese<\/b> (ovviamente) <b>avvenga il miracolo di ufficializzare la nomina del loro candidato<\/b> che al momento \u00e8 <img loading=\"lazy\" decoding=\"async\" class=\" alignleft size-full wp-image-5356\" style=\"margin: 4px; float: left;\" alt=\"piera-de-giorgi\" src=\"https:\/\/archiviogioia.lavocedelpaese.info\/wp-content\/uploads\/2010\/10\/piera-de-giorgi.jpg\" height=\"282\" width=\"200\" \/>tab\u00f9, o meglio che nessuno \u00e8 in grado di formulare. <b>Tutti sperano nelle primarie<\/b> <b>per escludere<\/b> l\u2019ipotesi di un riavvicinamento a <b>Sergio Povia<\/b> e ai suoi Moderati. Ma non \u00e8 detto che lo stesso non possa parteciparvi, se costretto a farlo.<\/p>\n<p style=\"text-align: justify;\"><b>Attuali candidati<\/b>, suscettibili di repentine estromissioni a favore di altri nominativi dell\u2019ultimo secondo, <b>Mariluna Barbera e Piera De Giorgi<\/b>. <b>Caduta irrimediabilmente l\u2019ipotesi di un rientro dalla finestra di Enzo Cuscito<\/b> per motivi che esulano dalla sua volont\u00e0.<\/p>\n<p style=\"text-align: justify;\"><b>Anche in questa coalizione<\/b> la sensazione fortissima \u00e8 che possa esserci <b>in vista una ulteriore spaccatura al suo interno<\/b> con probabili trasmigrazioni in altri lidi di <b>pezzi \u201cpregiati\u201d del PD<\/b> <b>e di SEL<\/b>, a meno che non ritengano <b>pi\u00f9 \u201cutile\u201d e sicuro<\/b>, elettivamente parlando, grazie ai loro pacchetti di voti gi\u00e0 consolidati, <b>rimanere ai loro posti di comando<\/b>.<\/p>\n<p style=\"text-align: justify;\"><b>Ma anche il gruppo dei Moderati guidati da Sergio Povia non gode di ottima salute<\/b>. Da mesi \u00e8 sempre <b>sull\u2019orlo di un esaurimento<\/b> \u201cpolitico\u201d per v<b><img loading=\"lazy\" decoding=\"async\" class=\" alignright size-full wp-image-18613\" style=\"margin: 4px; float: right;\" alt=\"sergio-povia-intervista\" src=\"https:\/\/archiviogioia.lavocedelpaese.info\/wp-content\/uploads\/2012\/01\/sergio-povia-intervista.jpg\" height=\"281\" width=\"300\" srcset=\"https:\/\/archiviogioia.lavocedelpaese.info\/wp-content\/uploads\/2012\/01\/sergio-povia-intervista.jpg 472w, https:\/\/archiviogioia.lavocedelpaese.info\/wp-content\/uploads\/2012\/01\/sergio-povia-intervista-300x281.jpg 300w\" sizes=\"auto, (max-width: 300px) 100vw, 300px\" \/><\/b>ia di questi <b>continui tira e molla<\/b>. Non lo danno a vedere, ma la sensazione forte \u00e8 che siano <b>piuttosto preoccupati di questo andamento fin troppo altalenante che sta contraddistinguendo la politica locale<\/b> al punto da renderli un tantino pi\u00f9 nervosi del solito.<\/p>\n<p style=\"text-align: justify;\"><b>Ormai non danno pi\u00f9 nulla per scontato<\/b>, <b>n\u00e9 si sbottonano su eventuali e presunte alleanze in corso d\u2019opera<\/b>. Anche loro vivono alla giornata e aspettano il responso delle decisioni altrui. Come suole dirsi, <b>aspettando gli eventi stando affacciati alla finestra<\/b>, senza disdegnare l\u2019invio di <b>messaggi cifrati anche sottoforma di incontri specifici<\/b>, di settore, <b>quale pu\u00f2 essere l\u2019urbanistica<\/b>.<\/p>\n<p style=\"text-align: justify;\"><b>Anche in campo \u201ccivico\u201d iniziano a manifestarsi i primi sintomi di attendismo<\/b>. <b>Pro.di.gio.<\/b>, infatti, <b>ha rimanda<\/b><b>to di una settimana l\u2019annuncio del loro candidato sindaco<\/b> che sarebbe dovuto avvenire domenica scorsa.<\/p>\n<p style=\"text-align: justify;\"><b>In una loro nota<\/b> <b>anticipano che<\/b> \u201ca <img loading=\"lazy\" decoding=\"async\" class=\" alignleft size-full wp-image-19318\" style=\"margin: 4px; float: left;\" alt=\"colacicco-donato-prodigio\" src=\"https:\/\/archiviogioia.lavocedelpaese.info\/wp-content\/uploads\/2012\/02\/colacicco-donato-prodigio.jpg\" height=\"201\" width=\"300\" srcset=\"https:\/\/archiviogioia.lavocedelpaese.info\/wp-content\/uploads\/2012\/02\/colacicco-donato-prodigio.jpg 896w, https:\/\/archiviogioia.lavocedelpaese.info\/wp-content\/uploads\/2012\/02\/colacicco-donato-prodigio-300x201.jpg 300w, https:\/\/archiviogioia.lavocedelpaese.info\/wp-content\/uploads\/2012\/02\/colacicco-donato-prodigio-768x514.jpg 768w\" sizes=\"auto, (max-width: 300px) 100vw, 300px\" \/>seguito della votazione effettuata dal gruppo tra sabato e luned\u00ec scorso, <b>sono stati indicati Donato Colacicco e Donato Lucilla<\/b> in qualit\u00e0 di possibile candidato sindaco <b>tra cui effettuare la scelta finale<\/b>. Il protrarsi del dibattito e la necessit\u00e0 di verificare la piena disponibilit\u00e0 alla candidatura, per motivi professionali, personali ma anche di piena consapevolezza dell&#8217;impegno necessario, ha suggerito la necessit\u00e0 di posticipare a domenica pomeriggio la scelta finale sul candidato\u201d.<\/p>\n<p style=\"text-align: justify;\"><b>Una scelta a questo punto quasi scontata se non obbligata<\/b>, il candidato sindaco prescelto comunque sar\u00e0, a nostro avviso, un Donato, di professione mil<img loading=\"lazy\" decoding=\"async\" class=\" alignright size-full wp-image-15586\" style=\"margin: 4px; float: right;\" alt=\"piero-longo-appello-citt\" src=\"https:\/\/archiviogioia.lavocedelpaese.info\/wp-content\/uploads\/2011\/10\/piero-longo-appello-citt.jpg\" height=\"267\" width=\"200\" srcset=\"https:\/\/archiviogioia.lavocedelpaese.info\/wp-content\/uploads\/2011\/10\/piero-longo-appello-citt.jpg 354w, https:\/\/archiviogioia.lavocedelpaese.info\/wp-content\/uploads\/2011\/10\/piero-longo-appello-citt-225x300.jpg 225w\" sizes=\"auto, (max-width: 200px) 100vw, 200px\" \/>itare, ma il pi\u00f9 in alto in grado, <b>cio\u00e8 a dire il Tenente Colonnello Colacicco<\/b>.<\/p>\n<p style=\"text-align: justify;\">Chi rimane? Ah s\u00ec, <b>rimarrebbe a questo punto l\u2019incognita Piero Longo<\/b> e i suoi sostenitori. <b>Fino ad ora \u00e8 stato ad osservare l\u2019evolversi degli eventi in assoluto e religioso silenzio<\/b> e immobilismo esterno. E, <b>forse<\/b>, \u00e8 stata <b>la strategia pi\u00f9 efficace adottata fino ad ora tra tutti i partiti, le liste e i politici scesi in campo<\/b>.<\/p>\n<p style=\"text-align: justify;\"><b>Ora pu\u00f2 anche raccogliere i loro \u201ccocci\u201d e dettare le sue condizioni<\/b> a tutto il centro destra. Secondo noi sar\u00e0, anzi <b>\u00e8, il vero candidato di questa coalizione, lo \u00e8 sempre stato<\/b>. Anche nel suo caso, come per Sergio Povia, dopo le \u201cpromesse\u201d fatte immediatamente dopo la sua caduta da sindaco di Gioia, <b>non crediamo ad un suo pi\u00f9 che remoto passo indietro<\/b> <b>anche se<\/b>, come direbbe il solito pessimista, in queste elezioni <b>tutto \u00e8 possibile come il contrario di tutto<\/b>, in cui vige la <b>parola d\u2019ordine \u201cmai dire mai\u201d<\/b>.&nbsp;&nbsp;<\/p>\n","protected":false},"excerpt":{"rendered":"","protected":false},"author":1,"featured_media":10317,"comment_status":"open","ping_status":"closed","sticky":false,"template":"","format":"standard","meta":{"colormag_page_container_layout":"default_layout","colormag_page_sidebar_layout":"default_layout","footnotes":""},"categories":[4],"tags":[],"class_list":["post-20686","post","type-post","status-publish","format-standard","has-post-thumbnail","hentry","category-politica"],"_links":{"self":[{"href":"https:\/\/archiviogioia.lavocedelpaese.info\/index.php?rest_route=\/wp\/v2\/posts\/20686","targetHints":{"allow":["GET"]}}],"collection":[{"href":"https:\/\/archiviogioia.lavocedelpaese.info\/index.php?rest_route=\/wp\/v2\/posts"}],"about":[{"href":"https:\/\/archiviogioia.lavocedelpaese.info\/index.php?rest_route=\/wp\/v2\/types\/post"}],"author":[{"embeddable":true,"href":"https:\/\/archiviogioia.lavocedelpaese.info\/index.php?rest_route=\/wp\/v2\/users\/1"}],"replies":[{"embeddable":true,"href":"https:\/\/archiviogioia.lavocedelpaese.info\/index.php?rest_route=%2Fwp%2Fv2%2Fcomments&post=20686"}],"version-history":[{"count":0,"href":"https:\/\/archiviogioia.lavocedelpaese.info\/index.php?rest_route=\/wp\/v2\/posts\/20686\/revisions"}],"wp:featuredmedia":[{"embeddable":true,"href":"https:\/\/archiviogioia.lavocedelpaese.info\/index.php?rest_route=\/wp\/v2\/media\/10317"}],"wp:attachment":[{"href":"https:\/\/archiviogioia.lavocedelpaese.info\/index.php?rest_route=%2Fwp%2Fv2%2Fmedia&parent=20686"}],"wp:term":[{"taxonomy":"category","embeddable":true,"href":"https:\/\/archiviogioia.lavocedelpaese.info\/index.php?rest_route=%2Fwp%2Fv2%2Fcategories&post=20686"},{"taxonomy":"post_tag","embeddable":true,"href":"https:\/\/archiviogioia.lavocedelpaese.info\/index.php?rest_route=%2Fwp%2Fv2%2Ftags&post=20686"}],"curies":[{"name":"wp","href":"https:\/\/api.w.org\/{rel}","templated":true}]}}