{"id":21027,"date":"2012-03-16T05:30:50","date_gmt":"2012-03-16T05:30:50","guid":{"rendered":"https:\/\/archiviogioia.lavocedelpaese.info\/?p=21027"},"modified":"2012-03-16T05:30:50","modified_gmt":"2012-03-16T05:30:50","slug":"domenica-festa-minivolley-e-milk-schoolavolley-4","status":"publish","type":"post","link":"https:\/\/archiviogioia.lavocedelpaese.info\/?p=21027","title":{"rendered":"DOMENICA FESTA MINIVOLLEY E \u201cMILK-SCHOOL&#038;VOLLEY\u201d"},"content":{"rendered":"<p><img loading=\"lazy\" decoding=\"async\" class=\" size-full wp-image-20985\" style=\"margin-right: 2px; margin-left: 2px;\" alt=\"minivolley-joya-pp\" src=\"https:\/\/archiviogioia.lavocedelpaese.info\/wp-content\/uploads\/2012\/03\/minivolley-joya-pp.jpg\" height=\"150\" width=\"320\" srcset=\"https:\/\/archiviogioia.lavocedelpaese.info\/wp-content\/uploads\/2012\/03\/minivolley-joya-pp.jpg 640w, https:\/\/archiviogioia.lavocedelpaese.info\/wp-content\/uploads\/2012\/03\/minivolley-joya-pp-300x141.jpg 300w\" sizes=\"auto, (max-width: 320px) 100vw, 320px\" \/><\/p>\n<p><!--more--><\/p>\n<p style=\"text-align: justify;\"><img loading=\"lazy\" decoding=\"async\" class=\" alignleft size-full wp-image-20986\" style=\"margin: 4px; float: left;\" alt=\"Logo 1 x 4 minivolley\" src=\"https:\/\/archiviogioia.lavocedelpaese.info\/wp-content\/uploads\/2012\/03\/Logo_1_x_4_minivolley.jpg\" height=\"173\" width=\"300\" srcset=\"https:\/\/archiviogioia.lavocedelpaese.info\/wp-content\/uploads\/2012\/03\/Logo_1_x_4_minivolley.jpg 448w, https:\/\/archiviogioia.lavocedelpaese.info\/wp-content\/uploads\/2012\/03\/Logo_1_x_4_minivolley-300x173.jpg 300w\" sizes=\"auto, (max-width: 300px) 100vw, 300px\" \/>Appuntamento ludico e di lavoro questa domenica per lo staff del<b> Team Volley J\u00f2ya<\/b>, <b>chiamato ad organizzare<\/b> la tappa gioiese del <b>Progetto Federale<\/b> \u201c<b>1&#215;4 Minivolley<\/b>\u201d, il circuito provinciale <b>indetto dalla Fipav Bari<\/b> volto a coinvolgere tutti i pi\u00f9 piccoli atleti che muovono i primi passi nel mondo della pallavolo (dai 4 fino ai 12 anni). Si tratta di <b>un\u2019iniziativa itinerante<\/b>, che si svolge in pi\u00f9 sedi e in pi\u00f9 momenti e prevede la partecipazione attiva delle societ\u00e0. <b>Domenica 18 marzo<\/b>, dalla ore 8 alle ore 13 <b>presso il PalaCapurso<\/b>, avr\u00e0 luogo <b>l\u2019appuntamento <\/b>patrocinato dal Team Volley J\u00f2ya, <b>cui prenderanno parte anche un\u2019altra societ\u00e0 gioiese e altre due di Acquaviva delle Fonti<\/b>.<\/p>\n<p style=\"text-align: justify;\"><img loading=\"lazy\" decoding=\"async\" class=\" alignright size-full wp-image-20987\" style=\"margin: 4px; float: right;\" alt=\"Logo FIPAV Minivolley\" src=\"https:\/\/archiviogioia.lavocedelpaese.info\/wp-content\/uploads\/2012\/03\/Logo_FIPAV_Minivolley.JPG\" height=\"166\" width=\"200\" srcset=\"https:\/\/archiviogioia.lavocedelpaese.info\/wp-content\/uploads\/2012\/03\/Logo_FIPAV_Minivolley.JPG 405w, https:\/\/archiviogioia.lavocedelpaese.info\/wp-content\/uploads\/2012\/03\/Logo_FIPAV_Minivolley-300x249.jpg 300w\" sizes=\"auto, (max-width: 200px) 100vw, 200px\" \/>A tutti gli effetti <b>l\u2019evento sar\u00e0 un\u2019autentica festa<\/b>, <b>volta a coinvolgere<\/b> principalmente <b>i piccoli protagonisti in campo, ma anche<\/b> a garantire un sereno e positivo approccio verso la disciplina alle loro <b>famiglie<\/b> <b>con intrattenimento musicale<\/b> e iniziative di carattere salutistico.<\/p>\n<p style=\"text-align: justify;\">Procedendo con ordine la programmazione della <b>giornata<\/b> verr\u00e0 <b>suddivisa in due momenti distinti<\/b>. Fedeli alle direttive della Fipav, che intende promuovere prevalentemente la socializzazione, lo spirito di allegria e l\u2019armonia tra gli atleti, tutti <b>i piccoli tesserati verranno suddivisi in 4 maxi squadre<\/b>, comprendenti <b>da un minimo di 3 fino a un massimo di 8 bambini<\/b>, <b>senza alcuna distinzione di genere, n\u00e9 di appartenenza<\/b> a una o l\u2019altra societ\u00e0 partecipante.<\/p>\n<p style=\"text-align: justify;\"><img loading=\"lazy\" decoding=\"async\" class=\" alignleft size-full wp-image-20988\" style=\"margin: 4px; float: left;\" alt=\"minivolley banner\" src=\"https:\/\/archiviogioia.lavocedelpaese.info\/wp-content\/uploads\/2012\/03\/minivolley_banner.jpg\" height=\"171\" width=\"300\" srcset=\"https:\/\/archiviogioia.lavocedelpaese.info\/wp-content\/uploads\/2012\/03\/minivolley_banner.jpg 399w, https:\/\/archiviogioia.lavocedelpaese.info\/wp-content\/uploads\/2012\/03\/minivolley_banner-300x171.jpg 300w\" sizes=\"auto, (max-width: 300px) 100vw, 300px\" \/>Lo <b>scopo<\/b>, infatti, \u00e8 <b>quello di dare rilievo alla pratica sportiva dei piccoli<\/b>, <b>senza campanilismi, n\u00e9 rivalit\u00e0 o differenze sessuali<\/b>. <b>L\u2019unica imposizione<\/b> regolamentale prevede la composizione delle squadre in mini-squadre di <b>diverse fasce d\u2019et\u00e0<\/b>, ovvero <b>Fascia B<\/b> (nate\/i nel 2001\/02), <b>Fascia C<\/b> (2002\/03), <b>Fascia D<\/b> (2003\/04), <b>Fascia E<\/b> (Eccellenza, dal 2000 al 2004).<\/p>\n<p style=\"text-align: justify;\"><b>I punteggi ottenuti negli incontri<\/b> delle diverse fasce <b>si sommeranno<\/b> per stilare le classifiche delle 4 maxi squadre, tra le quali <b>verr\u00e0 proclamata la vincitrice a fine manifestazione<\/b>. Tutti gli incontri si svolgeranno a tempo in campi regolamentali da minivolley (4,5m x 9m).<\/p>\n<p style=\"text-align: justify;\"><b><img loading=\"lazy\" decoding=\"async\" class=\" alignright size-full wp-image-20990\" style=\"margin: 4px; float: right;\" alt=\"minivolley3\" src=\"https:\/\/archiviogioia.lavocedelpaese.info\/wp-content\/uploads\/2012\/03\/minivolley3.jpg\" height=\"225\" width=\"300\" srcset=\"https:\/\/archiviogioia.lavocedelpaese.info\/wp-content\/uploads\/2012\/03\/minivolley3.jpg 600w, https:\/\/archiviogioia.lavocedelpaese.info\/wp-content\/uploads\/2012\/03\/minivolley3-300x225.jpg 300w\" sizes=\"auto, (max-width: 300px) 100vw, 300px\" \/>A met\u00e0 manifestazione<\/b>, inoltre, sar\u00e0 <b>prevista l\u2019esibizione della Fascia A<\/b>, ovvero tutti i <b>bambini e bambine<\/b> <b>nati tra il 2005 e il 2007<\/b>, tesserati delle quattro societ\u00e0 aderenti alla manifestazione, i quali parteciperanno a una serie di giochi di socializzazione, circuito e staffette con percorsi condivisi.<\/p>\n<p style=\"text-align: justify;\">Le abilit\u00e0 a cui si far\u00e0 riferimento per la creazione dei giochi saranno <b>schemi motori della corsa<\/b>, <b>lancio e presa della palla<\/b>, <b>salto mono-podalico<\/b>, <b>bi-podalico<\/b>, <b>rotolamenti<\/b> e altre capacit\u00e0 pi\u00f9 o meno specifiche apprese in questi mesi con i loro allenatori. Il tutto accompagnato da un\u2019impronta prettamente ludica, <b>con <\/b>tanto di <b>animazione musicale a cura del Team Volley J\u00f2ya<\/b>, che, per l\u2019occasione, ha previsto anche il lancio dell\u2019ultima iniziativa societario.<\/p>\n<p style=\"text-align: justify;\"><b>A corollario della manifestazione<\/b>, infatti, <b>prender\u00e0 il via il Progetto \u201cMilk-School&amp;Volley\u201d<\/b>, fortemente <b>voluto<\/b> dalla societ\u00e0 biancorossa e <b>dal presidente Lippolis<\/b> in prima persona, <b>in collaborazione la Granarolo<\/b>. La partnership con l\u2019azienda prevede la <b>distribuzione gratuita<\/b><b><img loading=\"lazy\" decoding=\"async\" class=\" alignleft size-full wp-image-20991\" style=\"margin: 4px; float: left;\" alt=\"minivolley-sponsor\" src=\"https:\/\/archiviogioia.lavocedelpaese.info\/wp-content\/uploads\/2012\/03\/minivolley-sponsor.jpg\" height=\"222\" width=\"300\" srcset=\"https:\/\/archiviogioia.lavocedelpaese.info\/wp-content\/uploads\/2012\/03\/minivolley-sponsor.jpg 573w, https:\/\/archiviogioia.lavocedelpaese.info\/wp-content\/uploads\/2012\/03\/minivolley-sponsor-300x222.jpg 300w\" sizes=\"auto, (max-width: 300px) 100vw, 300px\" \/><\/b> a nome del Team Volley J\u00f2ya <b>di una serie di prodotti Granarolo-Yomo<\/b> (tra cui Squeeze e Yomino) prettamente <b>indicati<\/b> <b>come merende<\/b> sane e genuine anche e soprattutto <b>per l\u2019attivit\u00e0 fisica<\/b> nei pi\u00f9 piccoli. A tal proposito, inoltre, <b>verranno <\/b><b>consegnate gratuitamente<\/b>, <b>ai partecipanti e ai loro famigliari<\/b>, delle <b>guide alla corretta alimentazione per chi pratica sport <\/b>e per ragazzi dai 3 ai 15 anni.<\/p>\n<p style=\"text-align: justify;\"><b>Un\u2019iniziativa ai primi passi<\/b>, ma <b>che<\/b>, stando alle intenzioni del presidente Lippolis e dei soci biancorossi, <b>pu\u00f2 e deve continuare nel suo percorso fino a giungere a una stretta collaborazione con le scuole<\/b>, principale viatico per consentire e indicare la strada per uno sviluppo sano e corretto, tanto dal punto di vista sportivo-agonistico, tanto da quello salutare e nutrizionale. <b>Anche domenica<\/b>, quindi, alla fine dei percorsi sar\u00e0 <b>previsto un break per consentire ai bambini di socializzare e fare merenda con cibo sano<\/b>.<\/p>\n","protected":false},"excerpt":{"rendered":"","protected":false},"author":1,"featured_media":20985,"comment_status":"open","ping_status":"closed","sticky":false,"template":"","format":"standard","meta":{"colormag_page_container_layout":"default_layout","colormag_page_sidebar_layout":"default_layout","footnotes":""},"categories":[5],"tags":[],"class_list":["post-21027","post","type-post","status-publish","format-standard","has-post-thumbnail","hentry","category-sport"],"_links":{"self":[{"href":"https:\/\/archiviogioia.lavocedelpaese.info\/index.php?rest_route=\/wp\/v2\/posts\/21027","targetHints":{"allow":["GET"]}}],"collection":[{"href":"https:\/\/archiviogioia.lavocedelpaese.info\/index.php?rest_route=\/wp\/v2\/posts"}],"about":[{"href":"https:\/\/archiviogioia.lavocedelpaese.info\/index.php?rest_route=\/wp\/v2\/types\/post"}],"author":[{"embeddable":true,"href":"https:\/\/archiviogioia.lavocedelpaese.info\/index.php?rest_route=\/wp\/v2\/users\/1"}],"replies":[{"embeddable":true,"href":"https:\/\/archiviogioia.lavocedelpaese.info\/index.php?rest_route=%2Fwp%2Fv2%2Fcomments&post=21027"}],"version-history":[{"count":0,"href":"https:\/\/archiviogioia.lavocedelpaese.info\/index.php?rest_route=\/wp\/v2\/posts\/21027\/revisions"}],"wp:featuredmedia":[{"embeddable":true,"href":"https:\/\/archiviogioia.lavocedelpaese.info\/index.php?rest_route=\/wp\/v2\/media\/20985"}],"wp:attachment":[{"href":"https:\/\/archiviogioia.lavocedelpaese.info\/index.php?rest_route=%2Fwp%2Fv2%2Fmedia&parent=21027"}],"wp:term":[{"taxonomy":"category","embeddable":true,"href":"https:\/\/archiviogioia.lavocedelpaese.info\/index.php?rest_route=%2Fwp%2Fv2%2Fcategories&post=21027"},{"taxonomy":"post_tag","embeddable":true,"href":"https:\/\/archiviogioia.lavocedelpaese.info\/index.php?rest_route=%2Fwp%2Fv2%2Ftags&post=21027"}],"curies":[{"name":"wp","href":"https:\/\/api.w.org\/{rel}","templated":true}]}}