{"id":21304,"date":"2012-03-22T05:37:03","date_gmt":"2012-03-22T05:37:03","guid":{"rendered":"https:\/\/archiviogioia.lavocedelpaese.info\/?p=21304"},"modified":"2012-03-22T05:37:03","modified_gmt":"2012-03-22T05:37:03","slug":"salotto-allunotre-cambio-data-appuntamento","status":"publish","type":"post","link":"https:\/\/archiviogioia.lavocedelpaese.info\/?p=21304","title":{"rendered":"SALOTTO ALL\u2019UNOTRE, CAMBIO DATA APPUNTAMENTO"},"content":{"rendered":"<p><img loading=\"lazy\" decoding=\"async\" class=\" size-full wp-image-19297\" style=\"margin-right: 2px; margin-left: 2px;\" alt=\"salotto-leronni-pp\" src=\"https:\/\/archiviogioia.lavocedelpaese.info\/wp-content\/uploads\/2012\/02\/salotto-leronni-pp.jpg\" height=\"150\" width=\"320\" srcset=\"https:\/\/archiviogioia.lavocedelpaese.info\/wp-content\/uploads\/2012\/02\/salotto-leronni-pp.jpg 640w, https:\/\/archiviogioia.lavocedelpaese.info\/wp-content\/uploads\/2012\/02\/salotto-leronni-pp-300x141.jpg 300w\" sizes=\"auto, (max-width: 320px) 100vw, 320px\" \/><\/p>\n<p><!--more--><\/p>\n<p style=\"margin-bottom: 0.0001pt; text-align: justify; line-height: normal;\"><b><img loading=\"lazy\" decoding=\"async\" class=\" alignleft size-full wp-image-16518\" style=\"margin: 4px; float: left;\" alt=\"lo-stato-siamo-noi-logo-pp\" src=\"https:\/\/archiviogioia.lavocedelpaese.info\/wp-content\/uploads\/2011\/11\/lo-stato-siamo-noi-logo-pp.jpg\" height=\"120\" width=\"256\" srcset=\"https:\/\/archiviogioia.lavocedelpaese.info\/wp-content\/uploads\/2011\/11\/lo-stato-siamo-noi-logo-pp.jpg 640w, https:\/\/archiviogioia.lavocedelpaese.info\/wp-content\/uploads\/2011\/11\/lo-stato-siamo-noi-logo-pp-300x141.jpg 300w\" sizes=\"auto, (max-width: 256px) 100vw, 256px\" \/>Gioved\u00ec 29 marzo <\/b>2012, dalle ore 18.00 in poi, presso il chiostro del municipio di Gioia del Colle,<b> si svolger\u00e0 la cerimonia di premiazione della 1\u00b0 edizione del Premio letterario \u201cLo Stato siamo noi\u201d<\/b>. Il concorso, bandito dal Liceo \u201cR. Canudo\u201d in collaborazione con l\u2019Associazione \u201cLibera\u201d (presidio di Gioia del Colle) e con il patrocinio del Comune, \u00e8 esteso agli alunni delle locali Scuole Secondarie di 1\u00b0 e 2\u00b0 Grado e si suddivide in tre sezioni: poesia, racconto e cortometraggio (inediti).<\/p>\n<p style=\"margin-bottom: 0.0001pt; text-align: justify; line-height: normal;\"><img loading=\"lazy\" decoding=\"async\" class=\" alignright size-full wp-image-15708\" style=\"margin: 4px; float: right;\" alt=\"masciari prestia03a\" src=\"https:\/\/archiviogioia.lavocedelpaese.info\/wp-content\/uploads\/2011\/10\/masciari_prestia03a.jpg\" height=\"215\" width=\"183\" srcset=\"https:\/\/archiviogioia.lavocedelpaese.info\/wp-content\/uploads\/2011\/10\/masciari_prestia03a.jpg 394w, https:\/\/archiviogioia.lavocedelpaese.info\/wp-content\/uploads\/2011\/10\/masciari_prestia03a-256x300.jpg 256w\" sizes=\"auto, (max-width: 183px) 100vw, 183px\" \/><\/p>\n<p style=\"margin-bottom: 0.0001pt; text-align: justify; line-height: normal;\"><b>Per la serata<\/b>, durante la quale saranno lette e visionate le migliori produzioni degli alunni delle varie scuole, oltre al saluto delle Autorit\u00e0, sono <b>previsti<\/b> una testimonianza in ricordo dell\u2019ingegner Donato Maria Boscia, <b>la presenza e la testimonianza di Pino Masciari<\/b> (fra i primi imprenditori a denunciare le cosche calabresi, testimone di giustizia sotto protezione) <b>ed alcuni interventi musicali di una arpista del Conservatorio di Monopoli<\/b>.<\/p>\n<p style=\"margin-bottom: 0.0001pt; text-align: justify; line-height: normal;\"><b>L\u2019iniziativa vuole celebrare in loco la \u201cGiornata della memoria e dell\u2019impegno\u201d<\/b> <b>per le vittime di tutte le mafie<\/b> &#8211; che ricorre il 21 marzo di ogni anno, in concomitanza con la Giornata Mondiale della Poesia &#8211; <b>e vuole dare un segno tangibile del risveglio della societ\u00e0 civile partendo dalle scuole<\/b>, per una presa di coscienza e di impegno che aiuti a debellare quella cultura dell\u2019illegalit\u00e0 e del malaffare che costituisce il primo gradino di tutte le attivit\u00e0 mafiose.<\/p>\n<p style=\"margin-bottom: 0.0001pt; text-align: justify; line-height: normal;\"><b><img loading=\"lazy\" decoding=\"async\" class=\" alignleft size-full wp-image-21303\" style=\"margin: 4px; float: left;\" alt=\"giacomo leronni declama\" src=\"https:\/\/archiviogioia.lavocedelpaese.info\/wp-content\/uploads\/2012\/03\/giacomo_leronni_declama.jpg\" height=\"236\" width=\"156\" \/>L\u2019ideatore Giacomo Leronni e i collaboratori dell\u2019iniziativa \u201cSalotto all\u2019UnoTre\u201d<\/b>, appresa la notizia dell\u2019evento e <b>data l\u2019indubbia, alta valenza civile e culturale dell\u2019iniziativa, decidono pertanto di spostare l\u2019incontro del salotto letterario<\/b> previsto proprio per quel gioved\u00ec presso lo \u201cSpazioUnoTre\u201d di Mario Pugliese, al giorno successivo <b>venerd\u00ec 30 marzo<\/b> (<b>alle ore 20<\/b>). Nel contempo invitano tutti i frequentatori del salotto a partecipare all\u2019iniziativa del 29 marzo, che \u00e8 pienamente in sintonia con quelle idealit\u00e0 a cui il salotto stesso ha cercato finora e sempre cercher\u00e0 di ispirarsi, affinch\u00e9 la letteratura e la cultura diano il loro concreto contributo alla costruzione di una societ\u00e0 pi\u00f9 giusta e rispettosa nei confronti di tutti.<\/p>\n<p style=\"margin-bottom: 0.0001pt; text-align: justify; line-height: normal;\"><b>Arrivederci, dunque, al<\/b> <b>30 marzo<\/b>. Presso lo \u201cSpazioUnoTre\u201d di Mario Pugliese (in Via Barba 13 a Gioia del Colle) <b>c\u2019incontreremo per raccogliere le nostre impressioni <\/b>di lettori<b> del libro di Dacia Maraini <\/b><i>Cercando Emma<\/i><i> <\/i>(BUR Rizzoli).<\/p>\n<p>&nbsp;<\/p>\n","protected":false},"excerpt":{"rendered":"","protected":false},"author":1,"featured_media":19297,"comment_status":"open","ping_status":"closed","sticky":false,"template":"","format":"standard","meta":{"colormag_page_container_layout":"default_layout","colormag_page_sidebar_layout":"default_layout","footnotes":""},"categories":[6],"tags":[],"class_list":["post-21304","post","type-post","status-publish","format-standard","has-post-thumbnail","hentry","category-cultura"],"_links":{"self":[{"href":"https:\/\/archiviogioia.lavocedelpaese.info\/index.php?rest_route=\/wp\/v2\/posts\/21304","targetHints":{"allow":["GET"]}}],"collection":[{"href":"https:\/\/archiviogioia.lavocedelpaese.info\/index.php?rest_route=\/wp\/v2\/posts"}],"about":[{"href":"https:\/\/archiviogioia.lavocedelpaese.info\/index.php?rest_route=\/wp\/v2\/types\/post"}],"author":[{"embeddable":true,"href":"https:\/\/archiviogioia.lavocedelpaese.info\/index.php?rest_route=\/wp\/v2\/users\/1"}],"replies":[{"embeddable":true,"href":"https:\/\/archiviogioia.lavocedelpaese.info\/index.php?rest_route=%2Fwp%2Fv2%2Fcomments&post=21304"}],"version-history":[{"count":0,"href":"https:\/\/archiviogioia.lavocedelpaese.info\/index.php?rest_route=\/wp\/v2\/posts\/21304\/revisions"}],"wp:featuredmedia":[{"embeddable":true,"href":"https:\/\/archiviogioia.lavocedelpaese.info\/index.php?rest_route=\/wp\/v2\/media\/19297"}],"wp:attachment":[{"href":"https:\/\/archiviogioia.lavocedelpaese.info\/index.php?rest_route=%2Fwp%2Fv2%2Fmedia&parent=21304"}],"wp:term":[{"taxonomy":"category","embeddable":true,"href":"https:\/\/archiviogioia.lavocedelpaese.info\/index.php?rest_route=%2Fwp%2Fv2%2Fcategories&post=21304"},{"taxonomy":"post_tag","embeddable":true,"href":"https:\/\/archiviogioia.lavocedelpaese.info\/index.php?rest_route=%2Fwp%2Fv2%2Ftags&post=21304"}],"curies":[{"name":"wp","href":"https:\/\/api.w.org\/{rel}","templated":true}]}}