{"id":21405,"date":"2012-03-24T07:25:30","date_gmt":"2012-03-24T07:25:30","guid":{"rendered":"https:\/\/archiviogioia.lavocedelpaese.info\/?p=21405"},"modified":"2012-03-24T07:25:30","modified_gmt":"2012-03-24T07:25:30","slug":"nek-a-gioia-per-il-magna-grecia-awards","status":"publish","type":"post","link":"https:\/\/archiviogioia.lavocedelpaese.info\/?p=21405","title":{"rendered":"NEK A GIOIA PER IL &#8220;MAGNA GRECIA AWARDS&#8221;"},"content":{"rendered":"<p><img loading=\"lazy\" decoding=\"async\" class=\" size-full wp-image-21398\" style=\"margin-right: 2px; margin-left: 2px;\" alt=\"Nek-cantautore-a-gioia-pp\" src=\"https:\/\/archiviogioia.lavocedelpaese.info\/wp-content\/uploads\/2012\/03\/Nek-cantautore-a-gioia-pp.jpg\" width=\"320\" height=\"150\" srcset=\"https:\/\/archiviogioia.lavocedelpaese.info\/wp-content\/uploads\/2012\/03\/Nek-cantautore-a-gioia-pp.jpg 640w, https:\/\/archiviogioia.lavocedelpaese.info\/wp-content\/uploads\/2012\/03\/Nek-cantautore-a-gioia-pp-300x141.jpg 300w\" sizes=\"auto, (max-width: 320px) 100vw, 320px\" \/><\/p>\n<p><!--more--><\/p>\n<p style=\"text-align: justify;\"><strong><img loading=\"lazy\" decoding=\"async\" class=\" alignleft size-full wp-image-21399\" style=\"margin: 4px; float: left;\" alt=\"fabiosalvatoredanieleliotti\" src=\"https:\/\/archiviogioia.lavocedelpaese.info\/wp-content\/uploads\/2012\/03\/fabiosalvatoredanieleliotti.jpg\" width=\"300\" height=\"200\" srcset=\"https:\/\/archiviogioia.lavocedelpaese.info\/wp-content\/uploads\/2012\/03\/fabiosalvatoredanieleliotti.jpg 425w, https:\/\/archiviogioia.lavocedelpaese.info\/wp-content\/uploads\/2012\/03\/fabiosalvatoredanieleliotti-300x200.jpg 300w\" sizes=\"auto, (max-width: 300px) 100vw, 300px\" \/>Venerd\u00ec 30 marzo<\/strong><span style=\"font-weight: normal;\"><strong> 2012<\/strong>, in terra \u201cfedericiana\u201d, presso il <strong>Teatro Rossini<\/strong><span style=\"font-weight: normal;\"> di Gioia del Colle (BA), alle ore 20,30 <strong>saranno consegnati i riconoscimenti<\/strong><span style=\"font-weight: normal;\"> della quindicesima edizione del &#8220;<strong>MAGNA GRECIA AWARDS<\/strong><span style=\"font-weight: normal;\">&#8220;.<\/span><\/span><\/span><\/span><\/p>\n<p style=\"text-align: justify;\"><span style=\"font-weight: normal;\">Il Magna Grecia Awards nasce <strong>da un\u2019idea di Fabio Salvatore<\/strong><span style=\"font-weight: normal;\">, scrittore, al fine di valorizzare l\u2019operato di uomini e donne nell\u2019ambito delle diverse forme dell\u2019arte<span style=\"font-weight: normal;\">, della comunicazione<span style=\"font-weight: normal;\">, del sociale<span style=\"font-weight: normal;\">, in linea con gli ideali della Magna Grecia. <\/span><\/span><\/span><\/span><\/span><\/p>\n<p style=\"text-align: justify;\">In occasione della quindicesima edizione<span style=\"font-weight: normal;\"> del prestigioso riconoscimento internazionale, si \u00e8 scelto di assegnare la <strong>Presidenza onoraria del Magna Grecia Awards al cantautore<\/strong><span style=\"font-weight: normal;\"><strong> italiano Filippo Neviani in arte Nek<\/strong><span style=\"font-weight: normal;\">, che nel 2010 veniva insignito della menzione speciale \u201cGiovanni Paisiello\u201d. <\/span><\/span><\/span><span style=\"font-weight: normal;\"><img loading=\"lazy\" decoding=\"async\" class=\" alignright size-full wp-image-21401\" style=\"margin: 4px; float: right;\" alt=\"Nek 12\" src=\"https:\/\/archiviogioia.lavocedelpaese.info\/wp-content\/uploads\/2012\/03\/Nek_12.jpg\" width=\"300\" height=\"225\" srcset=\"https:\/\/archiviogioia.lavocedelpaese.info\/wp-content\/uploads\/2012\/03\/Nek_12.jpg 800w, https:\/\/archiviogioia.lavocedelpaese.info\/wp-content\/uploads\/2012\/03\/Nek_12-300x225.jpg 300w, https:\/\/archiviogioia.lavocedelpaese.info\/wp-content\/uploads\/2012\/03\/Nek_12-768x576.jpg 768w\" sizes=\"auto, (max-width: 300px) 100vw, 300px\" \/><\/span><\/p>\n<p style=\"text-align: justify;\"><span style=\"font-weight: normal;\">\u201c<strong>Mi sono appassionato a questo premio<\/strong><span style=\"font-weight: normal;\"> \u2013 afferma Nek \u2013 <strong>e al suo messaggio umano<\/strong><span style=\"font-weight: normal;\">, dal significato pi\u00f9 intimo, in una societ\u00e0 dove tante volte si scappa di fronte alla bellezza ed alla semplicit\u00e0 del quotidiano. <strong>Mi onora esserne Presidente onorario<\/strong><span style=\"font-weight: normal;\"> e mi sprona a far crescere insieme questo riconoscimento, dando del mio e mettendolo a disposizione dei figli della Magna Grecia, culla della nostra civilt\u00e0 e umanit\u00e0\u201d.<\/span><\/span><\/span><\/span><\/p>\n<p style=\"text-align: justify;\"><strong>A Gioia del Colle<\/strong><span style=\"font-weight: normal;\">, culla del mito di Bianca Lancia, segno dell\u2019amore di Federico II, persecutore e stupore delle radici magno greche, <strong>continua la tradizione di un premio che<\/strong><span style=\"font-weight: normal;\">, dalla sua nascita avvenuta nel 1996, <strong>\u00e8 cresciuto, acquistando la sua attuale caratura nazionale ed internazionale<\/strong><span style=\"font-weight: normal;\">. Il Magna Grecia Awards<span style=\"font-weight: normal;\">, <img loading=\"lazy\" decoding=\"async\" class=\" alignleft size-full wp-image-21402\" style=\"margin: 4px; float: left;\" alt=\"magna grecia award premio\" src=\"https:\/\/archiviogioia.lavocedelpaese.info\/wp-content\/uploads\/2012\/03\/magna_grecia_award_premio.jpg\" width=\"300\" height=\"200\" \/>in passato andato a personalit\u00e0 di spicco come Giovanni Allevi, Luis Bacalov, Raul Bova, Alda Merini, Ferzan Ozpetek, Nicholas Sparks, Lina Wertmuller, Vincenzo Cerami, Chiara Amirante, Barbara Benedettelli, Cristiana Capotondi, Roberto Cacciapaglia, Enzo Decaro, continua<span style=\"font-weight: normal;\"> a solcare la via dell\u2019antichit\u00e0<span style=\"font-weight: normal;\">, <strong>ponendo l\u2019attenzione sulla forza dell\u2019anima ed il talento<\/strong> di uomini che, in svariate forme, contribuiscono a migliorare i percorsi della conoscenza, del sapere e della vita.<\/span><\/span><\/span><\/span><\/span><\/span><\/p>\n<p style=\"text-align: justify;\"><strong>Marted\u00ec prossimo<\/strong>, 27 marzo, <strong>saranno resi noti i riconoscimenti della XV Edizione<\/strong><span style=\"font-weight: normal;\">.<\/span><\/p>\n<p style=\"text-align: justify;\"><strong>Solo l\u2019amore \u00e8 il feel rouge che segna la XV edizione<\/strong><span style=\"font-weight: normal;\"> del Ma<\/span><span style=\"font-weight: normal;\"><span style=\"font-weight: normal;\"><img loading=\"lazy\" decoding=\"async\" class=\" alignright size-full wp-image-21404\" style=\"margin: 4px; float: right;\" alt=\"chiara almirante nuovi orizzonti\" src=\"https:\/\/archiviogioia.lavocedelpaese.info\/wp-content\/uploads\/2012\/03\/chiara_almirante_nuovi_orizzonti.jpg\" width=\"300\" height=\"213\" srcset=\"https:\/\/archiviogioia.lavocedelpaese.info\/wp-content\/uploads\/2012\/03\/chiara_almirante_nuovi_orizzonti.jpg 400w, https:\/\/archiviogioia.lavocedelpaese.info\/wp-content\/uploads\/2012\/03\/chiara_almirante_nuovi_orizzonti-300x213.jpg 300w\" sizes=\"auto, (max-width: 300px) 100vw, 300px\" \/><\/span><\/span><span style=\"font-weight: normal;\">gna Grecia Awards, ispirata dal pensiero Solo l\u2019amore, per l\u2019appunto, <strong>di Chiara Amirant<\/strong><\/span><span style=\"font-weight: normal;\"><span style=\"font-weight: normal;\"><\/span><\/span><span style=\"font-weight: normal;\"><strong>e<\/strong><span style=\"font-weight: normal;\">, fondatrice della Comunit\u00e0 \u201cNuovi Orizzonti<span style=\"font-weight: normal;\">\u201d.<\/span><\/span><\/span><\/p>\n<p style=\"text-align: justify;\">Il Premio, <strong>prodotto da Damiano Petrelli<\/strong>, \u00e8 <strong>patrocinato dal Ministero per i Beni e le Attivit\u00e0 Culturali<\/strong><span style=\"font-weight: normal;\">, dalla <strong>Presidenza del Consiglio della Regione Puglia<\/strong><span style=\"font-weight: normal;\">, dalla <strong>Provincia di Bari<\/strong><span style=\"font-weight: normal;\">, dalla <strong>Fondazione Ente dello Spettacolo<\/strong><span style=\"font-weight: normal;\">, dal <strong>Comune di Gioia del Colle<\/strong><span style=\"font-weight: normal;\"> e dal <strong>Comune di Castellaneta<\/strong><span style=\"font-weight: normal;\">-Assessorato alla Cultura.<\/span><\/span><\/span><\/span><\/span><\/span><\/p>\n<p style=\"text-align: justify;\"><strong>Si accede per invito<\/strong><span style=\"font-weight: normal;\">.<\/span><\/p>\n<p>Per maggiori <b>informazioni<\/b>: 080\/5027474 (Dub Promotion), 347\/9045421 (Ufficio stampa Magna Grecia Awards).<\/p>\n","protected":false},"excerpt":{"rendered":"","protected":false},"author":1,"featured_media":21398,"comment_status":"open","ping_status":"closed","sticky":false,"template":"","format":"standard","meta":{"colormag_page_container_layout":"default_layout","colormag_page_sidebar_layout":"default_layout","footnotes":""},"categories":[7],"tags":[],"class_list":["post-21405","post","type-post","status-publish","format-standard","has-post-thumbnail","hentry","category-attualita"],"_links":{"self":[{"href":"https:\/\/archiviogioia.lavocedelpaese.info\/index.php?rest_route=\/wp\/v2\/posts\/21405","targetHints":{"allow":["GET"]}}],"collection":[{"href":"https:\/\/archiviogioia.lavocedelpaese.info\/index.php?rest_route=\/wp\/v2\/posts"}],"about":[{"href":"https:\/\/archiviogioia.lavocedelpaese.info\/index.php?rest_route=\/wp\/v2\/types\/post"}],"author":[{"embeddable":true,"href":"https:\/\/archiviogioia.lavocedelpaese.info\/index.php?rest_route=\/wp\/v2\/users\/1"}],"replies":[{"embeddable":true,"href":"https:\/\/archiviogioia.lavocedelpaese.info\/index.php?rest_route=%2Fwp%2Fv2%2Fcomments&post=21405"}],"version-history":[{"count":0,"href":"https:\/\/archiviogioia.lavocedelpaese.info\/index.php?rest_route=\/wp\/v2\/posts\/21405\/revisions"}],"wp:featuredmedia":[{"embeddable":true,"href":"https:\/\/archiviogioia.lavocedelpaese.info\/index.php?rest_route=\/wp\/v2\/media\/21398"}],"wp:attachment":[{"href":"https:\/\/archiviogioia.lavocedelpaese.info\/index.php?rest_route=%2Fwp%2Fv2%2Fmedia&parent=21405"}],"wp:term":[{"taxonomy":"category","embeddable":true,"href":"https:\/\/archiviogioia.lavocedelpaese.info\/index.php?rest_route=%2Fwp%2Fv2%2Fcategories&post=21405"},{"taxonomy":"post_tag","embeddable":true,"href":"https:\/\/archiviogioia.lavocedelpaese.info\/index.php?rest_route=%2Fwp%2Fv2%2Ftags&post=21405"}],"curies":[{"name":"wp","href":"https:\/\/api.w.org\/{rel}","templated":true}]}}