{"id":21441,"date":"2012-03-24T07:38:23","date_gmt":"2012-03-24T07:38:23","guid":{"rendered":"https:\/\/archiviogioia.lavocedelpaese.info\/?p=21441"},"modified":"2012-03-24T07:38:23","modified_gmt":"2012-03-24T07:38:23","slug":"mostra-a-est-diario-di-viaggio-di-fabrizio-rossiello","status":"publish","type":"post","link":"https:\/\/archiviogioia.lavocedelpaese.info\/?p=21441","title":{"rendered":"MOSTRA \u201cA EST\u201d, DIARIO DI VIAGGIO DI FABRIZIO ROSSIELLO"},"content":{"rendered":"<p><img loading=\"lazy\" decoding=\"async\" class=\" size-full wp-image-21431\" style=\"margin-right: 2px; margin-left: 2px;\" alt=\"viaggio-a-est-pp\" src=\"https:\/\/archiviogioia.lavocedelpaese.info\/wp-content\/uploads\/2012\/03\/viaggio-a-est-pp.jpg\" width=\"320\" height=\"150\" srcset=\"https:\/\/archiviogioia.lavocedelpaese.info\/wp-content\/uploads\/2012\/03\/viaggio-a-est-pp.jpg 640w, https:\/\/archiviogioia.lavocedelpaese.info\/wp-content\/uploads\/2012\/03\/viaggio-a-est-pp-300x141.jpg 300w\" sizes=\"auto, (max-width: 320px) 100vw, 320px\" \/><\/p>\n<p><!--more--><\/p>\n<p style=\"margin-bottom: 0.0001pt; text-align: justify; line-height: normal;\"><b><img loading=\"lazy\" decoding=\"async\" class=\" alignright size-full wp-image-21433\" style=\"margin: 4px; float: right;\" alt=\"fabrizio rossiello\" src=\"https:\/\/archiviogioia.lavocedelpaese.info\/wp-content\/uploads\/2012\/03\/fabrizio_rossiello.jpg\" width=\"219\" height=\"277\" srcset=\"https:\/\/archiviogioia.lavocedelpaese.info\/wp-content\/uploads\/2012\/03\/fabrizio_rossiello.jpg 458w, https:\/\/archiviogioia.lavocedelpaese.info\/wp-content\/uploads\/2012\/03\/fabrizio_rossiello-236x300.jpg 236w\" sizes=\"auto, (max-width: 219px) 100vw, 219px\" \/>L\u2019Albania&nbsp;di oggi \u00e8 un\u2019attesa<\/b>, perenne e instancabile, a tratti immobile. L\u2019attesa di un ingresso <b>nel gran gal\u00e0 europeo<\/b>; l\u2019attesa <b>di lasciarsi alle spalle quel passato fatto di privazioni<\/b>. Ma anche l\u2019immobilit\u00e0 della tradizione, caratterizzata dai miti storici e leggendari e dalla pigrizia apparente di un Paese di frontiera.&nbsp;Un&nbsp;Paese&nbsp;che guarda dalla finestra l\u2019orizzonte, tutt\u2019intento a sembrar migliore, ad assomigliarsi il meno possibile.&nbsp;<\/p>\n<p style=\"margin-bottom: 0.0001pt; text-align: justify; line-height: normal;\"><b>Fabrizio&nbsp;Rossiello si racconta attraverso&nbsp;il linguaggio della luce<\/b>;&nbsp;un diario di viaggio <b>proposto al pubblico nella cornice della elegante neonata Pinacoteca civica di Cassano delle Murge<\/b> (Ba), nei pressi della piazza centrale Aldo Moro.<\/p>\n<p style=\"margin-bottom: 0.0001pt; text-align: justify; line-height: normal;\"><b>Inaugurazione&nbsp;questa sera<\/b>, sabato 24 marzo,&nbsp;<b>alle&nbsp;ore 19,00<\/b>.&nbsp;<\/p>\n<p style=\"margin-bottom: 0.0001pt; text-align: justify; line-height: normal;\"><b>Interverranno<\/b>:<\/p>\n<ul>\n<li>SINDACO DI CASSANO&nbsp;MARIA PIA DI MEDIO<\/li>\n<li>ASSESSORE ALLA CULTURA&nbsp;PIERPAOLA SAPIENZA&nbsp;<\/li>\n<li>FOTOGRAFO&nbsp;FABRIZIO ROSSIELLO<\/li>\n<li>DOTTORE DI RICERCA (UNIVERSITA&#8217; DI BARI)&nbsp;ROSARIO MILANO<\/li>\n<li>DOTTORE DI RICERCA (POLITECNICO DI BARI)&nbsp;FRIDA PASHAKO<\/li>\n<\/ul>\n<p><strong>Coordina Vito Stano<\/strong><\/p>\n<p style=\"text-align: justify;\"><img loading=\"lazy\" decoding=\"async\" class=\" alignleft size-full wp-image-21436\" style=\"margin: 4px; float: left;\" alt=\"locandina-viaggio-a-est\" src=\"https:\/\/archiviogioia.lavocedelpaese.info\/wp-content\/uploads\/2012\/03\/locandina-viaggio-a-est.jpg\" width=\"300\" height=\"420\" srcset=\"https:\/\/archiviogioia.lavocedelpaese.info\/wp-content\/uploads\/2012\/03\/locandina-viaggio-a-est.jpg 660w, https:\/\/archiviogioia.lavocedelpaese.info\/wp-content\/uploads\/2012\/03\/locandina-viaggio-a-est-214x300.jpg 214w\" sizes=\"auto, (max-width: 300px) 100vw, 300px\" \/>Il viaggio di Fabrizio Rossiello parte dall\u2019Italia, parte quel desiderio di conoscenza e dialogo che lo caratterizza e prosegue con la visita nei territori occidentali di quello che rimane dei Balcani.<\/p>\n<p style=\"margin-bottom: 0.0001pt; text-align: justify; line-height: normal;\">Albania, Kosovo e Macedonia tre entit\u00e0 statuali distinte che si assomigliano, ma non si possono sovrapporre. Il racconto intimistico e fugace dell\u2019autore proietta come lunghe ombre in chi osserva le sue foto le molte suggestioni che specialmente nell\u2019immaginario collettivo pugliese si sono sedimentate; dei tre territori toccati il Paese delle Aquile conserva l\u2019interesse primario, anche perch\u00e9 il legame del popolo albanese con il suo dirimpettaio appulo \u00e8 storia di secoli. Ma soprattutto \u00e8 storia recente, ancora fresca nella memoria collettiva e individuale di ognuno. Storia di navi cariche di speranze, di uomini e donne alla ricerca di un futuro migliore.<\/p>\n<p style=\"margin-bottom: 0.0001pt; text-align: justify; line-height: normal;\">L\u2019Albania di oggi \u00e8 un\u2019attesa, perenne e instancabile, a tratti immobile. L\u2019attesa di un ingresso nel gran gal\u00e0 europeo; l\u2019attesa di lasciarsi alle spalle quel passato fatto di privazioni. Ma anche l\u2019immobilit\u00e0 della tradizione, caratterizzata dai miti storici e leggendari e dalla pigrizia apparente di un Paese di frontiera. Un Paese che guarda dalla finestra l\u2019orizzonte, tutt\u2019intento a sembrar migliore, ad assomigliarsi il meno possibile.<\/p>\n<p style=\"margin-bottom: 0.0001pt; text-align: justify; line-height: normal;\">Le frontiere albanesi sono lembi di terra, vette montuose che separano territori e popoli. Il Kosovo era Jugoslavia, oggi non lo \u00e8 pi\u00f9, ma questo distacco ha comportato conflitti armati di cui ancora oggi i muri ne raccontano l\u2019epilogo. E poi la Macedonia dove i segni del conflitto sono visibili per strada, quasi fosse un lascito ironico del pensiero violento che ha caratterizzato l\u2019Europa degli anni Novanta.<\/p>\n<p style=\"margin-bottom: 0.0001pt; text-align: justify; line-height: normal;\">In breve la fotografia di Rossiello la leggiamo attraverso i dettagli che la caratterizzano e proprio osservando questi \u00e8 possibile scoprire l\u2019essenza di te<img loading=\"lazy\" decoding=\"async\" class=\" alignright size-full wp-image-21438\" style=\"margin: 4px; float: right;\" alt=\"fabrizio rossiello foto\" src=\"https:\/\/archiviogioia.lavocedelpaese.info\/wp-content\/uploads\/2012\/03\/fabrizio_rossiello_foto.jpg\" width=\"300\" height=\"200\" srcset=\"https:\/\/archiviogioia.lavocedelpaese.info\/wp-content\/uploads\/2012\/03\/fabrizio_rossiello_foto.jpg 700w, https:\/\/archiviogioia.lavocedelpaese.info\/wp-content\/uploads\/2012\/03\/fabrizio_rossiello_foto-300x200.jpg 300w\" sizes=\"auto, (max-width: 300px) 100vw, 300px\" \/>rre sconosciute a vicini troppo impegnati a conservare lo status di europei senza accorgersi di rischiare di scivolare nel passato. La mostra si propone di raccontare le micro storie della vita quotidiana attraverso la lente selettiva del fotografo.&nbsp;<\/p>\n<p style=\"margin-bottom: 0.0001pt; text-align: justify; line-height: normal;\">La fotografia dunque come occasione di dialogo tra culture differenti, vicine geograficamente ma lontanissime per interscambio culturale. Questa mostra, e altre che potrebbero seguire, quindi si propone attraverso la divulgazione dell\u2019opera di Fabrizio Rossiello di raccontare con il linguaggio della luce le realt\u00e0 intime dell\u2019autore, come sempre in fotografia presenti in ogni scatto, e tramite ogni scatto cercare di carpire qualcosa del prossimo.<\/p>\n<p style=\"margin-bottom: 0.0001pt; text-align: justify; line-height: normal;\"><strong>Info<\/strong>: &nbsp;<a href=\"mailto:%3Ca%20href=\" mailto:stanovito=\"\" gmail=\"\" com=\"\">stanovito@gmail.com<\/a> &#8211; <strong>cell<\/strong>:&nbsp; 329\/1658950 &#8211; <a href=\"https:\/\/www.facebook.com\/events\/332736486772474\/\">https:\/\/www.facebook.com\/events\/332736486772474\/<\/a><\/p>\n","protected":false},"excerpt":{"rendered":"","protected":false},"author":1,"featured_media":21431,"comment_status":"open","ping_status":"closed","sticky":false,"template":"","format":"standard","meta":{"colormag_page_container_layout":"default_layout","colormag_page_sidebar_layout":"default_layout","footnotes":""},"categories":[7],"tags":[],"class_list":["post-21441","post","type-post","status-publish","format-standard","has-post-thumbnail","hentry","category-attualita"],"_links":{"self":[{"href":"https:\/\/archiviogioia.lavocedelpaese.info\/index.php?rest_route=\/wp\/v2\/posts\/21441","targetHints":{"allow":["GET"]}}],"collection":[{"href":"https:\/\/archiviogioia.lavocedelpaese.info\/index.php?rest_route=\/wp\/v2\/posts"}],"about":[{"href":"https:\/\/archiviogioia.lavocedelpaese.info\/index.php?rest_route=\/wp\/v2\/types\/post"}],"author":[{"embeddable":true,"href":"https:\/\/archiviogioia.lavocedelpaese.info\/index.php?rest_route=\/wp\/v2\/users\/1"}],"replies":[{"embeddable":true,"href":"https:\/\/archiviogioia.lavocedelpaese.info\/index.php?rest_route=%2Fwp%2Fv2%2Fcomments&post=21441"}],"version-history":[{"count":0,"href":"https:\/\/archiviogioia.lavocedelpaese.info\/index.php?rest_route=\/wp\/v2\/posts\/21441\/revisions"}],"wp:featuredmedia":[{"embeddable":true,"href":"https:\/\/archiviogioia.lavocedelpaese.info\/index.php?rest_route=\/wp\/v2\/media\/21431"}],"wp:attachment":[{"href":"https:\/\/archiviogioia.lavocedelpaese.info\/index.php?rest_route=%2Fwp%2Fv2%2Fmedia&parent=21441"}],"wp:term":[{"taxonomy":"category","embeddable":true,"href":"https:\/\/archiviogioia.lavocedelpaese.info\/index.php?rest_route=%2Fwp%2Fv2%2Fcategories&post=21441"},{"taxonomy":"post_tag","embeddable":true,"href":"https:\/\/archiviogioia.lavocedelpaese.info\/index.php?rest_route=%2Fwp%2Fv2%2Ftags&post=21441"}],"curies":[{"name":"wp","href":"https:\/\/api.w.org\/{rel}","templated":true}]}}