{"id":21529,"date":"2012-03-26T07:16:10","date_gmt":"2012-03-26T07:16:10","guid":{"rendered":"https:\/\/archiviogioia.lavocedelpaese.info\/?p=21529"},"modified":"2012-03-26T07:16:10","modified_gmt":"2012-03-26T07:16:10","slug":"moderati-tigre-negli-occhi-mattone-nel-cuore-foto-2","status":"publish","type":"post","link":"https:\/\/archiviogioia.lavocedelpaese.info\/?p=21529","title":{"rendered":"\u201cTIGRE NEGLI OCCHI\u201d, MATTONE NEL CUORE DEI MODERATI?-foto"},"content":{"rendered":"<p><img loading=\"lazy\" decoding=\"async\" class=\" size-full wp-image-21493\" style=\"margin-right: 2px; margin-left: 2px;\" alt=\"moderati-gruppo-dirigente-p\" src=\"https:\/\/archiviogioia.lavocedelpaese.info\/wp-content\/uploads\/2012\/03\/moderati-gruppo-dirigente-p.jpg\" height=\"150\" width=\"320\" srcset=\"https:\/\/archiviogioia.lavocedelpaese.info\/wp-content\/uploads\/2012\/03\/moderati-gruppo-dirigente-p.jpg 640w, https:\/\/archiviogioia.lavocedelpaese.info\/wp-content\/uploads\/2012\/03\/moderati-gruppo-dirigente-p-300x141.jpg 300w\" sizes=\"auto, (max-width: 320px) 100vw, 320px\" \/><\/p>\n<p><!--more--><\/p>\n<p style=\"text-align: justify;\"><b><img loading=\"lazy\" decoding=\"async\" class=\" alignleft size-full wp-image-21494\" style=\"margin: 4px; float: left;\" alt=\"povia-e-moderati\" src=\"https:\/\/archiviogioia.lavocedelpaese.info\/wp-content\/uploads\/2012\/03\/povia-e-moderati.jpg\" height=\"200\" width=\"300\" srcset=\"https:\/\/archiviogioia.lavocedelpaese.info\/wp-content\/uploads\/2012\/03\/povia-e-moderati.jpg 472w, https:\/\/archiviogioia.lavocedelpaese.info\/wp-content\/uploads\/2012\/03\/povia-e-moderati-300x200.jpg 300w\" sizes=\"auto, (max-width: 300px) 100vw, 300px\" \/>Premessa<\/b>: <b>trattasi di articolo di opinione e non di informazione<\/b>. Si consiglia a tutti coloro che hanno problemi nel digerire opinioni contrastanti con le proprie, di <b>leggere attentamente queste avvertenze ed evitare di proseguire nella lettura<\/b>. Tra gli <b>effetti collaterali<\/b> sono stati segnalati casi di vomito irrefrenabile, di <b>commenti traboccanti succhi gastrici su facebook<\/b>, e antipatici reflussi esofagei anche a post cancellati.<\/p>\n<p style=\"text-align: justify;\"><b>Sei liste e rispettivi sponsor in corsa per \u201cPovia sindaco subito\u201d<\/b> (a breve se ne aggiungeranno altre due).<\/p>\n<p style=\"text-align: justify;\"><b>Non saranno frutto di una oculata campagna acquisti<\/b>, <b><img loading=\"lazy\" decoding=\"async\" class=\" alignright size-full wp-image-21496\" style=\"margin: 4px; float: right;\" alt=\"povia sergio 4\" src=\"https:\/\/archiviogioia.lavocedelpaese.info\/wp-content\/uploads\/2012\/03\/povia_sergio_4.JPG\" height=\"199\" width=\"300\" srcset=\"https:\/\/archiviogioia.lavocedelpaese.info\/wp-content\/uploads\/2012\/03\/povia_sergio_4.JPG 900w, https:\/\/archiviogioia.lavocedelpaese.info\/wp-content\/uploads\/2012\/03\/povia_sergio_4-300x199.jpg 300w, https:\/\/archiviogioia.lavocedelpaese.info\/wp-content\/uploads\/2012\/03\/povia_sergio_4-768x510.jpg 768w\" sizes=\"auto, (max-width: 300px) 100vw, 300px\" \/><\/b>come sottolineato da Sergio Povia il 21 marzo nella sala De Deo, ma di certo <b>neanche \u201canimali domestici\u201d se in tutti l\u2019ex sindaco ritrova \u201cla tigre negli occhi\u201d<\/b>, stilema coniato da Emiliano in una sua conferenza che evidentemente \u00e8 <b>piaciuto molto al leonino<\/b> (di segno zodiacale e di fatto) <b>Povia<\/b>.<\/p>\n<p style=\"text-align: justify;\">\u201c<b>Non abbiamo vendette da consumare<\/b>\u201d, continua il politico nella sua disamina, d\u2019altra parte <b>tutto quello che<\/b> \u201cumanamente\u201d <b>poteva esser fatto<\/b> per eliminare gli avversari di ieri (<b>Vito Mastrovito<\/b>) e di oggi (<b>Piero Longo<\/b>, per quelli di domani il cantiere \u00e8 all\u2019opera) <b>\u00e8 stato fatto con rigore scientifico ed alleanze <\/b>che oggi si svelano in tutto il loro splendore.<\/p>\n<p style=\"text-align: justify;\"><b>Nella giungla in cui ques<\/b><img loading=\"lazy\" decoding=\"async\" class=\" alignleft size-full wp-image-21498\" style=\"margin: 4px; float: left;\" alt=\"ventaglini-moderati\" src=\"https:\/\/archiviogioia.lavocedelpaese.info\/wp-content\/uploads\/2012\/03\/ventaglini-moderati.jpg\" height=\"200\" width=\"300\" srcset=\"https:\/\/archiviogioia.lavocedelpaese.info\/wp-content\/uploads\/2012\/03\/ventaglini-moderati.jpg 472w, https:\/\/archiviogioia.lavocedelpaese.info\/wp-content\/uploads\/2012\/03\/ventaglini-moderati-300x200.jpg 300w\" sizes=\"auto, (max-width: 300px) 100vw, 300px\" \/><b>ti \u201cpredatori politici\u201d si aggirano<\/b>, <b>qualche novello Tarzan tenter\u00e0 di togliere all\u2019aspirante re della foresta il trono<\/b>, ma dovr\u00e0 tenersi lontano da artigli e finti alleati e tener d\u2019occhio le liane (metti che qualche \u201cfranco\u201d tiratore stia gi\u00e0 \u201csegandole\u201d?).<\/p>\n<p style=\"text-align: justify;\"><b>Nel suo <\/b>(di Povia) <b>pio desiderio<\/b> di \u201crestituire alla citt\u00e0 un po\u2019 di consapevolezza di quello che pu\u00f2 dare (?!?)\u201d e di leadership sul territorio\u201d, \u201cche programmi il futuro\u201d <b>un preoccupante deja-vu<\/b>!<\/p>\n<p style=\"text-align: justify;\"><b>Che ci siano altre discariche, dismo (inceneritori), compostaggi e chiusure di passaggi a livello<\/b> e magari dell\u2019ex Inam (visto che l\u2019ospedale si \u00e8 gi\u00e0 chiuso) <b>tra le cose \u201cnon dette n\u00e9 scritte\u201d<\/b> per il futuro di Gioia?<b><img loading=\"lazy\" decoding=\"async\" class=\" alignright size-full wp-image-21500\" style=\"margin: 4px; float: right;\" alt=\"filippo-donvito-moderati\" src=\"https:\/\/archiviogioia.lavocedelpaese.info\/wp-content\/uploads\/2012\/03\/filippo-donvito-moderati.jpg\" height=\"200\" width=\"300\" srcset=\"https:\/\/archiviogioia.lavocedelpaese.info\/wp-content\/uploads\/2012\/03\/filippo-donvito-moderati.jpg 472w, https:\/\/archiviogioia.lavocedelpaese.info\/wp-content\/uploads\/2012\/03\/filippo-donvito-moderati-300x200.jpg 300w\" sizes=\"auto, (max-width: 300px) 100vw, 300px\" \/><\/b><\/p>\n<p style=\"text-align: justify;\">Pi\u00f9 che di consapevolezza su ci\u00f2 che la citt\u00e0 pu\u00f2 dare, forse <b>agli elettori farebbe pi\u00f9 piacere sapere con esattezza<\/b> (e soprattutto sincerit\u00e0) <b>cosa ricever\u00e0 e quanto coster\u00e0 loro<\/b>!<\/p>\n<p style=\"text-align: justify;\"><b>Fa tenerezza<\/b> \u2013 di contro &#8211; <b>Filippo Donvito quando dichiara che non ci sta a fare la parte del \u201ccattivo\u201d<\/b> mentre gli altri sono i buoni, lascia invece un po\u2019 perplessi la sua successiva dichiarazione \u201csiamo favorevoli alla conservazione dell\u2019identit\u00e0 politica e dei valori (?!) perch\u00e9 una societ\u00e0 senza valori \u00e8 destinata a fallire \u2013 ed ancora \u2013 con un pizzico di presunzione e tanta umilt\u00e0 (!?!) <b>vogliamo esser garanti del cambiamento<\/b>\u201d.<\/p>\n<p style=\"text-align: justify;\"><b>A quali valori fa<\/b><img loading=\"lazy\" decoding=\"async\" class=\" alignleft size-full wp-image-21502\" style=\"margin: 4px; float: left;\" alt=\"gianni-valletta-moderati\" src=\"https:\/\/archiviogioia.lavocedelpaese.info\/wp-content\/uploads\/2012\/03\/gianni-valletta-moderati.jpg\" height=\"200\" width=\"300\" srcset=\"https:\/\/archiviogioia.lavocedelpaese.info\/wp-content\/uploads\/2012\/03\/gianni-valletta-moderati.jpg 472w, https:\/\/archiviogioia.lavocedelpaese.info\/wp-content\/uploads\/2012\/03\/gianni-valletta-moderati-300x200.jpg 300w\" sizes=\"auto, (max-width: 300px) 100vw, 300px\" \/><b>r\u00e0 mai riferimento<\/b>? Come si pu\u00f2 essere <b>al contempo umili e presuntuosi<\/b>? Misteri della dialettica politichese!<\/p>\n<p style=\"text-align: justify;\">Ma quel che <b>sicuramente in questi frangenti pi\u00f9 lo sconforta \u00e8 il non poter \u201cscrivere\u201d<\/b> di politica, <b>lasciando alla sua super impegnata vice il compito di redigere interviste ed articoli<\/b> su tutti gli accadimenti locali <b>sul suo giornale ed altri organi di informazione<\/b>. E per fortuna che, da brava atleta, riesce a star dietro a tutto!<\/p>\n<p style=\"text-align: justify;\"><b>Per Valletta non ci sono dubbi<\/b>: \u201c<b>Per qualcuno che se ne<\/b><b><img loading=\"lazy\" decoding=\"async\" class=\" alignright size-full wp-image-18276\" style=\"margin: 4px; float: right;\" alt=\"piera-de-giorgi2\" src=\"https:\/\/archiviogioia.lavocedelpaese.info\/wp-content\/uploads\/2012\/01\/piera-de-giorgi2.jpg\" height=\"201\" width=\"300\" srcset=\"https:\/\/archiviogioia.lavocedelpaese.info\/wp-content\/uploads\/2012\/01\/piera-de-giorgi2.jpg 472w, https:\/\/archiviogioia.lavocedelpaese.info\/wp-content\/uploads\/2012\/01\/piera-de-giorgi2-300x201.jpg 300w\" sizes=\"auto, (max-width: 300px) 100vw, 300px\" \/><\/b><b> va, tanti altri si stanno avvicinando<\/b> <b>o stanno tornando<\/b>\u201d ed il maggior conforto \u00e8 la vicinanza dei giovani, <b>quanto alla De Giorgi \u201cha deciso legittimamente di non farsi strumento di rivalse personali\u201d<\/b> lasciando campo libero senza primarie a Povia.<\/p>\n<p style=\"text-align: justify;\"><b>Dall\u2019esterno non \u00e8 che la si veda proprio cos\u00ec<\/b>. Il ritorno degli \u201ceroi\u201d potrebbe essere un segnale non esattamente positivo, si sa, gli avvoltoi volteggiano intorno al cibo in attesa che sia loro\u2026 servito.<\/p>\n<p style=\"text-align: justify;\"><b>La De Giorgi, forse, dopo tutti i tira e molla si \u00e8 sentita anche sollevata\u2026<\/b> <b>la responsabilit\u00e0<\/b> di lottare con simili avversari e neanche appoggiata da tutti i suoi <b>non le doveva far dormire sonni tranquilli<\/b>. Meglio un ruolo gregario ed un b<b><img loading=\"lazy\" decoding=\"async\" class=\" alignleft size-full wp-image-21504\" style=\"margin: 4px; float: left;\" alt=\"federico-antonicelli-modera\" src=\"https:\/\/archiviogioia.lavocedelpaese.info\/wp-content\/uploads\/2012\/03\/federico-antonicelli-modera.jpg\" height=\"200\" width=\"300\" srcset=\"https:\/\/archiviogioia.lavocedelpaese.info\/wp-content\/uploads\/2012\/03\/federico-antonicelli-modera.jpg 472w, https:\/\/archiviogioia.lavocedelpaese.info\/wp-content\/uploads\/2012\/03\/federico-antonicelli-modera-300x200.jpg 300w\" sizes=\"auto, (max-width: 300px) 100vw, 300px\" \/><\/b>uon assessorato a risultato conseguito.<\/p>\n<p style=\"text-align: justify;\"><b>Quanto ai giovani non \u00e8 compli<\/b><b>cato blandirli e lusingarli<\/b>, loro s\u00ec che hanno sogni e speranze e <b>si impegneranno fino allo stremo per un posticino al\u2026 sole<\/b>! A loro suggeriremmo di <b>contattare<\/b> <b>g<\/b><b>li \u201cex giovani\u201d inseriti <\/b>negli anni passati <b>nelle \u201ccreature\u201d imprenditoriali poviane<\/b> e scoprire cosa fanno di bello oggi. <b>Potrebbe essere illuminante<\/b>!<\/p>\n<p style=\"text-align: justify;\">\u201c<b>Povia \u00e8 garanzia di competenza e sicurezza \u2013 recita convinto Federico Antonicelli<\/b> a nome del FLI \u2013 <b>la persona pi\u00f9 \u201cgiusta\u201d per amministrare Gioia<\/b>\u201d, e <b>di competenza<\/b>, <b>dopo aver letto il programma del F<\/b><img loading=\"lazy\" decoding=\"async\" class=\" alignleft size-full wp-image-21506\" style=\"margin: 4px; float: left;\" alt=\"tommaso-venere-moderati\" src=\"https:\/\/archiviogioia.lavocedelpaese.info\/wp-content\/uploads\/2012\/03\/tommaso-venere-moderati.jpg\" height=\"200\" width=\"300\" srcset=\"https:\/\/archiviogioia.lavocedelpaese.info\/wp-content\/uploads\/2012\/03\/tommaso-venere-moderati.jpg 472w, https:\/\/archiviogioia.lavocedelpaese.info\/wp-content\/uploads\/2012\/03\/tommaso-venere-moderati-300x200.jpg 300w\" sizes=\"auto, (max-width: 300px) 100vw, 300px\" \/><b>LI <\/b>(a proposito, perch\u00e9 poi \u00e8 stato tolto dal sito?) e la lettera in cui Antonicelli si dissociava dallo stesso, <b>ce n\u2019\u00e8 davvero bisogno<\/b>, e anche un pizzico di coerenza non sarebbe male, ma questa \u00e8 una spezia in disuso nelle pietanze politiche.<\/p>\n<p style=\"text-align: justify;\"><b>Ne \u00e8 esempio Tommaso Venere, che trasmigra dalla \u201cList<\/b><b>a<\/b><b> S<\/b><b>chittulli\u201d a \u201cUniti per Gioia\u201d pur di non abbandonare Povia<\/b> (ed \u00e8 il <b>quarto geometra della coalizione<\/b>, con Pietro Donvito, Masi Lenin e Ardillo, <b>senza contare gli ingegneri<\/b> Ludovico, Mancino e Tuccillo, <b>praticamente la coalizione del mattone!<\/b>).<\/p>\n<p style=\"text-align: justify;\"><b>E per non rischiare di ritrovarsi senza la figura chiave <\/b><img loading=\"lazy\" decoding=\"async\" class=\" alignright size-full wp-image-21507\" style=\"margin: 4px; float: right;\" alt=\"capodiferro-saverio-dottore\" src=\"https:\/\/archiviogioia.lavocedelpaese.info\/wp-content\/uploads\/2012\/03\/capodiferro-saverio-dottore.jpg\" height=\"200\" width=\"300\" \/><b>del \u201cdoctor house comunale\u201d<\/b> (nella precedente legislatura il compito era assolto egregiamente da Isacco Isdraele e meno puntualmente dal Tommaso Donvito), <b>ecco scendere nell\u2019agone Saverio Capodiferro<\/b>, oncologo, facente parte della Fondazione \u201cDino Leone\u201d nonch\u00e9 segretario dell\u2019UDC e <b>fratello del consigliere Vincenzo Capodiferro<\/b> che nell\u2019amministrazione Mastrovito ricopriva la carica di <b>Presidente del Consiglio<\/b>, il quale per tener calmi gli animi ed evitare sbalzi di pressione, invita tutti a tenere a basso profilo i toni della campagna elettorale e ringrazia i tanti giovani che si sono aggregati.<\/p>\n<p style=\"text-align: justify;\"><b><img loading=\"lazy\" decoding=\"async\" class=\" alignleft size-full wp-image-21147\" style=\"margin: 4px; float: left;\" alt=\"donato-lucilla-intrvista\" src=\"https:\/\/archiviogioia.lavocedelpaese.info\/wp-content\/uploads\/2012\/03\/donato-lucilla-intrvista.jpg\" height=\"188\" width=\"161\" \/>In questa \u201cgiungla\u201d<\/b>, perch\u00e9 davvero tale \u00e8, <b>tra tanti feroci concorrenti con \u201cla tigre negli occhi\u201d ed altre strane creature<\/b> (gli zombi di \u201cA volte ritornano\u201d di King, i basilischi destroidi pietrificati che all\u2019improvviso si rianimano come nei film di Herry Potter) <b>non dispiacer\u00e0 incontrare<\/b>, di tanto in tanto, <b>persone \u201cnormali\u201d, con lo sguardo pulito di Donato Lucilla o quello mite di Enzo Cuscito<\/b>, magari non saranno del tutto vegetariani ma almeno non sar\u00e0 necessario ricorrere<b><img loading=\"lazy\" decoding=\"async\" class=\" alignright size-full wp-image-21466\" style=\"margin: 4px; float: right;\" alt=\"enzo-cuscito-punti\" src=\"https:\/\/archiviogioia.lavocedelpaese.info\/wp-content\/uploads\/2012\/03\/enzo-cuscito-punti.jpg\" height=\"158\" width=\"237\" srcset=\"https:\/\/archiviogioia.lavocedelpaese.info\/wp-content\/uploads\/2012\/03\/enzo-cuscito-punti.jpg 472w, https:\/\/archiviogioia.lavocedelpaese.info\/wp-content\/uploads\/2012\/03\/enzo-cuscito-punti-300x201.jpg 300w\" sizes=\"auto, (max-width: 237px) 100vw, 237px\" \/><\/b> a fruste e fuoco per difendersi dal loro assalto.<\/p>\n<p style=\"text-align: justify;\"><b>Chi potr\u00e0 tenere a bada<\/b> <b>\u201cle tigri negli occhi\u201d<\/b> meglio di un prodigio e di un evangelico rimando al primo estremista di sinistra della storia dell\u2019umanit\u00e0, Ges\u00f9 Cristo? (Triluska)<\/p>\n<p style=\"text-align: justify;\">Scatti fotografici a cura di <strong>Mario Di Giuseppe<\/strong> che si ringrazia per la collaborazione.<\/p>\n<p><object type=\"application\/x-shockwave-flash\" width=\"660\" height=\"660\" flashvars=\"host=picasaweb.google.com&amp;hl=it&amp;feat=flashalbum&amp;RGB=0x000000&amp;feed=https:\/\/picasaweb.google.com\/data\/feed\/api\/user\/104626251937098962566\/albumid\/5724180078909906945?alt=rss&amp;kind=photo&amp;authkey=Gv1sRgCIaVupXxsLScsgE&amp;hl=it\" pluginspage=\"http:\/\/www.macromedia.com\/go\/getflashplayer\" data=\"https:\/\/picasaweb.google.com\/s\/c\/bin\/slideshow.swf\"><param name=\"movie\" value=\"https:\/\/picasaweb.google.com\/s\/c\/bin\/slideshow.swf\" \/><\/object><\/p>\n","protected":false},"excerpt":{"rendered":"","protected":false},"author":1,"featured_media":21493,"comment_status":"open","ping_status":"closed","sticky":false,"template":"","format":"standard","meta":{"colormag_page_container_layout":"default_layout","colormag_page_sidebar_layout":"default_layout","footnotes":""},"categories":[4],"tags":[],"class_list":["post-21529","post","type-post","status-publish","format-standard","has-post-thumbnail","hentry","category-politica"],"_links":{"self":[{"href":"https:\/\/archiviogioia.lavocedelpaese.info\/index.php?rest_route=\/wp\/v2\/posts\/21529","targetHints":{"allow":["GET"]}}],"collection":[{"href":"https:\/\/archiviogioia.lavocedelpaese.info\/index.php?rest_route=\/wp\/v2\/posts"}],"about":[{"href":"https:\/\/archiviogioia.lavocedelpaese.info\/index.php?rest_route=\/wp\/v2\/types\/post"}],"author":[{"embeddable":true,"href":"https:\/\/archiviogioia.lavocedelpaese.info\/index.php?rest_route=\/wp\/v2\/users\/1"}],"replies":[{"embeddable":true,"href":"https:\/\/archiviogioia.lavocedelpaese.info\/index.php?rest_route=%2Fwp%2Fv2%2Fcomments&post=21529"}],"version-history":[{"count":0,"href":"https:\/\/archiviogioia.lavocedelpaese.info\/index.php?rest_route=\/wp\/v2\/posts\/21529\/revisions"}],"wp:featuredmedia":[{"embeddable":true,"href":"https:\/\/archiviogioia.lavocedelpaese.info\/index.php?rest_route=\/wp\/v2\/media\/21493"}],"wp:attachment":[{"href":"https:\/\/archiviogioia.lavocedelpaese.info\/index.php?rest_route=%2Fwp%2Fv2%2Fmedia&parent=21529"}],"wp:term":[{"taxonomy":"category","embeddable":true,"href":"https:\/\/archiviogioia.lavocedelpaese.info\/index.php?rest_route=%2Fwp%2Fv2%2Fcategories&post=21529"},{"taxonomy":"post_tag","embeddable":true,"href":"https:\/\/archiviogioia.lavocedelpaese.info\/index.php?rest_route=%2Fwp%2Fv2%2Ftags&post=21529"}],"curies":[{"name":"wp","href":"https:\/\/api.w.org\/{rel}","templated":true}]}}