{"id":21571,"date":"2012-03-28T06:56:18","date_gmt":"2012-03-28T06:56:18","guid":{"rendered":"https:\/\/archiviogioia.lavocedelpaese.info\/?p=21571"},"modified":"2012-03-28T06:56:18","modified_gmt":"2012-03-28T06:56:18","slug":"earth-hour-lora-della-terra-con-il-wwf","status":"publish","type":"post","link":"https:\/\/archiviogioia.lavocedelpaese.info\/?p=21571","title":{"rendered":"\u201cEARTH HOUR\u201d \u2013 L\u2019ORA DELLA TERRA CON IL WWF"},"content":{"rendered":"<p><img loading=\"lazy\" decoding=\"async\" class=\" size-full wp-image-21568\" style=\"margin-right: 2px; margin-left: 2px;\" alt=\"earth-hour-60-pianeta-pp\" src=\"https:\/\/archiviogioia.lavocedelpaese.info\/wp-content\/uploads\/2012\/03\/earth-hour-60-pianeta-pp.jpg\" height=\"150\" width=\"320\" srcset=\"https:\/\/archiviogioia.lavocedelpaese.info\/wp-content\/uploads\/2012\/03\/earth-hour-60-pianeta-pp.jpg 320w, https:\/\/archiviogioia.lavocedelpaese.info\/wp-content\/uploads\/2012\/03\/earth-hour-60-pianeta-pp-300x141.jpg 300w\" sizes=\"auto, (max-width: 320px) 100vw, 320px\" \/><\/p>\n<p><!--more--><\/p>\n<p style=\"text-align: justify;\"><b><img loading=\"lazy\" decoding=\"async\" class=\" alignleft size-full wp-image-21569\" style=\"margin: 4px; float: left;\" alt=\"earth hour 60\" src=\"https:\/\/archiviogioia.lavocedelpaese.info\/wp-content\/uploads\/2012\/03\/earth_hour_60.jpg\" height=\"204\" width=\"300\" srcset=\"https:\/\/archiviogioia.lavocedelpaese.info\/wp-content\/uploads\/2012\/03\/earth_hour_60.jpg 367w, https:\/\/archiviogioia.lavocedelpaese.info\/wp-content\/uploads\/2012\/03\/earth_hour_60-300x204.jpg 300w\" sizes=\"auto, (max-width: 300px) 100vw, 300px\" \/>Anche quest\u2019anno si terr\u00e0 Earth Hour<\/b>, il pi\u00f9 grande <b>evento globale <\/b>che riunisce cittadini e comunit\u00e0 di tutto il Pianeta <b>nella lotta ai cambiamenti climatici<\/b>. L\u2019iniziativa \u00e8 <b>caratterizzata dall\u2019estrema semplicit\u00e0 del gesto <\/b>(spegnere una luce, un edificio, un monumento o un\u2019intera citt\u00e0) che simboleggia <b>la volont\u00e0 di sentirsi uniti in una sfida che nessuno pu\u00f2 pensare di vincere da solo<\/b>, ma in cui contano le azioni di ognuno. La preoccupazione per <b>il riscaldamento globale<\/b> e per <b>il ritardo della politica e dei Governi nell\u2019affrontarlo<\/b>, <b>aumenta<\/b>, ma insieme aumenta la consapevolezza che tutti possiamo (e dobbiamo) essere protagonisti delle soluzioni.<\/p>\n<p style=\"margin-bottom: 0.0001pt; line-height: normal; text-align: justify;\"><b><img loading=\"lazy\" decoding=\"async\" class=\" alignright size-full wp-image-21570\" style=\"margin: 4px; float: right;\" alt=\"earth hour wwf\" src=\"https:\/\/archiviogioia.lavocedelpaese.info\/wp-content\/uploads\/2012\/03\/earth_hour_wwf.jpg\" height=\"225\" width=\"300\" srcset=\"https:\/\/archiviogioia.lavocedelpaese.info\/wp-content\/uploads\/2012\/03\/earth_hour_wwf.jpg 480w, https:\/\/archiviogioia.lavocedelpaese.info\/wp-content\/uploads\/2012\/03\/earth_hour_wwf-300x225.jpg 300w\" sizes=\"auto, (max-width: 300px) 100vw, 300px\" \/>Il comune di Santeramo in Colle \u00e8 tra le oltre 220 Amministrazioni Comunali che hanno aderito<\/b> all&#8217;iniziativa, e cos\u00ec <b>il giorno 31 marzo dalle ore 20.30 alle ore 21.30<\/b>, verranno <b>spente le luci<\/b> di Piazza Garibaldi e del Palazzo Marchesale.<\/p>\n<p style=\"margin-bottom: 0.0001pt; line-height: normal; text-align: justify;\">Per l&#8217;occasione gli attivisti del <b>WWF Gioia<\/b> &#8211; <b>Acquaviva<\/b> &#8211; <b>Santeramo<\/b> dalle ore 20 alle 22 saranno presenti <b>in piazza Piazza Garibaldi con un banchetto a \u201clume di candela\u201d<\/b> per distribuire materiale informativo sull&#8217;iniziativa e sulle attivit\u00e0 dell&#8217;associazione.<\/p>\n<p style=\"margin-bottom: 0.0001pt; line-height: normal; text-align: justify;\"><b>Si invita la cittadinanza<\/b> <b>a prendere parte all&#8217;evento spegnendo nella stessa ora le luci della propria abitazione<\/b> ed adottando piccoli gesti che possano contribuire al risparmio energetico come spegnere gli stand-by degli elettrodomestici.<\/p>\n","protected":false},"excerpt":{"rendered":"","protected":false},"author":1,"featured_media":21568,"comment_status":"open","ping_status":"closed","sticky":false,"template":"","format":"standard","meta":{"colormag_page_container_layout":"default_layout","colormag_page_sidebar_layout":"default_layout","footnotes":""},"categories":[7],"tags":[],"class_list":["post-21571","post","type-post","status-publish","format-standard","has-post-thumbnail","hentry","category-attualita"],"_links":{"self":[{"href":"https:\/\/archiviogioia.lavocedelpaese.info\/index.php?rest_route=\/wp\/v2\/posts\/21571","targetHints":{"allow":["GET"]}}],"collection":[{"href":"https:\/\/archiviogioia.lavocedelpaese.info\/index.php?rest_route=\/wp\/v2\/posts"}],"about":[{"href":"https:\/\/archiviogioia.lavocedelpaese.info\/index.php?rest_route=\/wp\/v2\/types\/post"}],"author":[{"embeddable":true,"href":"https:\/\/archiviogioia.lavocedelpaese.info\/index.php?rest_route=\/wp\/v2\/users\/1"}],"replies":[{"embeddable":true,"href":"https:\/\/archiviogioia.lavocedelpaese.info\/index.php?rest_route=%2Fwp%2Fv2%2Fcomments&post=21571"}],"version-history":[{"count":0,"href":"https:\/\/archiviogioia.lavocedelpaese.info\/index.php?rest_route=\/wp\/v2\/posts\/21571\/revisions"}],"wp:featuredmedia":[{"embeddable":true,"href":"https:\/\/archiviogioia.lavocedelpaese.info\/index.php?rest_route=\/wp\/v2\/media\/21568"}],"wp:attachment":[{"href":"https:\/\/archiviogioia.lavocedelpaese.info\/index.php?rest_route=%2Fwp%2Fv2%2Fmedia&parent=21571"}],"wp:term":[{"taxonomy":"category","embeddable":true,"href":"https:\/\/archiviogioia.lavocedelpaese.info\/index.php?rest_route=%2Fwp%2Fv2%2Fcategories&post=21571"},{"taxonomy":"post_tag","embeddable":true,"href":"https:\/\/archiviogioia.lavocedelpaese.info\/index.php?rest_route=%2Fwp%2Fv2%2Ftags&post=21571"}],"curies":[{"name":"wp","href":"https:\/\/api.w.org\/{rel}","templated":true}]}}