{"id":217,"date":"2010-01-31T00:14:41","date_gmt":"2010-01-31T00:14:41","guid":{"rendered":"https:\/\/archiviogioia.lavocedelpaese.info\/?p=217"},"modified":"2010-01-31T00:14:41","modified_gmt":"2010-01-31T00:14:41","slug":"intervistato-sergio-povia-risponde-ma-non-affonda-i-colpi","status":"publish","type":"post","link":"https:\/\/archiviogioia.lavocedelpaese.info\/?p=217","title":{"rendered":"SERGIO POVIA RISPONDE MA NON AFFONDA I COLPI"},"content":{"rendered":"<p><img loading=\"lazy\" decoding=\"async\" class=\" size-full wp-image-214\" alt=\"Povia.jpg2\" src=\"https:\/\/archiviogioia.lavocedelpaese.info\/wp-content\/uploads\/2010\/01\/Povia.jpg2_.jpg\" height=\"150\" width=\"320\" srcset=\"https:\/\/archiviogioia.lavocedelpaese.info\/wp-content\/uploads\/2010\/01\/Povia.jpg2_.jpg 640w, https:\/\/archiviogioia.lavocedelpaese.info\/wp-content\/uploads\/2010\/01\/Povia.jpg2_-300x141.jpg 300w\" sizes=\"auto, (max-width: 320px) 100vw, 320px\" \/> <\/p>\n<p><!--more--><\/p>\n<p style=\"text-align: justify;\">In prossimit\u00e0 delle Elezioni Regionali abbiamo intervistato Sergio Povia, consigliere uscente della Giunta Vendola, nella speranza potesse chiarire, oltre alle motivazioni di questa sua nuova candidatura, i dubbi di tantissimi cittadini-elettori in merito a quello che sta accadendo (per la verit\u00e0 accade gi\u00e0 da diverso tempo, forse da sempre) non solo nel suo partito di riferimento, il P.D. o all\u2019interno della coalizione di centrosinistra, ma anche nell\u2019amministrazione comunale di cui, lo ricordiamo, fa parte in qualit\u00e0 di consigliere di minoranza. Sergio Povia, da buon politico qual \u00e8, ha risposto, e di questo lo ringraziamo, senza per\u00f2 rispondere. Senza cio\u00e8 entrare \u201ctroppo\u201d nel merito dei problemi posti, senza affondare i colpi. Perch\u00e9? Una domanda che potrebbe essere motivo di discussione non solo fra gli elettori ma anche fra gli stessi politici, siano essi di parte che avversi.<\/p>\n<p style=\"text-align: justify;\"><img loading=\"lazy\" decoding=\"async\" class=\" alignleft size-full wp-image-215\" style=\"margin: 5px; float: left;\" alt=\"sergio-povia-candidato\" src=\"https:\/\/archiviogioia.lavocedelpaese.info\/wp-content\/uploads\/2010\/01\/sergio-povia-candidato.jpg\" height=\"145\" width=\"102\" \/><\/p>\n<div style=\"text-align: justify;\"><\/div>\n<p style=\"text-align: justify;\"><strong> <\/strong><\/p>\n<div style=\"text-align: justify;\"><\/div>\n<p style=\"text-align: justify;\"><strong>Perch\u00e9 candidarsi nuovamente alle Elezioni Regionali dopo aver \u201cdisertato\u201d quelle Provinciali?<\/strong><\/p>\n<p style=\"text-align: justify;\"><strong> <\/strong>Il riaffermarsi dell&#8217;assemblea legislativa regionale e&#8217; un obbiettivo che completa la formazione di chiunque abbia esercitato il ruolo di amministratore negli enti locali. Nel mio caso essere stato Sindaco, Consigliere nel ruolo di capogruppo del partito di maggioranza, relativa al Consiglio Provinciale ed in ultimo Consigliere Regionale e&#8217; un Curriculum che mi gratifica molto.<\/p>\n<div style=\"text-align: justify;\"><\/div>\n<p style=\"text-align: justify;\"><strong> <\/strong><\/p>\n<div style=\"text-align: justify;\"><\/div>\n<p style=\"text-align: justify;\"><strong>Questa ulteriore disputa all\u2019interno della coalizione di centrosinistra sulla scelta del candidato a Presidente della Regione, non rischia di \u201cagevolare\u201d una nuova vittoria del centro-destra? <\/strong><\/p>\n<div style=\"text-align: justify;\"><\/div>\n<p style=\"text-align: justify;\">Non credo questo, comunque il centro sinistra ha nel DNA la vocazione di una dialettica vivace in un&#8217;area di valori comunque condivisi. Le primarie sono uno strumento di democrazia e comunque sia finita e&#8217; stato un successo di popolo e di democrazia.<\/p>\n<div style=\"text-align: justify;\"><\/div>\n<p style=\"text-align: justify;\"><strong> <\/strong><\/p>\n<div style=\"text-align: justify;\"><\/div>\n<p style=\"text-align: justify;\"><strong>Le sconfitte subite nelle scorse elezioni comunali e provinciali non hanno \u201cinsegnato\u201d nulla visto che si continua a commettere gli stessi errori?<\/strong><\/p>\n<div style=\"text-align: justify;\"><\/div>\n<p style=\"text-align: justify;\">Le sconfitte sono sicuramente figlie di errori e sottovalutazioni, ma sono anche il frutto avvelenato di fasi politiche e tempi che difficilmente si presentano tali e quali. Esperienze s\u00ec ma bisogna che gli sguardi siano proiettati al futuro.<\/p>\n<div style=\"text-align: justify;\"><\/div>\n<p style=\"text-align: justify;\"><strong>In politica vengono prima le coalizioni, gli uomini o i programmi? <\/strong><\/p>\n<div style=\"text-align: justify;\"><\/div>\n<p style=\"text-align: justify;\">Dipende soprattutto dalla qualit\u00e0 degli uomini, poi i programmi e le coalizioni.<\/p>\n<div style=\"text-align: justify;\"><\/div>\n<p style=\"text-align: justify;\"><strong> <\/strong><\/p>\n<div style=\"text-align: justify;\"><\/div>\n<p style=\"text-align: justify;\"><strong>I gioiesi, ai loro eletti, di solito chiedono un maggior interessamento nella soluzione dei problemi della citt\u00e0. Nel primo mandato da consigliere regionale, ritiene di averlo fatto? Per convincerli a rivotarla cosa propone? <\/strong><\/p>\n<div style=\"text-align: justify;\"><\/div>\n<p style=\"text-align: justify;\">La Regione e&#8217; un&#8217;assemblea legislativa e non come qualcuno crede un ente erogatore di beni e servizi. Le norme approvate in questi ultimi anni hanno avuto evidenti ricadute positive sul territorio senza grandi echi, perch\u00e9 ignorati dai pi\u00f9. Sono una persona seria e credo che questo sia il segno dei miei anni al servizio della comunit\u00e0.<\/p>\n<div style=\"text-align: justify;\"><\/div>\n<p style=\"text-align: justify;\"><strong>In cosa la nuova amministrazione comunale di centro-destra, guidata dal sindaco Piero Longo, si sta differenziando, per davvero, dalle precedenti guidate dal centrosinistra? <\/strong><\/p>\n<div style=\"text-align: justify;\"><\/div>\n<p style=\"text-align: justify;\">Nell&#8217;arroganza comunicativa e nella pi\u00f9 totale confusione e approssimazione amministrativa. E&#8217; cambiato tutto ma in negativo.<\/p>\n<div style=\"text-align: justify;\"><\/div>\n<p style=\"text-align: justify;\"><strong> <\/strong><\/p>\n<div style=\"text-align: justify;\"><\/div>\n<p style=\"text-align: justify;\"><strong>Dopo le regionali, in un futuro prossimo pensa di ricandidarsi ancora come sindaco o anche lei ha nel mirino il Parlamento? <\/strong><\/p>\n<div style=\"text-align: justify;\">Le Regionali sono un appuntamento impegnativo e gravoso. Per fare il sindaco servono energie fresche ed entusiasmo, mentre io sono un uomo di mezza et\u00e0. Il Parlamento si rinnover\u00e0 il 2013 e tre anni in politica sono un lasso di tempo troppo grande per fare progetti.<\/div>\n<div style=\"text-align: justify;\"><\/div>\n<div style=\"text-align: justify;\"><\/div>\n<div style=\"text-align: justify;\"><img loading=\"lazy\" decoding=\"async\" class=\" size-full wp-image-216\" alt=\"13.jpg2\" src=\"https:\/\/archiviogioia.lavocedelpaese.info\/wp-content\/uploads\/2010\/01\/13.jpg2_.jpg\" height=\"300\" width=\"640\" srcset=\"https:\/\/archiviogioia.lavocedelpaese.info\/wp-content\/uploads\/2010\/01\/13.jpg2_.jpg 640w, https:\/\/archiviogioia.lavocedelpaese.info\/wp-content\/uploads\/2010\/01\/13.jpg2_-300x141.jpg 300w\" sizes=\"auto, (max-width: 640px) 100vw, 640px\" \/><\/div>\n","protected":false},"excerpt":{"rendered":"","protected":false},"author":1,"featured_media":214,"comment_status":"open","ping_status":"closed","sticky":false,"template":"","format":"standard","meta":{"colormag_page_container_layout":"default_layout","colormag_page_sidebar_layout":"default_layout","footnotes":""},"categories":[4],"tags":[],"class_list":["post-217","post","type-post","status-publish","format-standard","has-post-thumbnail","hentry","category-politica"],"_links":{"self":[{"href":"https:\/\/archiviogioia.lavocedelpaese.info\/index.php?rest_route=\/wp\/v2\/posts\/217","targetHints":{"allow":["GET"]}}],"collection":[{"href":"https:\/\/archiviogioia.lavocedelpaese.info\/index.php?rest_route=\/wp\/v2\/posts"}],"about":[{"href":"https:\/\/archiviogioia.lavocedelpaese.info\/index.php?rest_route=\/wp\/v2\/types\/post"}],"author":[{"embeddable":true,"href":"https:\/\/archiviogioia.lavocedelpaese.info\/index.php?rest_route=\/wp\/v2\/users\/1"}],"replies":[{"embeddable":true,"href":"https:\/\/archiviogioia.lavocedelpaese.info\/index.php?rest_route=%2Fwp%2Fv2%2Fcomments&post=217"}],"version-history":[{"count":0,"href":"https:\/\/archiviogioia.lavocedelpaese.info\/index.php?rest_route=\/wp\/v2\/posts\/217\/revisions"}],"wp:featuredmedia":[{"embeddable":true,"href":"https:\/\/archiviogioia.lavocedelpaese.info\/index.php?rest_route=\/wp\/v2\/media\/214"}],"wp:attachment":[{"href":"https:\/\/archiviogioia.lavocedelpaese.info\/index.php?rest_route=%2Fwp%2Fv2%2Fmedia&parent=217"}],"wp:term":[{"taxonomy":"category","embeddable":true,"href":"https:\/\/archiviogioia.lavocedelpaese.info\/index.php?rest_route=%2Fwp%2Fv2%2Fcategories&post=217"},{"taxonomy":"post_tag","embeddable":true,"href":"https:\/\/archiviogioia.lavocedelpaese.info\/index.php?rest_route=%2Fwp%2Fv2%2Ftags&post=217"}],"curies":[{"name":"wp","href":"https:\/\/api.w.org\/{rel}","templated":true}]}}