{"id":21788,"date":"2012-04-05T05:35:16","date_gmt":"2012-04-05T05:35:16","guid":{"rendered":"https:\/\/archiviogioia.lavocedelpaese.info\/?p=21788"},"modified":"2012-04-05T05:35:16","modified_gmt":"2012-04-05T05:35:16","slug":"jazz-a-poetry-omaggio-ai-poeti-milosz-e-szymborska","status":"publish","type":"post","link":"https:\/\/archiviogioia.lavocedelpaese.info\/?p=21788","title":{"rendered":"JAZZ &#038; POETRY: OMAGGIO AI POETI MILOSZ E SZYMBORSKA"},"content":{"rendered":"<p><img loading=\"lazy\" decoding=\"async\" class=\" size-full wp-image-21784\" style=\"margin-right: 2px; margin-left: 2px;\" alt=\"angiu2-pp\" src=\"https:\/\/archiviogioia.lavocedelpaese.info\/wp-content\/uploads\/2012\/04\/angiu2-pp.jpg\" height=\"150\" width=\"320\" srcset=\"https:\/\/archiviogioia.lavocedelpaese.info\/wp-content\/uploads\/2012\/04\/angiu2-pp.jpg 640w, https:\/\/archiviogioia.lavocedelpaese.info\/wp-content\/uploads\/2012\/04\/angiu2-pp-300x141.jpg 300w\" sizes=\"auto, (max-width: 320px) 100vw, 320px\" \/><\/p>\n<p><!--more--><\/p>\n<p style=\"text-align: justify;\"><img loading=\"lazy\" decoding=\"async\" class=\" alignleft size-full wp-image-11098\" style=\"margin: 4px; float: left;\" alt=\"lino-angiuli\" src=\"https:\/\/archiviogioia.lavocedelpaese.info\/wp-content\/uploads\/2011\/05\/lino-angiuli.jpg\" height=\"277\" width=\"200\" srcset=\"https:\/\/archiviogioia.lavocedelpaese.info\/wp-content\/uploads\/2011\/05\/lino-angiuli.jpg 519w, https:\/\/archiviogioia.lavocedelpaese.info\/wp-content\/uploads\/2011\/05\/lino-angiuli-216x300.jpg 216w\" sizes=\"auto, (max-width: 200px) 100vw, 200px\" \/>Luned\u00ec 2 aprile 2012, presso la splendida cornice della <b>Masseria Spina Grande in agro di Monopoli<\/b>,<b> <\/b>sono stati ricordati due poeti polacchi, <b>premi Nobel per la poesia<\/b>, recentemente scomparsi e che hanno rappresentato modelli di riferimento per la poesia mondiale.<\/p>\n<p style=\"text-align: justify;\">Promotore dell\u2019iniziativa e abile regista dell\u2019evento \u00e8 stato <b>Lino Angiuli<\/b>, <b>lui stesso poeta e fine letterato,<\/b> che ha innanzitutto messo in rilievo e sottolineato il senso e il valore della Poesia come <b>\u201cpatrimonio universale dell\u2019umanit\u00e0\u201d <\/b>assimilabile, perci\u00f2, alle opere architettoniche dell\u2019uomo (dai trulli di Alberobello, alla citt\u00e0 di Petra) e che tende a superare gli angusti confini del limitato e del finito. Non a caso Angiuli ha ricordato che l\u2019accostamento di questi due poeti \u00e8 dovuto alla loro specifica unit\u00e0 delle fonti di ispirazione che li accomuna nella ricerca di risposte universali al vivere la condizione umana e spirituale.<\/p>\n<p style=\"text-align: justify;\">Questi motivi sono stati colti da <b>Pietro Marchesani, uno dei maggiori traduttori dei due poeti,<\/b> che ha contribuito non poco a far conoscere le opere in versi degli autori.<b> Lino<\/b>, a questo punto, ha recitato la poesia di Milosz \u201cSulla Preghiera\u201d nella quale \u00e8 evidente il richiamo al <b>\u201critorno ciclico\u201d <\/b>delle condizioni esistenziali, ma a<img loading=\"lazy\" decoding=\"async\" class=\" alignright size-full wp-image-21785\" style=\"margin: 4px; float: right;\" alt=\"angiuli-1\" src=\"https:\/\/archiviogioia.lavocedelpaese.info\/wp-content\/uploads\/2012\/04\/angiuli-1.jpg\" height=\"286\" width=\"266\" srcset=\"https:\/\/archiviogioia.lavocedelpaese.info\/wp-content\/uploads\/2012\/04\/angiuli-1.jpg 440w, https:\/\/archiviogioia.lavocedelpaese.info\/wp-content\/uploads\/2012\/04\/angiuli-1-280x300.jpg 280w\" sizes=\"auto, (max-width: 266px) 100vw, 266px\" \/>nche al potere salvifico della Poesia che, sempre come ha sottolineato ancora Lino, \u201c\u2026 la Poesia ha un valore antispread, funge da musicoterapia e allontana i virus che appaiono fonofobi, ma soprattutto corrisponde al bisogno e al desiderio di superare le barriere poetiche, artistiche, politiche e musicali\u201d.<\/p>\n<p style=\"text-align: justify;\">Si spiega cos\u00ec il connubio con la presenza all\u2019evento della \u201c<b>STOWARZYSZENIE ORKIESTRA JAZZOWA\u201d di Stettino (Polonia) <\/b>che ha mirabilmente ammaliato il numeroso pubblico presente con l\u2019esecuzione di brani jazz e blues che hanno reso pi\u00f9 suggestiva l\u2019atmosfera, con assoli di <b>tromba (Piotr Woytasik)<\/b>, <b>pianoforte<\/b> (<b>Gianni Lenoci<\/b>), <b>sax tenore (Sylvester Ostrowsky)<\/b>, <b>contrabbasso (Francesco Angiuli)<\/b> e <b>batteria<\/b> <b>(Newman<\/b> <b>Taylor Baker)<\/b>, interrotti dai frequenti applausi degli spettatori. Lino, quindi, ha brevemente parlato degli <strong>aspetti caratteristici della Poesia della Szymborska<\/strong> (parola che letteralmente significa \u201caltro\u201d), sottolineando come <b>l\u2019autrice intenda la Poesia \u201c\u2026 veicolo che parla attraverso il suono delle parole\u2026\u201d <\/b>e proponendo la lettura della lirica <b>\u201cNulla \u00e8 in regalo\u201d <\/b>una sorta di testamento spirituale sulla condizione umana.<\/p>\n<p style=\"text-align: justify;\"><img loading=\"lazy\" decoding=\"async\" class=\" alignleft size-full wp-image-21787\" style=\"margin: 4px; float: left;\" alt=\"angiuli-3\" src=\"https:\/\/archiviogioia.lavocedelpaese.info\/wp-content\/uploads\/2012\/04\/angiuli-3.jpg\" height=\"265\" width=\"300\" srcset=\"https:\/\/archiviogioia.lavocedelpaese.info\/wp-content\/uploads\/2012\/04\/angiuli-3.jpg 472w, https:\/\/archiviogioia.lavocedelpaese.info\/wp-content\/uploads\/2012\/04\/angiuli-3-300x265.jpg 300w\" sizes=\"auto, (max-width: 300px) 100vw, 300px\" \/>La scelta dei due poeti, come si \u00e8 gi\u00e0 potuto constatare, non \u00e8 stata n\u00e9 casuale, n\u00e9 di circostanza in quanto entrambi i poeti hanno sposato gli stessi intendimenti e le stesse finalit\u00e0 nella ricerca e nell\u2019espressione poetica. A conforto di questa tesi si riportano le motivazioni dell\u2019assegnazione del Premio Nobel a <b>Czeslaw Milosz (Setenia 30 giugno 1911 \u2013 Cracovia 14 agosto 2004)<\/b> avvenuta nell\u2019anno 1980: \u201c<b>A chi con voce lungimirante e senza compromessi ha esposto la condizione dell\u2019uomo in un mondo di duri conflitti\u201d<\/b>. Similmente l\u2019assegnazione del <strong>Premio Nobel a Wislawa Szymborska<\/strong> avvenuta nel 1996 cos\u00ec viene motivata:<\/p>\n<p style=\"text-align: justify;\"><b>\u201cPer avere creato della Poesia che tramite ironica precisione permette di mettere in luce il contesto storico e biologico in frammenti di realt\u00e0 umana\u201d<\/b>. Grazie a questa serata abbiamo potuto oltre che gustare dell\u2019ottima poesia, riflettere sulla nostra condizione umana e spirituale per poterci riconciliare con noi stessi e con il mondo intero.&nbsp;&nbsp;&nbsp;&nbsp;&nbsp;&nbsp;<\/p>\n<p>&nbsp;<\/p>\n","protected":false},"excerpt":{"rendered":"","protected":false},"author":1,"featured_media":21784,"comment_status":"open","ping_status":"closed","sticky":false,"template":"","format":"standard","meta":{"colormag_page_container_layout":"default_layout","colormag_page_sidebar_layout":"default_layout","footnotes":""},"categories":[7],"tags":[],"class_list":["post-21788","post","type-post","status-publish","format-standard","has-post-thumbnail","hentry","category-attualita"],"_links":{"self":[{"href":"https:\/\/archiviogioia.lavocedelpaese.info\/index.php?rest_route=\/wp\/v2\/posts\/21788","targetHints":{"allow":["GET"]}}],"collection":[{"href":"https:\/\/archiviogioia.lavocedelpaese.info\/index.php?rest_route=\/wp\/v2\/posts"}],"about":[{"href":"https:\/\/archiviogioia.lavocedelpaese.info\/index.php?rest_route=\/wp\/v2\/types\/post"}],"author":[{"embeddable":true,"href":"https:\/\/archiviogioia.lavocedelpaese.info\/index.php?rest_route=\/wp\/v2\/users\/1"}],"replies":[{"embeddable":true,"href":"https:\/\/archiviogioia.lavocedelpaese.info\/index.php?rest_route=%2Fwp%2Fv2%2Fcomments&post=21788"}],"version-history":[{"count":0,"href":"https:\/\/archiviogioia.lavocedelpaese.info\/index.php?rest_route=\/wp\/v2\/posts\/21788\/revisions"}],"wp:featuredmedia":[{"embeddable":true,"href":"https:\/\/archiviogioia.lavocedelpaese.info\/index.php?rest_route=\/wp\/v2\/media\/21784"}],"wp:attachment":[{"href":"https:\/\/archiviogioia.lavocedelpaese.info\/index.php?rest_route=%2Fwp%2Fv2%2Fmedia&parent=21788"}],"wp:term":[{"taxonomy":"category","embeddable":true,"href":"https:\/\/archiviogioia.lavocedelpaese.info\/index.php?rest_route=%2Fwp%2Fv2%2Fcategories&post=21788"},{"taxonomy":"post_tag","embeddable":true,"href":"https:\/\/archiviogioia.lavocedelpaese.info\/index.php?rest_route=%2Fwp%2Fv2%2Ftags&post=21788"}],"curies":[{"name":"wp","href":"https:\/\/api.w.org\/{rel}","templated":true}]}}