{"id":21822,"date":"2012-04-05T07:58:26","date_gmt":"2012-04-05T07:58:26","guid":{"rendered":"https:\/\/archiviogioia.lavocedelpaese.info\/?p=21822"},"modified":"2012-04-05T07:58:26","modified_gmt":"2012-04-05T07:58:26","slug":"enzo-cuscito-piu-dignita-e-solidarieta-per-tutti-foto","status":"publish","type":"post","link":"https:\/\/archiviogioia.lavocedelpaese.info\/?p=21822","title":{"rendered":"ENZO CUSCITO: \u201cPI\u00da DIGNIT\u00c1 E SOLIDARIET\u00c1 PER TUTTI\u201d-foto"},"content":{"rendered":"<p><img loading=\"lazy\" decoding=\"async\" class=\" size-full wp-image-13024\" style=\"margin-right: 2px; margin-left: 2px;\" alt=\"enzo-cuscito-intervista-pp\" src=\"https:\/\/archiviogioia.lavocedelpaese.info\/wp-content\/uploads\/2011\/07\/enzo-cuscito-intervista-pp.jpg\" height=\"150\" width=\"320\" srcset=\"https:\/\/archiviogioia.lavocedelpaese.info\/wp-content\/uploads\/2011\/07\/enzo-cuscito-intervista-pp.jpg 640w, https:\/\/archiviogioia.lavocedelpaese.info\/wp-content\/uploads\/2011\/07\/enzo-cuscito-intervista-pp-300x141.jpg 300w\" sizes=\"auto, (max-width: 320px) 100vw, 320px\" \/><\/p>\n<p><!--more--><\/p>\n<p style=\"margin-bottom: 0.0001pt; line-height: normal; text-align: justify;\"><b><img loading=\"lazy\" decoding=\"async\" class=\" alignleft size-full wp-image-21815\" style=\"margin: 4px; float: left;\" alt=\"enzo-cuscito-segretari\" src=\"https:\/\/archiviogioia.lavocedelpaese.info\/wp-content\/uploads\/2012\/04\/enzo-cuscito-segretari.jpg\" height=\"201\" width=\"300\" srcset=\"https:\/\/archiviogioia.lavocedelpaese.info\/wp-content\/uploads\/2012\/04\/enzo-cuscito-segretari.jpg 896w, https:\/\/archiviogioia.lavocedelpaese.info\/wp-content\/uploads\/2012\/04\/enzo-cuscito-segretari-300x201.jpg 300w, https:\/\/archiviogioia.lavocedelpaese.info\/wp-content\/uploads\/2012\/04\/enzo-cuscito-segretari-768x514.jpg 768w\" sizes=\"auto, (max-width: 300px) 100vw, 300px\" \/>Continua la rassegna delle presentazioni delle coalizioni e dei candati sindaco<\/b> alle prossime elezioni per il rinnovo del Consiglio Comunale. <b>Ieri 4 aprile \u00e8 stato il giorno di Enzo Cuscito<\/b>, <b>candidato<\/b> <b>sindaco<\/b> <b>della coalizione &#8220;Per il bene comune&#8221;<\/b>. Diciamolo subito, senza tema di smentita, che \u00e8 stata una presentazione atipica.<\/p>\n<p style=\"margin-bottom: 0.0001pt; line-height: normal; text-align: justify;\">Sfidando il rischio di incorrere in una serata fredda, piovosa &nbsp;e con vento forte, <b>la coalizione ha deciso di presentarsi alla cittadinanza all&#8217;aperto<\/b>, in Piazza Luca D&#8217;andrano. <b>Ancora pi\u00f9 atipica la presenza del pubblico che \u00e8 stato coinvolto<\/b>, durante gli interventi dei rappresentanti delle quattro liste di centrosinistra (<b>Antonio Grandieri<\/b> per Sinistra Ecologia e Libert\u00e0, <b>Mimmo Castellaneta<\/b> per l\u2019IDV, <b>Vito Falcone <\/b>per la Federazione della sinistra, <b>Vito Angelillo<\/b> <img loading=\"lazy\" decoding=\"async\" class=\" alignright size-full wp-image-21817\" style=\"margin: 4px; float: right;\" alt=\"enzo-cuscito-pubblico\" src=\"https:\/\/archiviogioia.lavocedelpaese.info\/wp-content\/uploads\/2012\/04\/enzo-cuscito-pubblico.jpg\" height=\"201\" width=\"300\" srcset=\"https:\/\/archiviogioia.lavocedelpaese.info\/wp-content\/uploads\/2012\/04\/enzo-cuscito-pubblico.jpg 896w, https:\/\/archiviogioia.lavocedelpaese.info\/wp-content\/uploads\/2012\/04\/enzo-cuscito-pubblico-300x201.jpg 300w, https:\/\/archiviogioia.lavocedelpaese.info\/wp-content\/uploads\/2012\/04\/enzo-cuscito-pubblico-768x514.jpg 768w\" sizes=\"auto, (max-width: 300px) 100vw, 300px\" \/>per Solidariet\u00e0 e Partecipazione), nella costruzione di un muro fatto di tufi (naturalmente di polistirolo, ndr). <b>Ed ancora atipica la sequenza di &#8220;comizi&#8221; <\/b>dei segretari di partito e della lista civica di appoggio ad Enzo Cuscito.<\/p>\n<p style=\"margin-bottom: 0.0001pt; line-height: normal; text-align: justify;\"><b>Un Franco Gisotti in veste non di commentatore<\/b> abituale delle discussioni <b>di Gioianet<\/b> <b>ma di intervistatore<\/b> nei modi del primo Maurizio Costanzo di Bont\u00e0 Loro (il primo talk in bianco e nero della televisione, ndr), <b>ha intervistato seduto su un seggiolino<\/b> in equilibrio precario i quattro rappresentanti seduti nel bel mezzo di un cantiere edile, anch&#8217;esso precario e, mentre l&#8217;intervista andava avanti <b>i candidati consiglieri comunali<\/b> delle quattro liste <b>ed anche cittadini presenti, sono stati invitati ha prelevare ognuno un tufo e posarlo sugli altri del muro in costruzione alle spalle degli intervistati<\/b>.<\/p>\n<p style=\"margin-bottom: 0.0001pt; line-height: normal; text-align: justify;\"><b><img loading=\"lazy\" decoding=\"async\" class=\" alignleft size-full wp-image-21818\" style=\"margin: 4px; float: left;\" alt=\"enzo-cuscito-muro\" src=\"https:\/\/archiviogioia.lavocedelpaese.info\/wp-content\/uploads\/2012\/04\/enzo-cuscito-muro.jpg\" height=\"201\" width=\"300\" srcset=\"https:\/\/archiviogioia.lavocedelpaese.info\/wp-content\/uploads\/2012\/04\/enzo-cuscito-muro.jpg 896w, https:\/\/archiviogioia.lavocedelpaese.info\/wp-content\/uploads\/2012\/04\/enzo-cuscito-muro-300x201.jpg 300w, https:\/\/archiviogioia.lavocedelpaese.info\/wp-content\/uploads\/2012\/04\/enzo-cuscito-muro-768x514.jpg 768w\" sizes=\"auto, (max-width: 300px) 100vw, 300px\" \/>Su tutta la presentazione aleggiava comunque un forte simbolismo<\/b> che oltre ad essere colto dal pubblico presente \u00e8 stato anche <b>illustrato compiutamente nell&#8217;ultimo intervento dell&#8217;architetto Vito Angelillo <\/b>(Solidariet\u00e0 e Partecipazione) <b>che<\/b> in una vera e propria lezione di storia dell&#8217;arte ma anche con citazioni dotte della politica della civitas d&#8217;altri tempi (Machiavelli, Medici) e citazioni financo bibliche <b>ha piacevolmente catturato l&#8217;attenzione del pubblico sui temi abbracciati dalla coalizione<\/b> &#8220;Per il bene comune&#8221;: <b>trasparenza<\/b> (la manifestazione si \u00e8 svolta all&#8217;aperto e per tutti anche per aprirsi alla partecipazione di tutti), <b>provvedimenti amministrativi<\/b> <b>che ridiano serenit\u00e0 e dignit\u00e0 ai molti<\/b> che con il loro lavoro producono la ricchezza dei pochi, <b>Servizi alla persona in senso lato<\/b>, dall&#8217;anziano al fanciullo, dal diversamente abile al cittadino che paga le tasse per ottenerli.<\/p>\n<p style=\"margin-bottom: 0.0001pt; line-height: normal; text-align: justify;\"><b><img loading=\"lazy\" decoding=\"async\" class=\" alignright size-full wp-image-21819\" style=\"margin: 4px; float: right;\" alt=\"enzo-cuscito-piazza\" src=\"https:\/\/archiviogioia.lavocedelpaese.info\/wp-content\/uploads\/2012\/04\/enzo-cuscito-piazza.jpg\" height=\"201\" width=\"300\" srcset=\"https:\/\/archiviogioia.lavocedelpaese.info\/wp-content\/uploads\/2012\/04\/enzo-cuscito-piazza.jpg 896w, https:\/\/archiviogioia.lavocedelpaese.info\/wp-content\/uploads\/2012\/04\/enzo-cuscito-piazza-300x201.jpg 300w, https:\/\/archiviogioia.lavocedelpaese.info\/wp-content\/uploads\/2012\/04\/enzo-cuscito-piazza-768x514.jpg 768w\" sizes=\"auto, (max-width: 300px) 100vw, 300px\" \/>Ed \u00e8 cos\u00ec che \u00e8 stato svelato il perch\u00e8 della nascita di muri<\/b>, anche qui a Gioia (chiamiamoli anche palazzi e brutture varie che ci sottraggono territorio che ci appartiene). <b>Abilmente e teatralmente coadiuvato da Gisotti ha dato vita a scenette umoristiche piacevoli<\/b> che sono terminate poi, con altro gesto simbolico, nel <b>far crollare il muro incombente sui quattro segretari<\/b> che tutti insieme hanno contribuito all&#8217;abbattimento.<\/p>\n<p style=\"margin-bottom: 0.0001pt; line-height: normal; text-align: justify;\"><b>Caduto il muro, di forte impatto emotivo, Gisotti ha finalmente introdotto nel cantiere il candidato sindaco Enzo Cuscito<\/b>.<\/p>\n<p style=\"margin-bottom: 0.0001pt; line-height: normal; text-align: justify;\"><b>Le domande, dichiaratamente e palesemente preparate e concordate<\/b> sia con gli intervistati precedenti che con il candidato sindaco, <b>hanno dato la possibilit\u00e0 a tutti di <img loading=\"lazy\" decoding=\"async\" class=\" alignleft size-full wp-image-21820\" style=\"margin: 4px; float: left;\" alt=\"enzo-cuscito-caduta-muro\" src=\"https:\/\/archiviogioia.lavocedelpaese.info\/wp-content\/uploads\/2012\/04\/enzo-cuscito-caduta-muro.jpg\" height=\"201\" width=\"300\" srcset=\"https:\/\/archiviogioia.lavocedelpaese.info\/wp-content\/uploads\/2012\/04\/enzo-cuscito-caduta-muro.jpg 896w, https:\/\/archiviogioia.lavocedelpaese.info\/wp-content\/uploads\/2012\/04\/enzo-cuscito-caduta-muro-300x201.jpg 300w, https:\/\/archiviogioia.lavocedelpaese.info\/wp-content\/uploads\/2012\/04\/enzo-cuscito-caduta-muro-768x514.jpg 768w\" sizes=\"auto, (max-width: 300px) 100vw, 300px\" \/>esporre le proprie ragioni dello stare insieme<\/b> &#8211; per il bene comune &#8211; a contrastare, <b>tentare di contrastare, la roboante macchina da guerra messa in campo dal centrodestra tutto<\/b> a cui si \u00e8 aggiunto e aggregato anche il PD gioiese.<\/p>\n<p style=\"margin-bottom: 0.0001pt; line-height: normal; text-align: justify;\"><b>Il messaggio finale <\/b>che si \u00e8 voluto lanciare \u00e8 proprio questo, con una statua del David di Michelangelo ad altezza d&#8217;uomo che stava l\u00ec a <b>ricordare a tutti che la battaglia \u00e8 impari contro Golia ma non necessariamente persa come insegna la Bibbia<\/b>. Dopotutto tutta la serata era ambientata in un cantiere, che simboleggia il progetto della coalizione di <b>costruire una cittadinanza pi\u00f9 trasparente, non corrotta e pasticciona e rispettosa del proprio territorio<\/b> <b>e di chi ci vive<\/b>. <b>In difesa dei tanti contro i privilegi dei pochi<\/b>.<\/p>\n<p style=\"margin-bottom: 0.0001pt; line-height: normal; text-align: justify;\"><b><img loading=\"lazy\" decoding=\"async\" class=\" alignright size-full wp-image-21821\" style=\"margin: 4px; float: right;\" alt=\"osvaldo-kecco-recchia\" src=\"https:\/\/archiviogioia.lavocedelpaese.info\/wp-content\/uploads\/2012\/04\/osvaldo-kecco-recchia.jpg\" height=\"201\" width=\"300\" srcset=\"https:\/\/archiviogioia.lavocedelpaese.info\/wp-content\/uploads\/2012\/04\/osvaldo-kecco-recchia.jpg 896w, https:\/\/archiviogioia.lavocedelpaese.info\/wp-content\/uploads\/2012\/04\/osvaldo-kecco-recchia-300x201.jpg 300w, https:\/\/archiviogioia.lavocedelpaese.info\/wp-content\/uploads\/2012\/04\/osvaldo-kecco-recchia-768x514.jpg 768w\" sizes=\"auto, (max-width: 300px) 100vw, 300px\" \/>La presentazione della coalizione \u00e8 terminata con un appassionato intervento teatrale di Vito Osvaldo <\/b> anch&#8217;egli candidato consigliere per SEL <b>come Kecco Recchia che lo accompagnava in un blues accattivante<\/b> mentre declamava il discorso sulla democrazia ateniese &nbsp;di Pericle (450 &nbsp;a.c.) di cui alleghiamo i testi veramente coinvolgenti.<\/p>\n<p style=\"margin-bottom: 0.0001pt; line-height: normal; text-align: justify;\"><b>La serata si \u00e8 conclusa con una serie di canzoni sulla libert\u00e0 del repertorio di Giorgio Gaber<\/b> suonate e <b>cantate da Kecco Recchia<\/b> che ha trattenuto, fino al ritorno del vento in piazza, il folto pubblico presente.<\/p>\n<p style=\"margin-bottom: 0.0001pt; line-height: normal; text-align: right;\">(scatti fotografici a cura di <strong>Maria Castellaneta<\/strong>)<\/p>\n<p style=\"margin-bottom: 0.0001pt; line-height: normal; text-align: center;\">&#8212;&#8212;&#8212;&#8212;&#8212;&#8212;&#8212;&#8212;&#8212;&#8212;&#8212;&#8212;&#8212;&#8212;&#8212;&#8212;&#8212;&#8212;&#8212;&#8212;&#8212;&#8212;&#8212;&#8212;&#8212;<\/p>\n<p style=\"margin-bottom: 0.0001pt; line-height: normal; text-align: justify;\">&nbsp;<\/p>\n<p style=\"margin-bottom: 0.0001pt; text-align: center; line-height: normal;\" align=\"center\"><b>Noi facciamo cos\u00ec<\/b><\/p>\n<ul>\n<li style=\"margin-bottom: 0.0001pt; line-height: normal;\" align=\"center\">Qui il nostro governo favorisce i molti invece dei pochi: e per questo viene chiamato democrazia.<\/li>\n<\/ul>\n<p style=\"margin-bottom: 0.0001pt; text-align: justify; line-height: normal;\"><b>Noi facciamo cos\u00ec.<\/b><\/p>\n<ul>\n<li>Le leggi qui assicurano una giustizia eguale per tutti nelle loro dispute private, ma noi non ignoriamo mai i meriti dell\u2019eccellenza. Quando un cittadino si distingue, allora esso sar\u00e0, a preferenza di altri, chiamato a servire lo Stato, ma non come un atto di privilegio, come una ricompensa al merito, e la povert\u00e0 non costituisce un impedimento.<\/li>\n<\/ul>\n<p style=\"margin-bottom: 0.0001pt; text-align: justify; line-height: normal;\"><b>Noi facciamo cos\u00ec<\/b>.<\/p>\n<ul>\n<li>La libert\u00e0 di cui godiamo si estende anche alla vita quotidiana; noi non siamo sospettosi l\u2019uno dell\u2019altro e non infastidiamo mai il nostro prossimo se al nostro prossimo piace vivere a modo suo. Noi siamo liberi, liberi di vivere proprio come ci piace e tuttavia siamo sempre pronti a fronteggiare qualsiasi pericolo. Un cittadino non trascura i pubblici affari quando attende alle proprie faccende private, ma soprattutto non si occupa dei pubblici affari per risolvere le sue questioni private.<\/li>\n<\/ul>\n<p style=\"margin-bottom: 0.0001pt; text-align: justify; line-height: normal;\"><b>Noi facciamo cos\u00ec.<\/b><\/p>\n<ul>\n<li>Ci \u00e8 stato insegnato di rispettare i magistrati, e ci \u00e8 stato insegnato anche di rispettare le leggi e di non dimenticare mai che dobbiamo proteggere coloro che ricevono offesa. E ci \u00e8 stato anche insegnato di rispettare quelle leggi non scritte che risiedono nell\u2019universale sentimento di ci\u00f2 che \u00e8 giusto e di ci\u00f2 che \u00e8 buon senso.<\/li>\n<\/ul>\n<p style=\"margin-bottom: 0.0001pt; text-align: justify; line-height: normal;\"><b>Noi facciamo cos\u00ec.<\/b><\/p>\n<ul>\n<li>Un uomo che non si interessa allo Stato noi non lo consideriamo innocuo, ma inutile; e bench\u00e9 in pochi siano in grado di dare vita ad una politica, tutti qui&nbsp;&nbsp; siamo in grado di giudicarla. Noi non consideriamo la discussione come un ostacolo sulla via della democrazia. Noi crediamo che la felicit\u00e0 sia il frutto della libert\u00e0, ma la libert\u00e0 sia solo il frutto del valore. Dunque io proclamo che ogni cittadino cresca sviluppando in s\u00e9 una felice versatilit\u00e0, la fiducia in se stesso, la prontezza a fronteggiare qualsiasi situazione ed \u00e8 per questo che la nostra citt\u00e0 \u00e8 aperta al mondo e noi non cacciamo mai uno straniero.<\/li>\n<\/ul>\n<p style=\"margin-bottom: 0.0001pt; text-align: justify; line-height: normal;\"><b>Noi facciamo cos\u00ec.<\/b><\/p>\n<p style=\"margin-bottom: 0.0001pt; text-align: justify; line-height: normal;\"><b><br \/><\/b><\/p>\n<p><object type=\"application\/x-shockwave-flash\" width=\"660\" height=\"660\" flashvars=\"host=picasaweb.google.com&amp;hl=it&amp;feat=flashalbum&amp;RGB=0x000000&amp;feed=https:\/\/picasaweb.google.com\/data\/feed\/api\/user\/104626251937098962566\/albumid\/5727851542295642097?alt=rss&amp;kind=photo&amp;authkey=Gv1sRgCJPysaj5y_P9Lg&amp;hl=it\" pluginspage=\"http:\/\/www.macromedia.com\/go\/getflashplayer\" data=\"https:\/\/picasaweb.google.com\/s\/c\/bin\/slideshow.swf\"><param name=\"movie\" value=\"https:\/\/picasaweb.google.com\/s\/c\/bin\/slideshow.swf\" \/><\/object><\/p>\n","protected":false},"excerpt":{"rendered":"","protected":false},"author":1,"featured_media":13024,"comment_status":"open","ping_status":"closed","sticky":false,"template":"","format":"standard","meta":{"colormag_page_container_layout":"default_layout","colormag_page_sidebar_layout":"default_layout","footnotes":""},"categories":[4],"tags":[],"class_list":["post-21822","post","type-post","status-publish","format-standard","has-post-thumbnail","hentry","category-politica"],"_links":{"self":[{"href":"https:\/\/archiviogioia.lavocedelpaese.info\/index.php?rest_route=\/wp\/v2\/posts\/21822","targetHints":{"allow":["GET"]}}],"collection":[{"href":"https:\/\/archiviogioia.lavocedelpaese.info\/index.php?rest_route=\/wp\/v2\/posts"}],"about":[{"href":"https:\/\/archiviogioia.lavocedelpaese.info\/index.php?rest_route=\/wp\/v2\/types\/post"}],"author":[{"embeddable":true,"href":"https:\/\/archiviogioia.lavocedelpaese.info\/index.php?rest_route=\/wp\/v2\/users\/1"}],"replies":[{"embeddable":true,"href":"https:\/\/archiviogioia.lavocedelpaese.info\/index.php?rest_route=%2Fwp%2Fv2%2Fcomments&post=21822"}],"version-history":[{"count":0,"href":"https:\/\/archiviogioia.lavocedelpaese.info\/index.php?rest_route=\/wp\/v2\/posts\/21822\/revisions"}],"wp:featuredmedia":[{"embeddable":true,"href":"https:\/\/archiviogioia.lavocedelpaese.info\/index.php?rest_route=\/wp\/v2\/media\/13024"}],"wp:attachment":[{"href":"https:\/\/archiviogioia.lavocedelpaese.info\/index.php?rest_route=%2Fwp%2Fv2%2Fmedia&parent=21822"}],"wp:term":[{"taxonomy":"category","embeddable":true,"href":"https:\/\/archiviogioia.lavocedelpaese.info\/index.php?rest_route=%2Fwp%2Fv2%2Fcategories&post=21822"},{"taxonomy":"post_tag","embeddable":true,"href":"https:\/\/archiviogioia.lavocedelpaese.info\/index.php?rest_route=%2Fwp%2Fv2%2Ftags&post=21822"}],"curies":[{"name":"wp","href":"https:\/\/api.w.org\/{rel}","templated":true}]}}