{"id":21850,"date":"2012-04-07T07:10:08","date_gmt":"2012-04-07T07:10:08","guid":{"rendered":"https:\/\/archiviogioia.lavocedelpaese.info\/?p=21850"},"modified":"2012-04-07T07:10:08","modified_gmt":"2012-04-07T07:10:08","slug":"musei-e-parchi-archeologici-aperti-a-pasqua-e-pasquetta","status":"publish","type":"post","link":"https:\/\/archiviogioia.lavocedelpaese.info\/?p=21850","title":{"rendered":"MUSEI E PARCHI ARCHEOLOGICI APERTI A PASQUA E PASQUETTA"},"content":{"rendered":"<p><img loading=\"lazy\" decoding=\"async\" class=\" size-full wp-image-21848\" style=\"margin-right: 2px; margin-left: 2px;\" alt=\"Pasqua al museo-pp\" src=\"https:\/\/archiviogioia.lavocedelpaese.info\/wp-content\/uploads\/2012\/04\/Pasqua_al_museo-pp.jpg\" height=\"150\" width=\"320\" srcset=\"https:\/\/archiviogioia.lavocedelpaese.info\/wp-content\/uploads\/2012\/04\/Pasqua_al_museo-pp.jpg 320w, https:\/\/archiviogioia.lavocedelpaese.info\/wp-content\/uploads\/2012\/04\/Pasqua_al_museo-pp-300x141.jpg 300w\" sizes=\"auto, (max-width: 320px) 100vw, 320px\" \/><\/p>\n<p><!--more--><\/p>\n<p style=\"margin-bottom: 0.0001pt; line-height: normal; text-align: justify;\"><img loading=\"lazy\" decoding=\"async\" class=\" alignleft size-full wp-image-21849\" style=\"margin: 4px; float: left;\" alt=\"monte sannace parco\" src=\"https:\/\/archiviogioia.lavocedelpaese.info\/wp-content\/uploads\/2012\/04\/monte_sannace_parco.jpg\" height=\"207\" width=\"324\" srcset=\"https:\/\/archiviogioia.lavocedelpaese.info\/wp-content\/uploads\/2012\/04\/monte_sannace_parco.jpg 324w, https:\/\/archiviogioia.lavocedelpaese.info\/wp-content\/uploads\/2012\/04\/monte_sannace_parco-300x192.jpg 300w\" sizes=\"auto, (max-width: 324px) 100vw, 324px\" \/>In occasione delle festivit\u00e0 pasquali,<b> domenica 8 e luned\u00ec 9 aprile<\/b>, apertura straordinaria per <b>il Museo nazionale archeologico di Gioia del Colle (ore 8.30-19.30), l\u2019area archeologica di Monte Sannace (ore 9.30-15). Ma non saranno i soli.<\/b><\/p>\n<p style=\"margin-bottom: 0.0001pt; line-height: normal; text-align: justify;\">Molti altri luoghi della cultura statali rimarranno aperti in via straordinaria. il <b>Museo nazionale archeologico di Altamura<\/b> (ore 8.30-13.30), il<b> Castello Svevo di Bari<\/b> (ore 8.30-19.30, chiusura biglietteria alle 19), <b>palazzo Simi di Bari<\/b> (ore 9.30-18.30), il <b>Museo nazionale Jatta di Ruvo<\/b> di Puglia (ore 8.30-13.30), la <b>Galleria nazionale della Puglia<\/b> \u00abGirolamo e Rosaria Devanna\u00bb <b>di Bitonto<\/b> (ore 9-19.30), il <b>Castello di Trani<\/b> (ore 8-20, chiusura biglietteria alle 19), <b>Castel del Monte ad Andria<\/b> (ore 10.15-19.45, chiusura biglietteria alle 19.15) e <b>l\u2019Antiquarium e area archeologica di Canne della Battaglia a Barletta<\/b> (ore 8.30-19.30). Gli orari di apertura si intendono sia per domenica che per luned\u00ec, info <a href=\"http:\/\/www.beniculturali.it\/\">www.beniculturali.it<\/a>.<\/p>\n<p style=\"margin-bottom: 0.0001pt; line-height: normal; text-align: justify;\"><b><img loading=\"lazy\" decoding=\"async\" class=\" alignright size-full wp-image-17208\" style=\"margin: 4px; float: right;\" alt=\"hellinthecave\" src=\"https:\/\/archiviogioia.lavocedelpaese.info\/wp-content\/uploads\/2011\/12\/hellinthecave.jpg\" height=\"330\" width=\"220\" srcset=\"https:\/\/archiviogioia.lavocedelpaese.info\/wp-content\/uploads\/2011\/12\/hellinthecave.jpg 591w, https:\/\/archiviogioia.lavocedelpaese.info\/wp-content\/uploads\/2011\/12\/hellinthecave-200x300.jpg 200w\" sizes=\"auto, (max-width: 220px) 100vw, 220px\" \/>A Pasqua Hell in the Cave<\/b> &#8211; versi danzanti nell&#8217;aere fosco <b>raddoppia l&#8217;appuntamento del fine settimana con due repliche<\/b> (oggi e domani) nelle Grave delle Grotte di Castellana (inizio alle 21). Lo spettacolo ripercorre il viaggio di Dante dell&#8217;Inferno tra i vari gironi e le anime dannate ed \u00e8 in continua evoluzione: soltanto la settimana scorsa ha debuttato la nuova coreografia aerea su Paolo e Francesca. La regia \u00e8 di Enrico Romita. Info <a href=\"http:\/\/www.hellinthecave.it\/\">www.hellinthecave.it<\/a> .<\/p>\n<p style=\"margin-bottom: 0.0001pt; line-height: normal; text-align: justify;\"><b>Continuano gli itinerari alla scoperta di Bari di PugliArte<\/b>. Oggi, alle 15.30, appuntamento in piazza del Ferrarese con \u00ab<b>Bari fortificata<\/b>\u00bb: un itinerario che <b>dar\u00e0 la possibilit\u00e0 di osservare tutte le fortificazioni pi\u00f9 importanti della citt\u00e0 vecchia<\/b>, dal Castello e i suoi sotterranei. Info 340.339.47.08.<\/p>\n<p style=\"margin-bottom: 0.0001pt; line-height: normal; text-align: justify;\"><b>Da non perdere i riti della Settimana santa in Puglia<\/b>. Tra i vari appuntamenti, oggi partiranno le processioni da <b>Molfetta<\/b> (partenza alle 11.15 dalla chiesa del Purgatorio), <b>Noic\u00e0ttaro<\/b> (alle 15 dalla chiesa Santa Maria della Pace) e <b>Ruvo di Puglia<\/b> (alle 16.30 dalla chiesa del Purgatorio). Domani domenica di Pasqua, sempre a Ruvo, alle 9.30 partir\u00e0 dalla chiesa di San Domenico la processione di Ges\u00f9 risorto e lo scopo delle \u00abquarantane\u00bb. Info <a href=\"http:\/\/www.settimanasantainpuglia.it\/\">www.settimanasantainpuglia.it<\/a> .<\/p>\n<p style=\"margin-bottom: 0.0001pt; line-height: normal; text-align: right;\">(fonte corrieremezzogiorno)<\/p>\n<p>&nbsp;<\/p>\n","protected":false},"excerpt":{"rendered":"","protected":false},"author":1,"featured_media":21848,"comment_status":"open","ping_status":"closed","sticky":false,"template":"","format":"standard","meta":{"colormag_page_container_layout":"default_layout","colormag_page_sidebar_layout":"default_layout","footnotes":""},"categories":[7],"tags":[],"class_list":["post-21850","post","type-post","status-publish","format-standard","has-post-thumbnail","hentry","category-attualita"],"_links":{"self":[{"href":"https:\/\/archiviogioia.lavocedelpaese.info\/index.php?rest_route=\/wp\/v2\/posts\/21850","targetHints":{"allow":["GET"]}}],"collection":[{"href":"https:\/\/archiviogioia.lavocedelpaese.info\/index.php?rest_route=\/wp\/v2\/posts"}],"about":[{"href":"https:\/\/archiviogioia.lavocedelpaese.info\/index.php?rest_route=\/wp\/v2\/types\/post"}],"author":[{"embeddable":true,"href":"https:\/\/archiviogioia.lavocedelpaese.info\/index.php?rest_route=\/wp\/v2\/users\/1"}],"replies":[{"embeddable":true,"href":"https:\/\/archiviogioia.lavocedelpaese.info\/index.php?rest_route=%2Fwp%2Fv2%2Fcomments&post=21850"}],"version-history":[{"count":0,"href":"https:\/\/archiviogioia.lavocedelpaese.info\/index.php?rest_route=\/wp\/v2\/posts\/21850\/revisions"}],"wp:featuredmedia":[{"embeddable":true,"href":"https:\/\/archiviogioia.lavocedelpaese.info\/index.php?rest_route=\/wp\/v2\/media\/21848"}],"wp:attachment":[{"href":"https:\/\/archiviogioia.lavocedelpaese.info\/index.php?rest_route=%2Fwp%2Fv2%2Fmedia&parent=21850"}],"wp:term":[{"taxonomy":"category","embeddable":true,"href":"https:\/\/archiviogioia.lavocedelpaese.info\/index.php?rest_route=%2Fwp%2Fv2%2Fcategories&post=21850"},{"taxonomy":"post_tag","embeddable":true,"href":"https:\/\/archiviogioia.lavocedelpaese.info\/index.php?rest_route=%2Fwp%2Fv2%2Ftags&post=21850"}],"curies":[{"name":"wp","href":"https:\/\/api.w.org\/{rel}","templated":true}]}}