{"id":2209,"date":"2010-05-27T07:46:44","date_gmt":"2010-05-27T07:46:44","guid":{"rendered":"https:\/\/archiviogioia.lavocedelpaese.info\/?p=2209"},"modified":"2010-05-27T07:46:44","modified_gmt":"2010-05-27T07:46:44","slug":"libri-in-festa-alla-san-filippo-neri","status":"publish","type":"post","link":"https:\/\/archiviogioia.lavocedelpaese.info\/?p=2209","title":{"rendered":"LIBRI IN FESTA ALLA SAN FILIPPO NERI"},"content":{"rendered":"<p><img loading=\"lazy\" decoding=\"async\" class=\" size-full wp-image-2203\" alt=\"fiera01\" src=\"https:\/\/archiviogioia.lavocedelpaese.info\/wp-content\/uploads\/2010\/05\/fiera01.jpg\" width=\"320\" height=\"150\" srcset=\"https:\/\/archiviogioia.lavocedelpaese.info\/wp-content\/uploads\/2010\/05\/fiera01.jpg 320w, https:\/\/archiviogioia.lavocedelpaese.info\/wp-content\/uploads\/2010\/05\/fiera01-300x141.jpg 300w\" sizes=\"auto, (max-width: 320px) 100vw, 320px\" \/> <\/p>\n<p><!--more--><\/p>\n<p style=\"text-align: justify;\"><img loading=\"lazy\" decoding=\"async\" class=\" alignleft size-full wp-image-2204\" style=\"margin: 0px 4px 4px 0px; float: left;\" alt=\"stampa-manifesto-pr.-lettur\" src=\"https:\/\/archiviogioia.lavocedelpaese.info\/wp-content\/uploads\/2010\/05\/stampa-manifesto-pr.-lettur.jpg\" width=\"300\" height=\"508\" srcset=\"https:\/\/archiviogioia.lavocedelpaese.info\/wp-content\/uploads\/2010\/05\/stampa-manifesto-pr.-lettur.jpg 221w, https:\/\/archiviogioia.lavocedelpaese.info\/wp-content\/uploads\/2010\/05\/stampa-manifesto-pr.-lettur-177x300.jpg 177w\" sizes=\"auto, (max-width: 300px) 100vw, 300px\" \/>E\u2019 giunta all\u201911<sup>a<\/sup> edizione <st1:personname productid=\"la \u201cFesta\" w:st=\"on\">la  \u201c<strong>Festa<\/strong><\/st1:personname><strong> del libro<\/strong>\u201d organizzata dal <strong>2\u00b0 Circolo didattico \u201cSan Filippo Neri\u201d<\/strong>, quest\u2019anno non pi\u00f9 ospitata nel chiostro del Comune ma \u201cpromossa\u201d nella Distilleria Cassano, espropriata anche nella sua identit\u00e0 \u201canagrafica\u201d dalla L.U.M., in via Paolo Cassano.<\/p>\n<div style=\"text-align: justify;\"><\/div>\n<p style=\"text-align: justify;\">La manifestazione avr\u00e0 inizio venerd\u00ec, 28 maggio e si concluder\u00e0 il 31.<\/p>\n<div style=\"text-align: justify;\"><\/div>\n<p style=\"text-align: justify;\"><strong>Il programma prevede alle 9.30 di venerd\u00ec<\/strong> un corteo di alunni, genitori ed insegnanti, festosamente riuniti in nome dei \u201c<strong>Lettori in festa<\/strong>\u201d. Il corteo armato di cartelloni e gadget pro-lettura partir\u00e0 da Piazza Dalla Chiesa alla volta della Distilleria, accompagnato dalla Banda locale.<\/p>\n<div style=\"text-align: justify;\"><\/div>\n<p style=\"text-align: justify;\">Alle 10.30 la dirigente, professoressa <strong>Mara Emanuela Longo<\/strong> inaugurer\u00e0 la mostra del libro. Alle 11.00 l\u2019atteso incontro con le autrici <strong>Carmela Leuzzi, Teresa Petruzzelli e Antonietta Magliocca<\/strong> concluder\u00e0 i lavori della mattinata.<\/p>\n<div style=\"text-align: justify;\"><\/div>\n<p style=\"text-align: justify;\"><strong>Nel pomeriggio un prestigioso \u201cappuntamento\u201d letterario<\/strong>: in collaborazione con le librerie Feltrinelli e Stella di Acquaviva delle Fonti, <strong>Lorella Zanardo<\/strong>, autrice de \u201c<strong>Il corpo delle donne<\/strong>\u201d, converser\u00e0 con il pubblico e sar\u00e0 piacevolmente \u201cintervistata\u201d dalla stessa dirigente.<\/p>\n<div style=\"text-align: justify;\"><\/div>\n<p style=\"text-align: justify;\">Seguir\u00e0 un interessante dibattito su \u201c<strong>La figura femminile nella letteratura per ragazzi<\/strong>\u201d &#8211; \u201c<strong>Sviluppo del Consumo critico nei bambini<\/strong>\u201d cui parteciper\u00e0 il dirigente scolastico <strong>Giuseppe Capozza<\/strong>, con inserti, approfondimenti e riflessioni sul tema suggeriti dalla psicologa <strong>Rosa C. Mosca<\/strong>.<\/p>\n<div style=\"text-align: justify;\"><\/div>\n<p style=\"text-align: justify;\"><strong><img loading=\"lazy\" decoding=\"async\" class=\" alignright size-full wp-image-2205\" style=\"margin: 0px 0px 4px 4px; float: right;\" alt=\"mamma-e-figlio_2\" src=\"https:\/\/archiviogioia.lavocedelpaese.info\/wp-content\/uploads\/2010\/05\/mamma-e-figlio_2.jpg\" width=\"250\" height=\"167\" srcset=\"https:\/\/archiviogioia.lavocedelpaese.info\/wp-content\/uploads\/2010\/05\/mamma-e-figlio_2.jpg 1200w, https:\/\/archiviogioia.lavocedelpaese.info\/wp-content\/uploads\/2010\/05\/mamma-e-figlio_2-300x200.jpg 300w, https:\/\/archiviogioia.lavocedelpaese.info\/wp-content\/uploads\/2010\/05\/mamma-e-figlio_2-1024x683.jpg 1024w, https:\/\/archiviogioia.lavocedelpaese.info\/wp-content\/uploads\/2010\/05\/mamma-e-figlio_2-768x512.jpg 768w\" sizes=\"auto, (max-width: 250px) 100vw, 250px\" \/>L\u2019incontro molto coinvolgente<\/strong> e su una tematica di grandissima attualit\u00e0, potrebbe risultare penalizzato dalla dislocazione nella sala conferenze della Distilleria, essendo non solo \u201cdistante\u201d logisticamente dal cuore della citt\u00e0, ma anche in \u201ccompresenza\u201d con il saggio al Rossini della Scuola Losapio.<\/p>\n<div style=\"text-align: justify;\"><\/div>\n<p style=\"text-align: justify;\"><strong>Da un pi\u00f9 attento coordinamento avrebbero tratto<\/strong> tutti maggior vantaggio, essendo sia le famiglie che i docenti attratti ed interessati dall\u2019evento, ma anche \u201cdilaniati\u201d dal dover operare una scelta del genere: \u201cQuale \u201cfiglio-nipote\u201d accontentare? A quale collega-amico\/a \u201caccordare\u201d o \u201cnegare\u201d la presenza?\u201d.<\/p>\n<div style=\"text-align: justify;\"><\/div>\n<p style=\"text-align: justify;\"><strong>L\u2019augurio \u00e8 che in tanti<\/strong>, interessati all\u2019argomento e non solo coinvolti per motivi organizzativi e didattici, partecipino in gran numero all\u2019incontro ed approfittino dell\u2019opportunit\u00e0 offerta da una scuola s\u00ec \u201celementare\u201d ma gi\u00e0 proiettata, per sce<strong><img loading=\"lazy\" decoding=\"async\" class=\" alignleft size-full wp-image-2206\" style=\"margin:  0px 4px 4px 0px; float: left;\" alt=\"percorsi-di-pace-1\" src=\"https:\/\/archiviogioia.lavocedelpaese.info\/wp-content\/uploads\/2010\/05\/percorsi-di-pace-1.jpg\" width=\"309\" height=\"157\" \/><\/strong>lte tematiche e qualit\u00e0, verso orizzonti \u201csuperiori\u201d.<\/p>\n<div style=\"text-align: justify;\"><\/div>\n<p style=\"text-align: justify;\">Il <strong>31 maggio<\/strong>, infine, sempre presso <st1:personname productid=\"la Distilleria Cassano\" w:st=\"on\">la Distilleria Cassano<\/st1:personname> alle 18.30 l\u2019incontro \u201c<strong>Dinamiche Interculturali e identit\u00e0 femminile: percorsi di pace<\/strong>\u201d cui interverranno <strong>Alberto Fornasari docente dell\u2019Universit\u00e0 degli Studi di Bari<\/strong> presso la Facolt\u00e0 di Scienze della Formazione e Pedagogia Interculturale e <strong>Rocco Di Vietro<\/strong>, <strong>dell\u2019Ufficio Scolastico Regionale<\/strong>.<\/p>\n<div style=\"text-align: justify;\"><\/div>\n<p style=\"text-align: justify;\"><img loading=\"lazy\" decoding=\"async\" class=\" alignright size-full wp-image-2207\" style=\"margin: 0px 0px 4px 4px; float: right;\" alt=\"acido\" src=\"https:\/\/archiviogioia.lavocedelpaese.info\/wp-content\/uploads\/2010\/05\/acido.jpg\" width=\"150\" height=\"115\" \/>Alle 19.30 <strong>Hafida Faridi<\/strong>, mediatrice culturale legger\u00e0 \u201c<strong>Sfigurata\u201d &#8211; \u201cDonne che si raccontano<\/strong>\u201d, testimonianze di donne provenienti da altri Paesi.<\/p>\n<div style=\"text-align: justify;\"><\/div>\n<p style=\"text-align: justify;\"><strong><img loading=\"lazy\" decoding=\"async\" class=\" alignleft size-full wp-image-2208\" style=\"margin: 0px 4px 0px 0px; float: left;\" alt=\"poesia1\" src=\"https:\/\/archiviogioia.lavocedelpaese.info\/wp-content\/uploads\/2010\/05\/poesia1.jpg\" width=\"170\" height=\"152\" srcset=\"https:\/\/archiviogioia.lavocedelpaese.info\/wp-content\/uploads\/2010\/05\/poesia1.jpg 305w, https:\/\/archiviogioia.lavocedelpaese.info\/wp-content\/uploads\/2010\/05\/poesia1-300x269.jpg 300w\" sizes=\"auto, (max-width: 170px) 100vw, 170px\" \/>Avr\u00e0 quindi luogo la premiazione<\/strong> dei genitori vincitori del <strong>Concorso di Poesia <\/strong>\u201c<strong>Io&#8230; Donna<\/strong>\u201d.<\/p>\n<div style=\"text-align: justify;\"><\/div>\n<p style=\"text-align: justify;\">Contestualmente potr\u00e0 essere visitata la mostra mercato del libro a cura della libreria ragazzi.<\/p>\n<div style=\"text-align: justify;\"><\/div>\n<p style=\"text-align: justify;\">Nel corso delle due serate si potranno gustare ed apprezzare intermezzi musicali a cura di <strong>Pompeo Colacicco e Alessandro Piraino<\/strong>.<\/p>\n","protected":false},"excerpt":{"rendered":"","protected":false},"author":1,"featured_media":2203,"comment_status":"open","ping_status":"closed","sticky":false,"template":"","format":"standard","meta":{"colormag_page_container_layout":"default_layout","colormag_page_sidebar_layout":"default_layout","footnotes":""},"categories":[6],"tags":[],"class_list":["post-2209","post","type-post","status-publish","format-standard","has-post-thumbnail","hentry","category-cultura"],"_links":{"self":[{"href":"https:\/\/archiviogioia.lavocedelpaese.info\/index.php?rest_route=\/wp\/v2\/posts\/2209","targetHints":{"allow":["GET"]}}],"collection":[{"href":"https:\/\/archiviogioia.lavocedelpaese.info\/index.php?rest_route=\/wp\/v2\/posts"}],"about":[{"href":"https:\/\/archiviogioia.lavocedelpaese.info\/index.php?rest_route=\/wp\/v2\/types\/post"}],"author":[{"embeddable":true,"href":"https:\/\/archiviogioia.lavocedelpaese.info\/index.php?rest_route=\/wp\/v2\/users\/1"}],"replies":[{"embeddable":true,"href":"https:\/\/archiviogioia.lavocedelpaese.info\/index.php?rest_route=%2Fwp%2Fv2%2Fcomments&post=2209"}],"version-history":[{"count":0,"href":"https:\/\/archiviogioia.lavocedelpaese.info\/index.php?rest_route=\/wp\/v2\/posts\/2209\/revisions"}],"wp:featuredmedia":[{"embeddable":true,"href":"https:\/\/archiviogioia.lavocedelpaese.info\/index.php?rest_route=\/wp\/v2\/media\/2203"}],"wp:attachment":[{"href":"https:\/\/archiviogioia.lavocedelpaese.info\/index.php?rest_route=%2Fwp%2Fv2%2Fmedia&parent=2209"}],"wp:term":[{"taxonomy":"category","embeddable":true,"href":"https:\/\/archiviogioia.lavocedelpaese.info\/index.php?rest_route=%2Fwp%2Fv2%2Fcategories&post=2209"},{"taxonomy":"post_tag","embeddable":true,"href":"https:\/\/archiviogioia.lavocedelpaese.info\/index.php?rest_route=%2Fwp%2Fv2%2Ftags&post=2209"}],"curies":[{"name":"wp","href":"https:\/\/api.w.org\/{rel}","templated":true}]}}