{"id":22200,"date":"2012-04-19T06:33:01","date_gmt":"2012-04-19T06:33:01","guid":{"rendered":"https:\/\/archiviogioia.lavocedelpaese.info\/?p=22200"},"modified":"2012-04-19T06:33:01","modified_gmt":"2012-04-19T06:33:01","slug":"prodigio-presentazione-con-sorpresa-finale-foto","status":"publish","type":"post","link":"https:\/\/archiviogioia.lavocedelpaese.info\/?p=22200","title":{"rendered":"\u201cPRO.DI.GIO.\u201d: PRESENTAZIONE CON SORPRESA FINALE-foto"},"content":{"rendered":"<p><img loading=\"lazy\" decoding=\"async\" class=\" size-full wp-image-22190\" style=\"margin-right: 2px; margin-left: 2px;\" alt=\"prodigio-squadra-governo-pp\" src=\"https:\/\/archiviogioia.lavocedelpaese.info\/wp-content\/uploads\/2012\/04\/prodigio-squadra-governo-pp.jpg\" height=\"150\" width=\"320\" srcset=\"https:\/\/archiviogioia.lavocedelpaese.info\/wp-content\/uploads\/2012\/04\/prodigio-squadra-governo-pp.jpg 640w, https:\/\/archiviogioia.lavocedelpaese.info\/wp-content\/uploads\/2012\/04\/prodigio-squadra-governo-pp-300x141.jpg 300w\" sizes=\"auto, (max-width: 320px) 100vw, 320px\" \/><\/p>\n<p><!--more--><\/p>\n<p style=\"text-align: justify;\"><b><img loading=\"lazy\" decoding=\"async\" class=\" alignleft size-full wp-image-22191\" style=\"margin: 4px; float: left;\" alt=\"donato-lucilla-prodigio\" src=\"https:\/\/archiviogioia.lavocedelpaese.info\/wp-content\/uploads\/2012\/04\/donato-lucilla-prodigio.jpg\" height=\"137\" width=\"300\" srcset=\"https:\/\/archiviogioia.lavocedelpaese.info\/wp-content\/uploads\/2012\/04\/donato-lucilla-prodigio.jpg 472w, https:\/\/archiviogioia.lavocedelpaese.info\/wp-content\/uploads\/2012\/04\/donato-lucilla-prodigio-300x137.jpg 300w\" sizes=\"auto, (max-width: 300px) 100vw, 300px\" \/>Pur se funestata da \u201cinvasioni di campo\u201d<\/b> e puntualissima tanto da costringere i ritardatari a guadagnare l\u2019ingresso della super affollata Sala De Deo sgomitando non poco, <b>l\u2019attesa presentazione di \u201cPro.Di.Gio\u201d <\/b>di domenica 15 aprile <b>\u00e8 stata un successo<\/b>.<\/p>\n<p style=\"text-align: justify;\"><b>Prima promessa <\/b>annunciata nell\u2019incontro del Cineteatro Sacro Cuore e puntualmente \u201cmantenuta\u201d, <b>la presentazione della squadra<\/b> di assessori che andr\u00e0 <b>al governo accanto a Donato Lucilla<\/b> in caso di vittoria. <b>Nessun compromesso<\/b>: solo professionalit\u00e0 che si riconoscono negli obiettivi della lista civica e ne condividono lo spirito apartitico.<b><img loading=\"lazy\" decoding=\"async\" class=\" alignright size-full wp-image-22192\" style=\"margin: 4px; float: right;\" alt=\"donato-lucilla-sindaco\" src=\"https:\/\/archiviogioia.lavocedelpaese.info\/wp-content\/uploads\/2012\/04\/donato-lucilla-sindaco.jpg\" height=\"330\" width=\"220\" srcset=\"https:\/\/archiviogioia.lavocedelpaese.info\/wp-content\/uploads\/2012\/04\/donato-lucilla-sindaco.jpg 315w, https:\/\/archiviogioia.lavocedelpaese.info\/wp-content\/uploads\/2012\/04\/donato-lucilla-sindaco-200x300.jpg 200w\" sizes=\"auto, (max-width: 220px) 100vw, 220px\" \/><\/b><\/p>\n<p style=\"text-align: justify;\"><b>Donato Lucilla si mostra sin dalle prime battute determinato e sicuro<\/b>. La giovane et\u00e0, dai veterani della politica ritenuta un handicap, \u00e8 in realt\u00e0 un punto di forza, soprattutto se coniugata ad una vivace intelligenza, ad una spiccata perspicacia nell\u2019apprendimento della <i>res publicae<\/i> e ad un realistico idealismo. <b>L\u2019umilt\u00e0 <\/b>di chi sa di aver maturato competenze con sacrificio, <b>la dialettica<\/b> spigliata ed <b>un innato garbo rendono Donato Lucilla un \u201cavversario\u201d <\/b>degno non solo di rispetto, ma anche \u201c<b>temibile<\/b>\u201d.<\/p>\n<p style=\"text-align: justify;\"><b>Lontano dalle logiche partitiche potrebbe<\/b>, infatti, raccogliere i consensi dei tanti delusi da certa politica e <b>rappresentare quell\u2019auspicata novit\u00e0 attesa da tempo<\/b>.<\/p>\n<p style=\"text-align: justify;\"><b>Decisamente in stile anche la presentazione grafica del programma <\/b>\u201cin pillole\u201d e dei candidati con foto \u201csegnaletica\u201d e cognome. <b>Primato da \u201cmaglia rosa\u201d<\/b> (<b>con il 45% di donne al suo interno<\/b> \u00e8 di fatto la lista pi\u00f9 \u201cdeclinata\u201d al femminile) e <b>obiettivi ben chiari<\/b>: <b>i giovani<\/b> (oggi il \u201cpresente\u201d, domani il \u201cfuturo\u201d), il <b>taglio dei costi della politica<\/b>, <b>le scelte<\/b> (la famiglia e il benessere del cittadino al primo posto), <b>la cultura<\/b> (anima della citt\u00e0), <b>la democrazia partecipata<\/b>, <b>la citt\u00e0<\/b>, <b>il territorio<\/b>, <b>le <img loading=\"lazy\" decoding=\"async\" class=\" alignleft size-full wp-image-22194\" style=\"margin: 4px; float: left;\" alt=\"prodigio-sospensione\" src=\"https:\/\/archiviogioia.lavocedelpaese.info\/wp-content\/uploads\/2012\/04\/prodigio-sospensione.jpg\" height=\"170\" width=\"300\" srcset=\"https:\/\/archiviogioia.lavocedelpaese.info\/wp-content\/uploads\/2012\/04\/prodigio-sospensione.jpg 472w, https:\/\/archiviogioia.lavocedelpaese.info\/wp-content\/uploads\/2012\/04\/prodigio-sospensione-300x170.jpg 300w\" sizes=\"auto, (max-width: 300px) 100vw, 300px\" \/>risorse umane<\/b>, <b>lo sviluppo<\/b> (con strategie di marketing territoriale) <b>e la<\/b> <b>gestione<\/b> <b>amministrativa<\/b> <b>in piena<\/b> <b>trasparenza e legalit\u00e0<\/b>.<\/p>\n<p style=\"text-align: justify;\">Nell\u2019individuare i futuri assessori la priorit\u00e0 \u00e8 stata data alle competenze: <b>Pierluigi Mancino<\/b> &#8211; forte della sua esperienza nella pubblica amministrazione &#8211; nel settore Bilancio e Contratti, <b>Anna Maria Longo<\/b> con delega ai Servizi sociali, <b>Irene Martino<\/b> alla Cultura, <b>Germano Farina<\/b> (non in lista) alle Attivit\u00e0 produttive e al Personale, <b>Vincenzo Capozzi<\/b> a Turismo, Ambiente e Politiche giovanili.<\/p>\n<p style=\"text-align: justify;\"><b>Ognuno di loro<\/b>, brevemente presentato da Donato Lucilla, <b>ha spiegato come \u201csogna\u201d <img loading=\"lazy\" decoding=\"async\" class=\" alignright size-full wp-image-22195\" style=\"margin: 4px; float: right;\" alt=\"prodigio-germanofarina\" src=\"https:\/\/archiviogioia.lavocedelpaese.info\/wp-content\/uploads\/2012\/04\/prodigio-germanofarina.jpg\" height=\"167\" width=\"300\" srcset=\"https:\/\/archiviogioia.lavocedelpaese.info\/wp-content\/uploads\/2012\/04\/prodigio-germanofarina.jpg 472w, https:\/\/archiviogioia.lavocedelpaese.info\/wp-content\/uploads\/2012\/04\/prodigio-germanofarina-300x167.jpg 300w\" sizes=\"auto, (max-width: 300px) 100vw, 300px\" \/>la citt\u00e0<\/b> e quali strumenti saranno utilizzati per realizzare il programma ed i progetti in cantiere.<\/p>\n<p style=\"text-align: justify;\"><b>L\u2019entusiasmo ha contagiato tutti<\/b> rendendo meno \u201cutopistiche\u201d talune strategie. E\u2019 il caso di <b>Germano Farina<\/b>, consulente e docente di Diritto del Lavoro, membro di nuclei di valutazione del personale in vari contesti, il quale <b>individua nella mancanza di obiettivi una delle criticit\u00e0 del settore<\/b>. Per Farina, <b>il personale del Comune \u00e8 una risorsa purtroppo spesso demotivata<\/b>, trascurata o ancor peggio, <b>asservita al potere politico che finisce col minarne la tranquillit\u00e0<\/b>.<\/p>\n<p style=\"text-align: justify;\">\u201cDopo aver individuato compiti ed obiettivi, occorre lasciar lavorare in maniera autonoma il personale ed incentivarlo. In merito alla produttivit\u00e0 <b>uno dei primi punti \u00e8 reperire le risorse per pagare le aziende che lavorano per il Comune<\/b>, aggregando soggetti in un meccanismo virtuoso.\u201d<\/p>\n<p style=\"text-align: justify;\"><b>Breve, concisa ed<\/b><img loading=\"lazy\" decoding=\"async\" class=\" alignleft size-full wp-image-22196\" style=\"margin: 4px; float: left;\" alt=\"annamaria-longo-presentazio\" src=\"https:\/\/archiviogioia.lavocedelpaese.info\/wp-content\/uploads\/2012\/04\/annamaria-longo-presentazio.jpg\" height=\"300\" width=\"200\" srcset=\"https:\/\/archiviogioia.lavocedelpaese.info\/wp-content\/uploads\/2012\/04\/annamaria-longo-presentazio.jpg 315w, https:\/\/archiviogioia.lavocedelpaese.info\/wp-content\/uploads\/2012\/04\/annamaria-longo-presentazio-200x300.jpg 200w\" sizes=\"auto, (max-width: 200px) 100vw, 200px\" \/><b> efficace la presentazione di Anna Maria Longo<\/b>.<\/p>\n<p style=\"text-align: justify;\">\u201c<b>Dai servizi al cittadino d<\/b><b>ipende il futuro della societ\u00e0<\/b>, il benessere deve essere alla portata delle famiglie. <b>Nella piccola esperienza fatta come assessore ai servizi sociali<\/b> &#8211; premetto di essere stata chiamata perch\u00e9 altri erano stati mandati via &#8211; <b>ho compreso che si pu\u00f2 ben governare<\/b>. Le Caritas sono sempre pi\u00f9 prese d\u2019assalto, alle vecchie povert\u00e0 si aggiungono le nuove, i soldi sono sempre meno n\u00e9 ci saranno risorse cui attingere come in passato. <b>Occorre creare attivit\u00e0 gestite dal Comune insieme alle associazioni<\/b>. <b>Ognuno <\/b><b>deve assumersi le proprie responsabilit\u00e0<\/b>, mettere del suo, anche gratis. <b>Gli anziani<\/b> &#8211; e questo \u00e8 un problema di tutti gli stati &#8211; <b>sono sempre pi\u00f9 numerosi, spesso sono soli, anche se autonomi<\/b>\u2026 Offrire loro un servizio mensa, magari domiciliare allevierebbe le loro difficolt\u00e0 e creerebbe opportunit\u00e0 di lavoro. Occorre rendersi conto delle singole esigenze dei soggetti pi\u00f9 deboli e ideare un progetto. <b>Senza una programmazione seria non si va da nessuna parte<\/b>. <b>Non ci sar\u00e0 posto per il clientelismo<\/b>, <b>se qualcosa spetta, spetta,<\/b> <b>non \u00e8 un favore concesso ma un diritto<\/b>! Occorre educare tutti alla legalit\u00e0, un percorso che deve aver inizio nelle famiglie e continuare nella scuola.\u201d<img loading=\"lazy\" decoding=\"async\" class=\" alignright size-full wp-image-22197\" style=\"margin: 4px; float: right;\" alt=\"irene-martino-prodigio\" src=\"https:\/\/archiviogioia.lavocedelpaese.info\/wp-content\/uploads\/2012\/04\/irene-martino-prodigio.jpg\" height=\"300\" width=\"200\" srcset=\"https:\/\/archiviogioia.lavocedelpaese.info\/wp-content\/uploads\/2012\/04\/irene-martino-prodigio.jpg 315w, https:\/\/archiviogioia.lavocedelpaese.info\/wp-content\/uploads\/2012\/04\/irene-martino-prodigio-200x300.jpg 200w\" sizes=\"auto, (max-width: 200px) 100vw, 200px\" \/><\/p>\n<p style=\"text-align: justify;\"><b>Irene Martino<\/b>, docente e socia fondatrice dei Presidi del libro, <b>non ha dubbi<\/b>: <b>attraverso la cultura e l\u2019impegno pu\u00f2 passare l\u2019idea della citt\u00e0<\/b>.<\/p>\n<p style=\"text-align: justify;\">\u201cHo accettato perch\u00e9 ho sempre creduto in un fil rouge che accomuni l\u2019idea di essere un\u2019intellettuale che si \u00e8 sempre spezzata la schiena per esprimere la necessit\u00e0 del fare. <b>La cultura non \u00e8 elaborazione concettuale di percorsi, ma fare, costruire, riscoprire il senso di appartenenza civica<\/b>. Occorre reperire risorse umane competenti e specializzate in ogni ambito (produttivo, turistico, gastronomico), proiettare Gioia in una dimensione sovrapopulistica. Vivo in questa citt\u00e0 da 18 anni, per natura geografica \u00e8 un crocevia del territorio. <b>Attraverso la cultura si possono creare eventi di profilo culturale elevato, coagulando risorse giovanili, aprendo il paese al Mediterraneo<\/b>\u2026 Penso all\u2019incontro con Reina Roff\u00e8, con il giornalista turco Mohamed Shoair, occorre inserire le etnie presenti in un progetto comune. <b>Ci sono elementi di criticit\u00e0 che devono essere trasformati in punti di forza<\/b>: l\u2019associativismo spiccato, variegato, multiforme ma anche frammentato, individuale\u2026 <b>I talenti artistici devono potersi esprimere<\/b><img loading=\"lazy\" decoding=\"async\" class=\" alignleft size-full wp-image-22198\" style=\"margin: 4px; float: left;\" alt=\"capozzi-vzo-prodigio\" src=\"https:\/\/archiviogioia.lavocedelpaese.info\/wp-content\/uploads\/2012\/04\/capozzi-vzo-prodigio.jpg\" height=\"300\" width=\"200\" srcset=\"https:\/\/archiviogioia.lavocedelpaese.info\/wp-content\/uploads\/2012\/04\/capozzi-vzo-prodigio.jpg 315w, https:\/\/archiviogioia.lavocedelpaese.info\/wp-content\/uploads\/2012\/04\/capozzi-vzo-prodigio-200x300.jpg 200w\" sizes=\"auto, (max-width: 200px) 100vw, 200px\" \/><b> qui e non migrare altrove<\/b>. <b>Abbiamo avuto<\/b> il \u201c<b>Maggio all\u2019Infanzia<\/b>\u201d, invidiato da tutte le province, abbiamo il \u201c<b>Concorso Pietro Argento<\/b>\u201d, di respiro internazionale, <b>potremmo pensare ad un festival della lette<\/b><b>ratura e della poesia con bandi internazionali<\/b>. La cultura \u00e8 fatta di idee che passano attraverso i sogni e ci aiutano a vivere nel momento in cui li trasformiamo in realt\u00e0.\u201d<\/p>\n<p style=\"text-align: justify;\"><b>Vincenzo Capozzi ha a malapena potuto sciorinare alcuni dati <\/b>sul costo dello smaltimento rifiuti e sull\u2019ecotassa<b> prima che, per forza maggiore, l\u2019incontro venisse bruscamente interrotto<\/b>. <b>Il dottor Dioguardi<\/b>, a gran voce e in tono alterato, <b>ha chiesto di sgombrare la sala per poter accogliere l\u2019ex viceministro al Bilancio Mario Baldassarri<\/b>, invitato dal FLI (Futuro e Libert\u00e0) ad un incontro con la citt\u00e0 prima di recarsi a Policoro. Previo accordo dettato dal buonsenso a seguito del mancato permesso alla fruizione del chiostro, la sala prenotata da Pro.Di.Gio. dalle 18 alle 21, doveva esser lasciata libera intorno alle 19.30.<\/p>\n<p style=\"text-align: justify;\"><b>Il timore di far tardare la partenza del senatore ha reso i<\/b><img loading=\"lazy\" decoding=\"async\" class=\" alignright size-full wp-image-22199\" style=\"margin: 4px; float: right;\" alt=\"lucilla-e-consorte\" src=\"https:\/\/archiviogioia.lavocedelpaese.info\/wp-content\/uploads\/2012\/04\/lucilla-e-consorte.jpg\" height=\"223\" width=\"200\" srcset=\"https:\/\/archiviogioia.lavocedelpaese.info\/wp-content\/uploads\/2012\/04\/lucilla-e-consorte.jpg 423w, https:\/\/archiviogioia.lavocedelpaese.info\/wp-content\/uploads\/2012\/04\/lucilla-e-consorte-269x300.jpg 269w\" sizes=\"auto, (max-width: 200px) 100vw, 200px\" \/><b>mpazienti i finiani e i membri della coalizione intervenuti all\u2019incontro<\/b>. Inevitabile lo <b>sconcerto dei cittadini, ignari<\/b> delle problematiche a monte, letteralmente e senza mezzi termini messi alla porta con poco garbo.<\/p>\n<p style=\"text-align: justify;\"><b>Nella sala smantellata in tempi record Angela<\/b>, con le bandiere ammainate tra le braccia, <b>ancor tesa ed indignata per l\u2019affronto subito, raggiunge Donato<\/b>.<\/p>\n<p style=\"text-align: justify;\"><b>Il 28 aprile convoleranno a nozze<\/b>, rinunciando (momentaneamente) alla luna di miele a causa di cogenti motivi elettorali. Nel loro progetto di vita un \u201cprodigioso\u201d futuro d\u2019amore\u2026 <b>A Donato e Angela Di Lecce i migliori auguri da parte di tutta la redazione<\/b>!<\/p>\n<p><object type=\"application\/x-shockwave-flash\" width=\"660\" height=\"660\" flashvars=\"host=picasaweb.google.com&amp;hl=it&amp;feat=flashalbum&amp;RGB=0x000000&amp;feed=https:\/\/picasaweb.google.com\/data\/feed\/api\/user\/104626251937098962566\/albumid\/5732979692963718257?alt=rss&amp;kind=photo&amp;authkey=Gv1sRgCPHpz8DPyYOcSQ&amp;hl=it\" pluginspage=\"http:\/\/www.macromedia.com\/go\/getflashplayer\" data=\"https:\/\/picasaweb.google.com\/s\/c\/bin\/slideshow.swf\"><param name=\"movie\" value=\"https:\/\/picasaweb.google.com\/s\/c\/bin\/slideshow.swf\" \/><\/object><\/p>\n","protected":false},"excerpt":{"rendered":"","protected":false},"author":1,"featured_media":22190,"comment_status":"open","ping_status":"closed","sticky":false,"template":"","format":"standard","meta":{"colormag_page_container_layout":"default_layout","colormag_page_sidebar_layout":"default_layout","footnotes":""},"categories":[4],"tags":[],"class_list":["post-22200","post","type-post","status-publish","format-standard","has-post-thumbnail","hentry","category-politica"],"_links":{"self":[{"href":"https:\/\/archiviogioia.lavocedelpaese.info\/index.php?rest_route=\/wp\/v2\/posts\/22200","targetHints":{"allow":["GET"]}}],"collection":[{"href":"https:\/\/archiviogioia.lavocedelpaese.info\/index.php?rest_route=\/wp\/v2\/posts"}],"about":[{"href":"https:\/\/archiviogioia.lavocedelpaese.info\/index.php?rest_route=\/wp\/v2\/types\/post"}],"author":[{"embeddable":true,"href":"https:\/\/archiviogioia.lavocedelpaese.info\/index.php?rest_route=\/wp\/v2\/users\/1"}],"replies":[{"embeddable":true,"href":"https:\/\/archiviogioia.lavocedelpaese.info\/index.php?rest_route=%2Fwp%2Fv2%2Fcomments&post=22200"}],"version-history":[{"count":0,"href":"https:\/\/archiviogioia.lavocedelpaese.info\/index.php?rest_route=\/wp\/v2\/posts\/22200\/revisions"}],"wp:featuredmedia":[{"embeddable":true,"href":"https:\/\/archiviogioia.lavocedelpaese.info\/index.php?rest_route=\/wp\/v2\/media\/22190"}],"wp:attachment":[{"href":"https:\/\/archiviogioia.lavocedelpaese.info\/index.php?rest_route=%2Fwp%2Fv2%2Fmedia&parent=22200"}],"wp:term":[{"taxonomy":"category","embeddable":true,"href":"https:\/\/archiviogioia.lavocedelpaese.info\/index.php?rest_route=%2Fwp%2Fv2%2Fcategories&post=22200"},{"taxonomy":"post_tag","embeddable":true,"href":"https:\/\/archiviogioia.lavocedelpaese.info\/index.php?rest_route=%2Fwp%2Fv2%2Ftags&post=22200"}],"curies":[{"name":"wp","href":"https:\/\/api.w.org\/{rel}","templated":true}]}}