{"id":22500,"date":"2012-04-30T04:44:52","date_gmt":"2012-04-30T04:44:52","guid":{"rendered":"https:\/\/archiviogioia.lavocedelpaese.info\/?p=22500"},"modified":"2012-04-30T04:44:52","modified_gmt":"2012-04-30T04:44:52","slug":"a-san-domenico-il-culto-per-la-madonna-di-pompei","status":"publish","type":"post","link":"https:\/\/archiviogioia.lavocedelpaese.info\/?p=22500","title":{"rendered":"A SAN DOMENICO IL CULTO PER LA MADONNA DI POMPEI"},"content":{"rendered":"<p><img loading=\"lazy\" decoding=\"async\" class=\" size-full wp-image-22496\" style=\"margin-right: 2px; margin-left: 2px;\" alt=\"Madonna di Pompei-pp\" src=\"https:\/\/archiviogioia.lavocedelpaese.info\/wp-content\/uploads\/2012\/04\/Madonna_di_Pompei-pp.jpg\" height=\"150\" width=\"320\" srcset=\"https:\/\/archiviogioia.lavocedelpaese.info\/wp-content\/uploads\/2012\/04\/Madonna_di_Pompei-pp.jpg 640w, https:\/\/archiviogioia.lavocedelpaese.info\/wp-content\/uploads\/2012\/04\/Madonna_di_Pompei-pp-300x141.jpg 300w\" sizes=\"auto, (max-width: 320px) 100vw, 320px\" \/><\/p>\n<p><span><br \/>\n<!--more--><br \/>\n<\/span><\/p>\n<p style=\"text-align: justify;\" href=\"mailto:%3Ca%20href=\" mailto:conf=\"\" rosario=\"\" libero=\"\" it=\"\">&nbsp;<\/p>\n<p style=\"margin-bottom: 0.0001pt; text-align: justify; line-height: normal;\"><img loading=\"lazy\" decoding=\"async\" class=\" alignleft size-full wp-image-22497\" style=\"margin: 4px; float: left;\" alt=\"madonna pompei \" src=\"https:\/\/archiviogioia.lavocedelpaese.info\/wp-content\/uploads\/2012\/04\/madonna_pompei_.jpg\" height=\"255\" width=\"250\" srcset=\"https:\/\/archiviogioia.lavocedelpaese.info\/wp-content\/uploads\/2012\/04\/madonna_pompei_.jpg 700w, https:\/\/archiviogioia.lavocedelpaese.info\/wp-content\/uploads\/2012\/04\/madonna_pompei_-294x300.jpg 294w\" sizes=\"auto, (max-width: 250px) 100vw, 250px\" \/>Hanno preso il via ieri, con l\u2019avvio della Novena, i festeggiamenti in onore della <b>\u201cBeata Vergine del Santo Rosario di Pompei\u201d, <\/b>che raggiungeranno il clou <b>marted\u00ec 8 maggio<\/b> con la recita della Supplica.<\/p>\n<p style=\"margin-bottom: 0.0001pt; text-align: justify; line-height: normal;\"><b>Culto molto antico, che ci riporta indietro all\u2019istituzione dei domenicani (XII secolo)<\/b>, i quali ne furono i maggiori propagatori. In pratica, una ricorrenza che rappresenta un punto nodale nel corso dell\u2019anno liturgico per la Confraternita del SS. Rosario, pronta a rinnovare la devozione della recita del Rosario (anticamente chiamato Salterio), preghiera che trova nella \u201ccoroncina\u201d un punto di riferimento. In pratica, il Vangelo dei poveri, che un tempo in massima parte non sapevano leggere, ma nello stesso tempo erano in grado di poter pregare e meditare i Misteri cristiani senza la necessit\u00e0 di leggere un testo.<\/p>\n<p style=\"margin-bottom: 0.0001pt; text-align: justify; line-height: normal;\"><b>Il culto per il Santo Rosario ebbe un\u2019ulteriore diffusione dopo le apparizioni di Lourdes del 1958<\/b>, dove la Vergine raccomand\u00f2 (cosa che fecero anche Santa Caterina da Siena, San Domenico Guzman e il cristianizzato avvocato pugliese Bartolo Longo, beatificato da Giovanni Paolo II il 26 ottobre 1980) la pratica di questa devozione.<\/p>\n<p style=\"margin-bottom: 0.0001pt; text-align: justify; line-height: normal;\"><b>Il richiamo alla recita del S. Rosario \u00e8 espresso dal padre spirituale di San Domenico, Don Tonino Posa, il quale scrive<\/b>: \u201cCari fratelli, accorriamo alla Madonna e recitiamo il Santo Rosario per lasciarci introdurre alla contemplazione della bellezza del volto di Cristo e per ottenere la grazia di una fede pi\u00f9 viva per la nostra santificazione e la conversione dei peccatori\u201d.<\/p>\n<p style=\"margin-bottom: 0.0001pt; text-align: justify; line-height: normal;\"><b>L\u20198 maggio<\/b>, nel corso della S. Messa solenne, saranno <b>consacrati altri associati<\/b>.<\/p>\n<p style=\"margin-bottom: 0.0001pt; text-align: justify; line-height: normal;\">Passando al programma liturgico, <b>la Novena si terr\u00e0 in San Domenico<\/b> fino a luned\u00ec 7 maggio. Il 5 maggio preder\u00e0 il via il Triduo solenne, <b>marted\u00ec 8 maggio giorno conclusivo<\/b> della solenne ricorrenza.<b><img loading=\"lazy\" decoding=\"async\" class=\" alignright size-full wp-image-22498\" style=\"margin: 4px; float: right;\" alt=\"sandomenico madonna pompei\" src=\"https:\/\/archiviogioia.lavocedelpaese.info\/wp-content\/uploads\/2012\/04\/sandomenico_madonna_pompei.jpg\" height=\"359\" width=\"239\" srcset=\"https:\/\/archiviogioia.lavocedelpaese.info\/wp-content\/uploads\/2012\/04\/sandomenico_madonna_pompei.jpg 409w, https:\/\/archiviogioia.lavocedelpaese.info\/wp-content\/uploads\/2012\/04\/sandomenico_madonna_pompei-200x300.jpg 200w\" sizes=\"auto, (max-width: 239px) 100vw, 239px\" \/><\/b><\/p>\n<p style=\"margin-bottom: 0.0001pt; text-align: justify; line-height: normal;\"><b>Novena<\/b><\/p>\n<ul style=\"margin-top: 0cm;\">\n<li style=\"margin-bottom: 0.0001pt; text-align: justify; line-height: normal;\">Ore 17,30 Recita del S. Rosario;<\/li>\n<li style=\"margin-bottom: 0.0001pt; text-align: justify; line-height: normal;\">Ore 18,00 Preghiera della novena.<\/li>\n<\/ul>\n<p style=\"margin-bottom: 0.0001pt; text-align: justify; line-height: normal;\"><b>Triduo&nbsp;&nbsp;&nbsp;&nbsp; <\/b><\/p>\n<p style=\"margin-bottom: 0.0001pt; text-align: justify; line-height: normal;\"><b>Sabato 5 maggio 2012<\/b><\/p>\n<ul style=\"margin-top: 0cm;\">\n<li style=\"margin-bottom: 0.0001pt; text-align: justify; line-height: normal;\">Ore 17,30 Recita del S. Rosario;<\/li>\n<li style=\"margin-bottom: 0.0001pt; text-align: justify; line-height: normal;\">Ore 18,00 S. Messa.<\/li>\n<\/ul>\n<p style=\"margin-bottom: 0.0001pt; text-align: justify; line-height: normal;\"><b>Domenica 6 maggio 2012<\/b><\/p>\n<ul style=\"margin-top: 0cm;\">\n<li style=\"margin-bottom: 0.0001pt; text-align: justify; line-height: normal;\">Ore 08,00 S. Messa;<\/li>\n<li style=\"margin-bottom: 0.0001pt; text-align: justify; line-height: normal;\">Ore 17,30 Recita del S. Rosario;<\/li>\n<li style=\"margin-bottom: 0.0001pt; text-align: justify; line-height: normal;\">Ore 18,00 Liturgia della Parola e Benedizione Eucaristica;<\/li>\n<\/ul>\n<p style=\"margin-bottom: 0.0001pt; text-align: justify; line-height: normal;\"><b>Luned\u00ec 7 maggio 2012<\/b><\/p>\n<ul style=\"margin-top: 0cm;\">\n<li style=\"margin-bottom: 0.0001pt; text-align: justify; line-height: normal;\">Ore 17,30 Recita del S. Rosario;<\/li>\n<li style=\"margin-bottom: 0.0001pt; text-align: justify; line-height: normal;\">Ore 18,00 S. Messa.<\/li>\n<\/ul>\n<p style=\"margin-bottom: 0.0001pt; text-align: justify; line-height: normal;\"><b>Marted\u00ec 8 maggio 2012<\/b><\/p>\n<ul style=\"margin-top: 0cm;\">\n<li style=\"margin-bottom: 0.0001pt; text-align: justify; line-height: normal;\">Ore 10,30 S. Messa solenne celebrata dal padre spirituale Don Tonino Posa;<\/li>\n<li style=\"margin-bottom: 0.0001pt; text-align: justify; line-height: normal;\">Ore 12,00 Supplica alla B.V. del S. Rosario di Pompei;<\/li>\n<li style=\"margin-bottom: 0.0001pt; text-align: justify; line-height: normal;\">Ore 17,30 Recita del S. Rosario;<\/li>\n<li style=\"margin-bottom: 0.0001pt; text-align: justify; line-height: normal;\">Ore 18,00 S. Messa.<\/li>\n<\/ul>\n<p><b><span style=\"line-height: 115%;\">Ufficio Comunicazione Confraternita SS. Rosario<\/span><\/b><span style=\"line-height: 115%;\"> &#8211; <a href=\"mailto:%3Ca%20href=\" mailto:conf=\"\" rosario=\"\" libero=\"\" it=\"\">conf.rosario@libero.it<\/a><\/span><\/p>\n","protected":false},"excerpt":{"rendered":"","protected":false},"author":1,"featured_media":22496,"comment_status":"open","ping_status":"closed","sticky":false,"template":"","format":"standard","meta":{"colormag_page_container_layout":"default_layout","colormag_page_sidebar_layout":"default_layout","footnotes":""},"categories":[7],"tags":[],"class_list":["post-22500","post","type-post","status-publish","format-standard","has-post-thumbnail","hentry","category-attualita"],"_links":{"self":[{"href":"https:\/\/archiviogioia.lavocedelpaese.info\/index.php?rest_route=\/wp\/v2\/posts\/22500","targetHints":{"allow":["GET"]}}],"collection":[{"href":"https:\/\/archiviogioia.lavocedelpaese.info\/index.php?rest_route=\/wp\/v2\/posts"}],"about":[{"href":"https:\/\/archiviogioia.lavocedelpaese.info\/index.php?rest_route=\/wp\/v2\/types\/post"}],"author":[{"embeddable":true,"href":"https:\/\/archiviogioia.lavocedelpaese.info\/index.php?rest_route=\/wp\/v2\/users\/1"}],"replies":[{"embeddable":true,"href":"https:\/\/archiviogioia.lavocedelpaese.info\/index.php?rest_route=%2Fwp%2Fv2%2Fcomments&post=22500"}],"version-history":[{"count":0,"href":"https:\/\/archiviogioia.lavocedelpaese.info\/index.php?rest_route=\/wp\/v2\/posts\/22500\/revisions"}],"wp:featuredmedia":[{"embeddable":true,"href":"https:\/\/archiviogioia.lavocedelpaese.info\/index.php?rest_route=\/wp\/v2\/media\/22496"}],"wp:attachment":[{"href":"https:\/\/archiviogioia.lavocedelpaese.info\/index.php?rest_route=%2Fwp%2Fv2%2Fmedia&parent=22500"}],"wp:term":[{"taxonomy":"category","embeddable":true,"href":"https:\/\/archiviogioia.lavocedelpaese.info\/index.php?rest_route=%2Fwp%2Fv2%2Fcategories&post=22500"},{"taxonomy":"post_tag","embeddable":true,"href":"https:\/\/archiviogioia.lavocedelpaese.info\/index.php?rest_route=%2Fwp%2Fv2%2Ftags&post=22500"}],"curies":[{"name":"wp","href":"https:\/\/api.w.org\/{rel}","templated":true}]}}