{"id":22529,"date":"2012-05-01T09:40:00","date_gmt":"2012-05-01T09:40:00","guid":{"rendered":"https:\/\/archiviogioia.lavocedelpaese.info\/?p=22529"},"modified":"2012-05-01T09:40:00","modified_gmt":"2012-05-01T09:40:00","slug":"trasparenza-amministrativa-tutti-la-vogliono-ma","status":"publish","type":"post","link":"https:\/\/archiviogioia.lavocedelpaese.info\/?p=22529","title":{"rendered":"TRASPARENZA AMMINISTRATIVA, TUTTI LA VOGLIONO, MA\u2026"},"content":{"rendered":"<p><img loading=\"lazy\" decoding=\"async\" class=\" size-full wp-image-22512\" style=\"margin-right: 2px; margin-left: 2px;\" alt=\"tavolo-relatori-liberaPP\" src=\"https:\/\/archiviogioia.lavocedelpaese.info\/wp-content\/uploads\/2012\/05\/tavolo-relatori-liberaPP.jpg\" height=\"150\" width=\"320\" srcset=\"https:\/\/archiviogioia.lavocedelpaese.info\/wp-content\/uploads\/2012\/05\/tavolo-relatori-liberaPP.jpg 640w, https:\/\/archiviogioia.lavocedelpaese.info\/wp-content\/uploads\/2012\/05\/tavolo-relatori-liberaPP-300x141.jpg 300w\" sizes=\"auto, (max-width: 320px) 100vw, 320px\" \/><\/p>\n<p><!--more--><\/p>\n<p style=\"text-align: justify;\"><img loading=\"lazy\" decoding=\"async\" class=\" alignleft size-full wp-image-11591\" style=\"margin: 4px; float: left;\" alt=\"libera2\" src=\"https:\/\/archiviogioia.lavocedelpaese.info\/wp-content\/uploads\/2011\/06\/libera2.jpg\" height=\"147\" width=\"222\" srcset=\"https:\/\/archiviogioia.lavocedelpaese.info\/wp-content\/uploads\/2011\/06\/libera2.jpg 457w, https:\/\/archiviogioia.lavocedelpaese.info\/wp-content\/uploads\/2011\/06\/libera2-300x199.jpg 300w\" sizes=\"auto, (max-width: 222px) 100vw, 222px\" \/>Il 29 aprile \u00e8 stato chiesto all\u2019<b>Associazione Libera <\/b>quanti candidati sindaci e liste collegate hanno aderito alla sottoscrizione del \u201c<b>Codice di Autoregolamentazione in Materia di Formazione delle Liste dei Candidati per le Elezioni<\/b>\u201d.<\/p>\n<p style=\"text-align: justify;\">Un atto di trasparenza in questo caso \u201celettorale\u201d e non amministrativa su cui il presidio di Gioia dell\u2019<b>Associazione Libera <\/b>ha organizzato il 21 aprile un vivace ed interessante confronto civile cui hanno partecipato i candidati sindaci \u201cinterrogati\u201d da <b>Nicola Romanelli<\/b> sul tema \u201c<b>La trasparenz<\/b><b><img loading=\"lazy\" decoding=\"async\" class=\" alignright size-full wp-image-22513\" style=\"margin: 4px; float: right;\" alt=\"nicola romanelli libera\" src=\"https:\/\/archiviogioia.lavocedelpaese.info\/wp-content\/uploads\/2012\/05\/nicola_romanelli_libera.jpg\" height=\"201\" width=\"300\" srcset=\"https:\/\/archiviogioia.lavocedelpaese.info\/wp-content\/uploads\/2012\/05\/nicola_romanelli_libera.jpg 960w, https:\/\/archiviogioia.lavocedelpaese.info\/wp-content\/uploads\/2012\/05\/nicola_romanelli_libera-300x201.jpg 300w, https:\/\/archiviogioia.lavocedelpaese.info\/wp-content\/uploads\/2012\/05\/nicola_romanelli_libera-768x514.jpg 768w\" sizes=\"auto, (max-width: 300px) 100vw, 300px\" \/><\/b><b>a amministrativa e la partecipazione dei cittadini alla cosa pubblica: una scelta, una opportunit\u00e0 o un obbligo di legge?<\/b>\u201d.<\/p>\n<p style=\"text-align: justify;\"><strong>In soli otto minuti ognuno di loro ha espresso le proprie considerazioni<\/strong> e in un secondo \u201cgiro\u201d tentato di rispondere altrettanto brevemente alle numerose istanze, in alcuni casi anche provocatorie, dei cittadini presenti.<\/p>\n<p style=\"text-align: justify;\">Romanelli ha sottolineato la sua fiducia nel ruolo delle<strong> associazioni, stimolo e pungolo per i politici c<\/strong>he si propongono all\u2019amministrazione della citt\u00e0, affinch\u00e9 abbiano a <img loading=\"lazy\" decoding=\"async\" class=\" alignleft size-full wp-image-22514\" style=\"margin: 4px; float: left;\" alt=\"libera ospiste\" src=\"https:\/\/archiviogioia.lavocedelpaese.info\/wp-content\/uploads\/2012\/05\/libera_ospiste.jpg\" height=\"233\" width=\"300\" srcset=\"https:\/\/archiviogioia.lavocedelpaese.info\/wp-content\/uploads\/2012\/05\/libera_ospiste.jpg 960w, https:\/\/archiviogioia.lavocedelpaese.info\/wp-content\/uploads\/2012\/05\/libera_ospiste-300x233.jpg 300w, https:\/\/archiviogioia.lavocedelpaese.info\/wp-content\/uploads\/2012\/05\/libera_ospiste-768x596.jpg 768w\" sizes=\"auto, (max-width: 300px) 100vw, 300px\" \/>cuore il bene comune e garantiscano trasparenza e legalit\u00e0 in ogni loro atto.<\/p>\n<p style=\"text-align: justify;\">A dar manforte a Nicola, <b>Alessandro Cobianchi<\/b>, referente regionale <strong>dell\u2019Associazione Libera<\/strong>, il quale tiene a precisare che incontrare i candidati ed interessarsi alla cosa pubblica non \u00e8 \u201cfar campagna elettorale\u201d n\u00e9 lo \u00e8 la \u201cmission\u201d di Libera. Parola d\u2019ordine dell\u2019associazione \u00e8 \u201c<strong>partecipazione\u201d per contrapporre ad una societ\u00e0 incancrenita dal profitto illecito<\/strong> &#8211; obiettivo non solo mafioso &#8211; <strong>il bene comune<\/strong>.<\/p>\n<p style=\"text-align: justify;\">Per la dottoressa <b>Filomena Dabbicco<\/b> il discorso sulla trasparenza<img loading=\"lazy\" decoding=\"async\" class=\" alignright size-full wp-image-22515\" style=\"margin: 4px; float: right;\" alt=\"dabbicco commissario\" src=\"https:\/\/archiviogioia.lavocedelpaese.info\/wp-content\/uploads\/2012\/05\/dabbicco_commissario.jpg\" height=\"201\" width=\"300\" srcset=\"https:\/\/archiviogioia.lavocedelpaese.info\/wp-content\/uploads\/2012\/05\/dabbicco_commissario.jpg 960w, https:\/\/archiviogioia.lavocedelpaese.info\/wp-content\/uploads\/2012\/05\/dabbicco_commissario-300x201.jpg 300w, https:\/\/archiviogioia.lavocedelpaese.info\/wp-content\/uploads\/2012\/05\/dabbicco_commissario-768x514.jpg 768w\" sizes=\"auto, (max-width: 300px) 100vw, 300px\" \/> si articola in due profili: uno statico, legato alla pubblicit\u00e0 degli atti adottati, ed uno dinamico che conduce ad un miglioramento dei servizi rivolti agli utenti. Su questo secondo aspetto la politica deve confrontarsi con una realt\u00e0 problematica.<\/p>\n<p style=\"text-align: justify;\">\u201c<strong>Abbiamo legato la politica ai partiti, la riteniamo lotta, sopraffazione, interesse personale, ma non lo \u00e8 n\u00e9 deve esserlo.<\/strong> Le persone vanno poste al centro della politica ed il cittadino al centro della comunit\u00e0. I cittadini devono collaborare <strong>mettendo in primo piano interessi collettivi, riscoprire i valori della solidariet\u00e0. Una politica pi\u00f9 umana renderebbe il consenso quotidiano,<\/strong> non occasionale. <strong>Abbiamo una bellissima Costituzione, applichiamola il pi\u00f9 possibile.<\/strong>\u201d<\/p>\n<p style=\"text-align: justify;\"><b><img loading=\"lazy\" decoding=\"async\" class=\" alignleft size-full wp-image-22516\" style=\"margin: 4px; float: left;\" alt=\"libera cuscito\" src=\"https:\/\/archiviogioia.lavocedelpaese.info\/wp-content\/uploads\/2012\/05\/libera_cuscito.jpg\" height=\"201\" width=\"300\" srcset=\"https:\/\/archiviogioia.lavocedelpaese.info\/wp-content\/uploads\/2012\/05\/libera_cuscito.jpg 960w, https:\/\/archiviogioia.lavocedelpaese.info\/wp-content\/uploads\/2012\/05\/libera_cuscito-300x201.jpg 300w, https:\/\/archiviogioia.lavocedelpaese.info\/wp-content\/uploads\/2012\/05\/libera_cuscito-768x514.jpg 768w\" sizes=\"auto, (max-width: 300px) 100vw, 300px\" \/>Enzo Cuscito<\/b> ringrazia Libera per aver posto da sempre al centro dell\u2019attenzione trasparenza e partecipazione.<\/p>\n<p style=\"text-align: justify;\">\u201c<b>Solo cos\u00ec si pu\u00f2 vincere il virus della malpolitica e recuperare il rapporto con il cittadino<\/b>, rapporto che appare malato. <strong>Trasparenza intesa come scelta, obbligo, opportunit\u00e0\u2026 Ritengo debba essere intesa in tutte e tre le accezioni<\/strong>. Una scelta perch\u00e9 se decidi di far politica devi essere trasparente rinunciando all\u2019interesse privato, \u00e8 il cuore della scelta. Opportunit\u00e0 perch\u00e9 ricerca, garanzia di una buona amministrazione che deve contrastare la corruzione ed esercitare maggiore controllo affinch\u00e9 il rapporto non venga inquinato. Un obbligo perch\u00e8 <strong>al cittadino deve essere consentito di seguire,<\/strong> utilizzando al meglio la tecnologia informatica, non solo&nbsp;i tempi ma anche <strong>l\u2019iter degli atti ed il nome dei funzionari che li curano.<\/strong> \u201d<\/p>\n<p style=\"text-align: justify;\">\u201c<b>La trasparenza va \u201cverificata\u201d prima di amministrare<\/b> <img loading=\"lazy\" decoding=\"async\" class=\" alignright size-full wp-image-22517\" style=\"margin: 4px; float: right;\" alt=\"libera pubblico\" src=\"https:\/\/archiviogioia.lavocedelpaese.info\/wp-content\/uploads\/2012\/05\/libera_pubblico.jpg\" height=\"201\" width=\"300\" srcset=\"https:\/\/archiviogioia.lavocedelpaese.info\/wp-content\/uploads\/2012\/05\/libera_pubblico.jpg 960w, https:\/\/archiviogioia.lavocedelpaese.info\/wp-content\/uploads\/2012\/05\/libera_pubblico-300x201.jpg 300w, https:\/\/archiviogioia.lavocedelpaese.info\/wp-content\/uploads\/2012\/05\/libera_pubblico-768x514.jpg 768w\" sizes=\"auto, (max-width: 300px) 100vw, 300px\" \/>&#8211; continua Cuscito &#8211; <b>selezionando la classe dirigente<\/b>, evitando di candidare persone condannate o con avvisi di garanzia, e soprattutto evitando il voto di scambio. <strong>Il voto non ha prezzo!<\/strong>\u201d<\/p>\n<p style=\"text-align: justify;\">\u201c<strong>Il cittadino deve poter partecipare alle decisioni in cui si decide come spendere i suoi soldi<\/strong>, il bilancio deve essere partecipato. Deve poter scegliere se investire pi\u00f9 nel sociale o nella scuola o altro\u2026 Il secondo tema \u00e8 quello dell\u2019urbanistica partecipata. <strong>Chi vive nel territorio ne conosce i bisogni reali<\/strong> e si organizza, questo punto di vista \u00e8 prezioso &#8211; conclude Enzo Cuscito &#8211; <strong>\u00e8 la partecipazione alla politica che fa paura e dissuade<\/strong>.\u201d<\/p>\n<p style=\"text-align: justify;\"><b>Per Claudio De Leonardis<\/b> vivere la politica nella non trasparenza alimenta il senso di <img loading=\"lazy\" decoding=\"async\" class=\" alignleft size-full wp-image-22518\" style=\"margin-right: 2px; margin-left: 2px; float: left;\" alt=\"libera de leonardis\" src=\"https:\/\/archiviogioia.lavocedelpaese.info\/wp-content\/uploads\/2012\/05\/libera_de_leonardis.jpg\" height=\"201\" width=\"300\" srcset=\"https:\/\/archiviogioia.lavocedelpaese.info\/wp-content\/uploads\/2012\/05\/libera_de_leonardis.jpg 960w, https:\/\/archiviogioia.lavocedelpaese.info\/wp-content\/uploads\/2012\/05\/libera_de_leonardis-300x201.jpg 300w, https:\/\/archiviogioia.lavocedelpaese.info\/wp-content\/uploads\/2012\/05\/libera_de_leonardis-768x514.jpg 768w\" sizes=\"auto, (max-width: 300px) 100vw, 300px\" \/>antipolitica.<\/p>\n<p style=\"text-align: justify;\">\u201cSpesso parlando di politica percepisco che non incide nella vita del singolo cittadino, che <strong>\u00e8 avulsa e astratta dal viver quotidiano<\/strong>. <strong>Va messa al centro la trasparenza, l\u2019onest\u00e0, l\u2019ottimizzazione delle risorse<\/strong>, soprattutto oggi che quelle da gestire sono poche. Le ansie dei cittadini sono legittime. <b>Pubblicit\u00e0 e trasparenza nella pubblica amministrazione sono previste dalla legge<\/b>, ma <strong>\u00e8 un concetto che deve coniugarsi con quello della partecipazione<\/strong>, cos\u00ec attiviamo politiche trasparenti, diamo vita a un codice etico. <strong>Chi amministra deve essere trasparente<\/strong>, occorre verificare i profili dei candidati, per questo noi abbiamo fatto firmare una autocertificazione\u2026\u201d<\/p>\n<p style=\"text-align: justify;\"><b>Piero Longo<\/b> si sofferma sulla necessit\u00e0 di trovare punti di incontro sul modo di riformare la <img loading=\"lazy\" decoding=\"async\" class=\" alignright size-full wp-image-22519\" style=\"margin: 4px; float: right;\" alt=\"libera longo\" src=\"https:\/\/archiviogioia.lavocedelpaese.info\/wp-content\/uploads\/2012\/05\/libera_longo.jpg\" height=\"201\" width=\"300\" srcset=\"https:\/\/archiviogioia.lavocedelpaese.info\/wp-content\/uploads\/2012\/05\/libera_longo.jpg 960w, https:\/\/archiviogioia.lavocedelpaese.info\/wp-content\/uploads\/2012\/05\/libera_longo-300x201.jpg 300w, https:\/\/archiviogioia.lavocedelpaese.info\/wp-content\/uploads\/2012\/05\/libera_longo-768x514.jpg 768w\" sizes=\"auto, (max-width: 300px) 100vw, 300px\" \/>politica.<\/p>\n<p style=\"text-align: justify;\">\u201c<b>La trasparenza \u00e8 fondamento della democrazia<\/b>. Su metodo, riforma dell\u2019azione amministrativa, legalit\u00e0 e partecipazione democratica, ampio spazio \u00e8 stato dedicato nel nostro programma. Tre gli obiettivi che ci siamo preposti: <strong>interesse pubblico, legalit\u00e0 e partecipazione<\/strong>. Occorre far passare tutto attraverso il Consiglio comunale e poi in Giunta, Nel nostro programma abbiamo individuato tra i provvedimenti da adottare nei primi 100 giorni, il bilancio partecipato. <strong>Adotteremo nuovi regolamenti comunali, stileremo una convenzione con la Prefettura per le certificazioni antimafia<\/strong> delle ditte che partecipano agli appalti ed istituiremo una commissione che vigiler\u00e0 su tutto. Infine indiremo referendum comunali, istituiremo uno sportello telematico, due assessorati saranno itineranti, quello del Commercio e quello Sociale, ci sar\u00e0 la consulta delle associazioni, non solo parole ma fatti.\u201d<\/p>\n<p style=\"text-align: justify;\"><img loading=\"lazy\" decoding=\"async\" class=\" alignleft size-full wp-image-22520\" style=\"margin: 4px; float: left;\" alt=\"libera lucilla\" src=\"https:\/\/archiviogioia.lavocedelpaese.info\/wp-content\/uploads\/2012\/05\/libera_lucilla.jpg\" height=\"201\" width=\"300\" srcset=\"https:\/\/archiviogioia.lavocedelpaese.info\/wp-content\/uploads\/2012\/05\/libera_lucilla.jpg 960w, https:\/\/archiviogioia.lavocedelpaese.info\/wp-content\/uploads\/2012\/05\/libera_lucilla-300x201.jpg 300w, https:\/\/archiviogioia.lavocedelpaese.info\/wp-content\/uploads\/2012\/05\/libera_lucilla-768x514.jpg 768w\" sizes=\"auto, (max-width: 300px) 100vw, 300px\" \/>Per <b>Donato Lucilla<\/b> nonostante buoni principi e leggi, questa trasparenza non viene percepita. \u201c<b>All\u2019idea di trasparenza si contrappone il diritto alla riservatezza<\/b>. <strong>Chi aderisce<\/strong> ad una lista deve informare il gruppo se ci sono provvedimenti in corso a suo carico, se vuol correre <strong>deve rendere pubblica la sua posizione<\/strong>. Viviamo in un momento in cui <strong>il giudizio politico \u00e8 stato sostituito da quello della magistratura<\/strong>. Il cittadino ha diritto di sapere chi sta votando e sentirsi libero in questa sua scelta. Il bilancio interessa tutti, per questo deve essere partecipato, <strong>ogni atto va presentato e discusso con la citt\u00e0 ed essere comprensibile<\/strong>, non \u00e8 facile leggere un bilancio per i non addetti, il linguaggio va semplificato.\u201d<b><img loading=\"lazy\" decoding=\"async\" class=\" alignright size-full wp-image-22521\" style=\"margin: 4px; float: right;\" alt=\"libera povia\" src=\"https:\/\/archiviogioia.lavocedelpaese.info\/wp-content\/uploads\/2012\/05\/libera_povia.jpg\" height=\"265\" width=\"239\" srcset=\"https:\/\/archiviogioia.lavocedelpaese.info\/wp-content\/uploads\/2012\/05\/libera_povia.jpg 863w, https:\/\/archiviogioia.lavocedelpaese.info\/wp-content\/uploads\/2012\/05\/libera_povia-270x300.jpg 270w, https:\/\/archiviogioia.lavocedelpaese.info\/wp-content\/uploads\/2012\/05\/libera_povia-768x854.jpg 768w\" sizes=\"auto, (max-width: 239px) 100vw, 239px\" \/><\/b><\/p>\n<p style=\"text-align: justify;\"><b>Sergio Povia<\/b> concorda sul fatto che il tema sia sentito.<\/p>\n<p style=\"text-align: justify;\">\u201c<b>Lo verifichiamo in tutti i contesti, mi chiedo se trasparenza e partecipazione \u00e8 ci\u00f2 che gli altri vogliono da te o tu rappresenti<\/b>. Dal \u201996 al 2004 ci siamo dotati di un assessorato alla Trasparenza e di un regolamento, le mie dichiarazioni dei redditi sono state rese pubbliche. <strong>Trasparenza \u00e8 mostrare quello che si \u00e8 e che si fa<\/strong>. Tutto quello che ci appare fuori dal coro diventa subito elemento di divisione, per\u00f2 nessuno porta a supporto prove di ci\u00f2. Io sono innamorato delle regole, la legge \u00e8 la stella polare. <b>Gli atti sbagliati sono sanzionabili dalla norma e non da benpensanti moralizzatori<\/b>. Non credo che il 6 e 7 maggio ci sar\u00e0 la lotta del bene contro il male, che tutti siano a posto con la coscienza non spetta a me. Sulla partecipazione potrei fare un appunto: bilancio e urbanistica partecipata\u2026 come le facciamo? <strong>Quel<\/strong> <strong>Consiglio<\/strong> ch<img loading=\"lazy\" decoding=\"async\" class=\" alignleft size-full wp-image-22522\" style=\"margin: 4px; float: left;\" alt=\"libera panoramica2\" src=\"https:\/\/archiviogioia.lavocedelpaese.info\/wp-content\/uploads\/2012\/05\/libera_panoramica2.jpg\" height=\"201\" width=\"300\" srcset=\"https:\/\/archiviogioia.lavocedelpaese.info\/wp-content\/uploads\/2012\/05\/libera_panoramica2.jpg 960w, https:\/\/archiviogioia.lavocedelpaese.info\/wp-content\/uploads\/2012\/05\/libera_panoramica2-300x201.jpg 300w, https:\/\/archiviogioia.lavocedelpaese.info\/wp-content\/uploads\/2012\/05\/libera_panoramica2-768x514.jpg 768w\" sizes=\"auto, (max-width: 300px) 100vw, 300px\" \/>e si costituisce <strong>grazie<\/strong> <strong>alla volont\u00e0 elettorale ha o non ha il diritto di esprimersi?\u201d<\/strong><\/p>\n<p style=\"text-align: justify;\">Per <b>Cobianchi<\/b> la partecipazione cittadina confinata alla mera consultazione non d\u00e0 ai cittadini la possibilit\u00e0 di essere incisivi, n\u00e9 la pubblicazione delle dichiarazioni dei redditi, per quanto atto di trasparenza, potrebbe non contenere dati veritieri.<\/p>\n<p style=\"text-align: justify;\">\u201c<b>La legalit\u00e0 <\/b>&#8211; afferma con convinzione Alessandro &#8211; <b>\u00e8 il feticcio dei politici.<\/b>\u201d<\/p>\n<p style=\"text-align: justify;\"><img loading=\"lazy\" decoding=\"async\" class=\" alignright size-full wp-image-22523\" style=\"margin: 4px; float: right;\" alt=\"libera vinci\" src=\"https:\/\/archiviogioia.lavocedelpaese.info\/wp-content\/uploads\/2012\/05\/libera_vinci.jpg\" height=\"201\" width=\"300\" srcset=\"https:\/\/archiviogioia.lavocedelpaese.info\/wp-content\/uploads\/2012\/05\/libera_vinci.jpg 960w, https:\/\/archiviogioia.lavocedelpaese.info\/wp-content\/uploads\/2012\/05\/libera_vinci-300x201.jpg 300w, https:\/\/archiviogioia.lavocedelpaese.info\/wp-content\/uploads\/2012\/05\/libera_vinci-768x514.jpg 768w\" sizes=\"auto, (max-width: 300px) 100vw, 300px\" \/>Tra gli interventi registrati quello di <b>Vito Vinci<\/b>, preoccupato del fatto che dopo ben due leggi di buona annata (la n. 142 e la n. 241 del \u201990, confluita nella n. 196 del 2003), si parla ancora di diritto alla trasparenza ed <strong>annuncia la volont\u00e0 delle associazioni di rivisitare lo statuto comunale<\/strong> che regola il rapporto tra amministratori ed amministrati,<strong> chiede,<\/strong> inoltre, <strong>per quale motivo nessuna delle amministrazioni abbia nominato un difensore civico<\/strong>.<\/p>\n<p style=\"text-align: justify;\"><b>Erasmo Plantamura<\/b> definisce non la politica ma gli uomini che la praticano malati e chiede consensi per Longo.<\/p>\n<p style=\"text-align: justify;\"><b>Tonia Scarnera<\/b> sull\u2019IMU bis da destinare ad opere pubbliche chiede lumi e quale <img loading=\"lazy\" decoding=\"async\" class=\" alignleft size-full wp-image-22524\" style=\"margin: 4px; float: left;\" alt=\"libera eramo\" src=\"https:\/\/archiviogioia.lavocedelpaese.info\/wp-content\/uploads\/2012\/05\/libera_eramo.jpg\" height=\"201\" width=\"300\" srcset=\"https:\/\/archiviogioia.lavocedelpaese.info\/wp-content\/uploads\/2012\/05\/libera_eramo.jpg 960w, https:\/\/archiviogioia.lavocedelpaese.info\/wp-content\/uploads\/2012\/05\/libera_eramo-300x201.jpg 300w, https:\/\/archiviogioia.lavocedelpaese.info\/wp-content\/uploads\/2012\/05\/libera_eramo-768x514.jpg 768w\" sizes=\"auto, (max-width: 300px) 100vw, 300px\" \/>posizione sar\u00e0 assunta in merito.<\/p>\n<p style=\"text-align: justify;\"><b>Pinuccio Eramo<\/b> chiede alla Dabbicco un <strong>monitoraggio sui programmi<\/strong> dei candidati per valutare se &#8211; a \u201cbocce ferme\u201d &#8211; le promesse fatte saranno mantenute, quindi si rivolge agli aspiranti sindaci: &#8220;<strong>Cosa deciderete sull\u2019IMU?<\/strong>&#8220;<\/p>\n<p style=\"text-align: justify;\"><b>Donato Stoppini<\/b> si sofferma sulla diffusa disaffezione e sfiducia nei confronti della politica.<\/p>\n<p style=\"text-align: justify;\">\u201cC\u2019\u00e8 sempre una motivazione alla base, quale?\u201d<\/p>\n<p style=\"text-align: justify;\"><img loading=\"lazy\" decoding=\"async\" class=\" alignright size-full wp-image-22525\" style=\"margin: 4px; float: right;\" alt=\"libera gasparre\" src=\"https:\/\/archiviogioia.lavocedelpaese.info\/wp-content\/uploads\/2012\/05\/libera_gasparre.jpg\" height=\"201\" width=\"300\" srcset=\"https:\/\/archiviogioia.lavocedelpaese.info\/wp-content\/uploads\/2012\/05\/libera_gasparre.jpg 960w, https:\/\/archiviogioia.lavocedelpaese.info\/wp-content\/uploads\/2012\/05\/libera_gasparre-300x201.jpg 300w, https:\/\/archiviogioia.lavocedelpaese.info\/wp-content\/uploads\/2012\/05\/libera_gasparre-768x514.jpg 768w\" sizes=\"auto, (max-width: 300px) 100vw, 300px\" \/>Quindi <strong>rimarca i tanti buoni propositi contenuti nei programmi<\/strong> che sembrano fotocopie, <strong>che<\/strong> puntualmente <strong>restano \u201cparole\u201d senza concretizzarsi in fatti.<\/strong><\/p>\n<p style=\"text-align: justify;\">L\u2019architetto <b>Vito Angelillo<\/b> chiede lumi sui tempi di approvazione del progetto di rigenerazione urbana (soli cinque giorni) mentre <b>Federico Milano<\/b> propone l\u2019uso della macchina della verit\u00e0 sugli aspiranti consiglieri, scatenando l\u2019ilarit\u00e0 del pubblico.<\/p>\n<p style=\"text-align: justify;\"><b>Giorgio Gasparre<\/b> chiede agli aspiranti sindaci se possono fare un esempio di <strong>comportamento mafiogeno in politica<\/strong>.<\/p>\n<p style=\"text-align: justify;\"><b><img loading=\"lazy\" decoding=\"async\" class=\" alignleft size-full wp-image-22526\" style=\"margin: 4px; float: left;\" alt=\"libera falcone\" src=\"https:\/\/archiviogioia.lavocedelpaese.info\/wp-content\/uploads\/2012\/05\/libera_falcone.jpg\" height=\"213\" width=\"300\" srcset=\"https:\/\/archiviogioia.lavocedelpaese.info\/wp-content\/uploads\/2012\/05\/libera_falcone.jpg 960w, https:\/\/archiviogioia.lavocedelpaese.info\/wp-content\/uploads\/2012\/05\/libera_falcone-300x213.jpg 300w, https:\/\/archiviogioia.lavocedelpaese.info\/wp-content\/uploads\/2012\/05\/libera_falcone-768x544.jpg 768w\" sizes=\"auto, (max-width: 300px) 100vw, 300px\" \/>Giovanni Falcone<\/b> afferma che n<strong>elle dichiarazioni pubblicate non ci sono i nomi dei prestanome cui vengono intestate le propriet\u00e0<\/strong> e chiede se ogni candidato sindaco pu\u00f2 garantire per la coalizione che lo sostiene che lo scambio sia libero.<\/p>\n<p style=\"text-align: justify;\"><b>Mauro Mastrovito<\/b> suggerisce di mettere <strong>dirigenti e amministratori a confronto<\/strong>, la parte politica deve svolgere il proprio ruolo e quindi operare un puntuale controllo.<\/p>\n<p style=\"text-align: justify;\">\u201c<strong>Le giunte su temi specifici devono valutare le varie opzioni esaminate agli uffici, affinch\u00e9 i dirigenti operino nel senso e nel solco tracciato dal politico.<\/strong> Questa \u00e8 trasparenza per il cittadino, senza di essa c\u2019\u00e8 il rimpallo delle responsabilit\u00e0.\u201d<\/p>\n<p style=\"text-align: justify;\"><img loading=\"lazy\" decoding=\"async\" class=\" alignright size-full wp-image-22527\" style=\"margin: 4px; float: right;\" alt=\"candidati sindaci libera\" src=\"https:\/\/archiviogioia.lavocedelpaese.info\/wp-content\/uploads\/2012\/05\/candidati_sindaci_libera.jpg\" height=\"201\" width=\"300\" srcset=\"https:\/\/archiviogioia.lavocedelpaese.info\/wp-content\/uploads\/2012\/05\/candidati_sindaci_libera.jpg 960w, https:\/\/archiviogioia.lavocedelpaese.info\/wp-content\/uploads\/2012\/05\/candidati_sindaci_libera-300x201.jpg 300w, https:\/\/archiviogioia.lavocedelpaese.info\/wp-content\/uploads\/2012\/05\/candidati_sindaci_libera-768x514.jpg 768w\" sizes=\"auto, (max-width: 300px) 100vw, 300px\" \/>Rispondere a cos\u00ec tante domande e in pochi minuti si rivela sin dall\u2019inizio impresa decisamente ardua.<\/p>\n<p style=\"text-align: justify;\"><b>Enzo Cuscito<\/b> ritiene che la disaffezione nasca dalla malpolitica nella quale si rispecchiano i cittadini che scelgono il voto di scambio.<\/p>\n<p style=\"text-align: justify;\">\u201cPer crescere occorre partire dal basso, dal bene comune, altrimenti gli ospedali si chiudono, le scuole non hanno strumenti\u2026 <strong>il nostro voto incide molto sulla qualit\u00e0 dei politici.<\/strong>\u201d<\/p>\n<p style=\"text-align: justify;\"><b>Claudio De Leonardis<\/b> ritorna sul potere esercitato dal Consiglio democraticamente eletto e sulla <strong>consultazione popolare<\/strong> su argomenti di grande interesse e sulle opportunit\u00e0 perse attraverso lo strumento dei project financing.<\/p>\n<p style=\"text-align: justify;\"><b><img loading=\"lazy\" decoding=\"async\" class=\" alignleft size-full wp-image-22528\" style=\"margin: 4px; float: left;\" alt=\"candidati sindaci2 libera\" src=\"https:\/\/archiviogioia.lavocedelpaese.info\/wp-content\/uploads\/2012\/05\/candidati_sindaci2_libera.jpg\" height=\"201\" width=\"300\" srcset=\"https:\/\/archiviogioia.lavocedelpaese.info\/wp-content\/uploads\/2012\/05\/candidati_sindaci2_libera.jpg 960w, https:\/\/archiviogioia.lavocedelpaese.info\/wp-content\/uploads\/2012\/05\/candidati_sindaci2_libera-300x201.jpg 300w, https:\/\/archiviogioia.lavocedelpaese.info\/wp-content\/uploads\/2012\/05\/candidati_sindaci2_libera-768x514.jpg 768w\" sizes=\"auto, (max-width: 300px) 100vw, 300px\" \/>Piero Longo<\/b> accenna ad un monitoraggio sui provvedimenti proposti nei programmi, <strong>investe su competenze, consulte e osservatori, su codici di comportamento che evitino nomadismi politici.<\/strong> Afferma che il difensore civico non \u00e8 pi\u00f9 previsto, ma si pu\u00f2 sostituire con un osservatorio sulla legalit\u00e0 e una consulta delle associazioni. Ad <b>Angelillo<\/b> risponde che <strong>il progetto di rigenerazione urbana fu approvato frettolosamente<\/strong>, in pochi giorni, perch\u00e9 <strong>si rischiava di perdere i finanziamenti<\/strong>.<\/p>\n<p style=\"text-align: justify;\"><b>Donato Lucilla<\/b> suggerisce di <strong>sostituire dirigenti nominati da politici con personale amministrativo assunto tramite concorso<\/strong>, dotato di visione strategica con <strong>funzione di controllo separata<\/strong> da quella di chi svolge il lavoro. In questa \u201cautoverifica\u201d il limite della <img loading=\"lazy\" decoding=\"async\" class=\" alignright size-full wp-image-22234\" style=\"margin: 4px; float: right;\" alt=\"libera-e-sindaci-pp\" src=\"https:\/\/archiviogioia.lavocedelpaese.info\/wp-content\/uploads\/2012\/04\/libera-e-sindaci-pp.jpg\" height=\"150\" width=\"320\" srcset=\"https:\/\/archiviogioia.lavocedelpaese.info\/wp-content\/uploads\/2012\/04\/libera-e-sindaci-pp.jpg 320w, https:\/\/archiviogioia.lavocedelpaese.info\/wp-content\/uploads\/2012\/04\/libera-e-sindaci-pp-300x141.jpg 300w\" sizes=\"auto, (max-width: 320px) 100vw, 320px\" \/>linea gerarchica. <strong>Riguardo agli atteggiamenti mafiogeni<\/strong> uno eclatante \u00e8 a suo avviso l<strong>a figura \u201cprezzolata\u201d del rappresentante di lista.<\/strong><\/p>\n<p style=\"text-align: justify;\">\u201cChi \u00e8 vicino ad un movimento &#8211; precisa Lucilla &#8211; dovrebbe prestare gratuitamente il proprio impegno. <strong>Pu\u00f2 esser considerato un comportamento legittimo, ma di fatto \u00e8 estremamente scorretto.<\/strong>\u201d<\/p>\n<p style=\"text-align: justify;\"><b>Povia<\/b> in riferimento <b>all\u2019IMU bis afferma che \u00e8 legittimo applicarla per dare il via ad opere pubbliche<\/b>. Sui comportamenti mafiogeni confessa di non poterne pi\u00f9.<\/p>\n<p style=\"text-align: justify;\"><img loading=\"lazy\" decoding=\"async\" class=\" alignleft size-full wp-image-20215\" style=\"margin: 4px; float: left;\" alt=\"mastrovito-vito-intervista\" src=\"https:\/\/archiviogioia.lavocedelpaese.info\/wp-content\/uploads\/2012\/02\/mastrovito-vito-intervista.jpg\" height=\"169\" width=\"300\" srcset=\"https:\/\/archiviogioia.lavocedelpaese.info\/wp-content\/uploads\/2012\/02\/mastrovito-vito-intervista.jpg 472w, https:\/\/archiviogioia.lavocedelpaese.info\/wp-content\/uploads\/2012\/02\/mastrovito-vito-intervista-300x169.jpg 300w\" sizes=\"auto, (max-width: 300px) 100vw, 300px\" \/>\u201c\u2026 <strong>O un comportamento \u00e8 legittimo e legale o va denunciato, la norma o la infrangi o la rispetti.<\/strong> Non abbiamo un difensore civico perch\u00e9 la norma non lo prevede. Se non c\u2019\u00e8 un vincolo di mandato, io rivendico la mia coalizione. Dal 2004 al 2007 <b>Vito Mastrovito<\/b> ha cambiato tre giunte devastando il tessuto politico. Longo \u00e8 caduto perch\u00e9 otto consiglieri su 11 hanno deciso che doveva andare a casa.\u201d<\/p>\n<p style=\"text-align: justify;\"><strong>Ultima parola a Cobianchi<\/strong>, di cui la commissario Dabbicco condivide a pieno il pensiero.<\/p>\n<p style=\"text-align: justify;\">\u201c<b>La societ\u00e0 civile esprime i suoi rappresentanti nel bene e nel male<\/b>, tangentopoli \u00e8 <img loading=\"lazy\" decoding=\"async\" class=\" alignright size-full wp-image-17659\" style=\"margin: 4px; float: right;\" alt=\"elezioni-comunali2012-pp\" src=\"https:\/\/archiviogioia.lavocedelpaese.info\/wp-content\/uploads\/2011\/12\/elezioni-comunali2012-pp.jpg\" height=\"150\" width=\"320\" srcset=\"https:\/\/archiviogioia.lavocedelpaese.info\/wp-content\/uploads\/2011\/12\/elezioni-comunali2012-pp.jpg 320w, https:\/\/archiviogioia.lavocedelpaese.info\/wp-content\/uploads\/2011\/12\/elezioni-comunali2012-pp-300x141.jpg 300w\" sizes=\"auto, (max-width: 320px) 100vw, 320px\" \/>stata un\u2019occasione mancata. Prima eravamo meno infetti, ci vergognavamo di determinati politici, dei loro atti, della corruzione\u2026 <b>Oggi cosa deve accadere perch\u00e9 si provi vergogna?\u201c<\/b><\/p>\n<p style=\"text-align: justify;\"><b>Una domanda cui rispondere tornando ad essere cittadini e non sudditi, votando secondo coscienza, <\/b>senza condizionamenti, <strong>ritrovando l&#8217;orgoglio di<\/strong> <b>rispecchiarsi nella politica <\/b>dopo aver subito tante onte da&nbsp; non aver neanche pi\u00f9 la forza di provar vergogna.<\/p>\n<p>&nbsp;<\/p>\n","protected":false},"excerpt":{"rendered":"","protected":false},"author":1,"featured_media":22512,"comment_status":"open","ping_status":"closed","sticky":false,"template":"","format":"standard","meta":{"colormag_page_container_layout":"default_layout","colormag_page_sidebar_layout":"default_layout","footnotes":""},"categories":[4],"tags":[],"class_list":["post-22529","post","type-post","status-publish","format-standard","has-post-thumbnail","hentry","category-politica"],"_links":{"self":[{"href":"https:\/\/archiviogioia.lavocedelpaese.info\/index.php?rest_route=\/wp\/v2\/posts\/22529","targetHints":{"allow":["GET"]}}],"collection":[{"href":"https:\/\/archiviogioia.lavocedelpaese.info\/index.php?rest_route=\/wp\/v2\/posts"}],"about":[{"href":"https:\/\/archiviogioia.lavocedelpaese.info\/index.php?rest_route=\/wp\/v2\/types\/post"}],"author":[{"embeddable":true,"href":"https:\/\/archiviogioia.lavocedelpaese.info\/index.php?rest_route=\/wp\/v2\/users\/1"}],"replies":[{"embeddable":true,"href":"https:\/\/archiviogioia.lavocedelpaese.info\/index.php?rest_route=%2Fwp%2Fv2%2Fcomments&post=22529"}],"version-history":[{"count":0,"href":"https:\/\/archiviogioia.lavocedelpaese.info\/index.php?rest_route=\/wp\/v2\/posts\/22529\/revisions"}],"wp:featuredmedia":[{"embeddable":true,"href":"https:\/\/archiviogioia.lavocedelpaese.info\/index.php?rest_route=\/wp\/v2\/media\/22512"}],"wp:attachment":[{"href":"https:\/\/archiviogioia.lavocedelpaese.info\/index.php?rest_route=%2Fwp%2Fv2%2Fmedia&parent=22529"}],"wp:term":[{"taxonomy":"category","embeddable":true,"href":"https:\/\/archiviogioia.lavocedelpaese.info\/index.php?rest_route=%2Fwp%2Fv2%2Fcategories&post=22529"},{"taxonomy":"post_tag","embeddable":true,"href":"https:\/\/archiviogioia.lavocedelpaese.info\/index.php?rest_route=%2Fwp%2Fv2%2Ftags&post=22529"}],"curies":[{"name":"wp","href":"https:\/\/api.w.org\/{rel}","templated":true}]}}