{"id":22885,"date":"2012-05-14T03:47:41","date_gmt":"2012-05-14T03:47:41","guid":{"rendered":"https:\/\/archiviogioia.lavocedelpaese.info\/?p=22885"},"modified":"2012-05-14T03:47:41","modified_gmt":"2012-05-14T03:47:41","slug":"studenti-carano-donano-fondi-al-canile-comunale","status":"publish","type":"post","link":"https:\/\/archiviogioia.lavocedelpaese.info\/?p=22885","title":{"rendered":"STUDENTI CARANO DONANO FONDI AL CANILE COMUNALE"},"content":{"rendered":"<p><img loading=\"lazy\" decoding=\"async\" class=\" size-full wp-image-22881\" style=\"margin-right: 2px; margin-left: 2px;\" alt=\"carano-colletta-canile-pp\" src=\"https:\/\/archiviogioia.lavocedelpaese.info\/wp-content\/uploads\/2012\/05\/carano-colletta-canile-pp.png\" height=\"150\" width=\"320\" srcset=\"https:\/\/archiviogioia.lavocedelpaese.info\/wp-content\/uploads\/2012\/05\/carano-colletta-canile-pp.png 640w, https:\/\/archiviogioia.lavocedelpaese.info\/wp-content\/uploads\/2012\/05\/carano-colletta-canile-pp-300x141.png 300w\" sizes=\"auto, (max-width: 320px) 100vw, 320px\" \/><\/p>\n<p><!--more--><\/p>\n<p style=\"margin-bottom: 0.0001pt; line-height: normal; text-align: justify;\"><b><img loading=\"lazy\" decoding=\"async\" class=\" alignleft size-full wp-image-22883\" style=\"margin: 4px; float: left;\" alt=\"carano-canile-fondi\" src=\"https:\/\/archiviogioia.lavocedelpaese.info\/wp-content\/uploads\/2012\/05\/carano-canile-fondi.jpg\" height=\"245\" width=\"183\" srcset=\"https:\/\/archiviogioia.lavocedelpaese.info\/wp-content\/uploads\/2012\/05\/carano-canile-fondi.jpg 354w, https:\/\/archiviogioia.lavocedelpaese.info\/wp-content\/uploads\/2012\/05\/carano-canile-fondi-225x300.jpg 225w\" sizes=\"auto, (max-width: 183px) 100vw, 183px\" \/>E&#8217; bene segnalare<\/b>, fra le tante notizie negative che ci giungono da ogni parte, almeno una positiva che riguarda <b>una donazione effettuata in favore del canile comunale da parte di alcuni studenti<\/b> della <b>scuola<\/b> &#8220;<b>Media Statale Carano<\/b>&#8221;&nbsp; e precisamente delle sezioni 1^ A &#8211; B-F G, 2^ C -D-E-F-G- 3^B-D&nbsp; <b>che insieme alle loro prof.sse<\/b>&nbsp; <b>Pace e Montinari<\/b> <b>hanno raccolto<\/b> la ragguardevole somma di&nbsp;<b>197,72 euro<\/b>.<\/p>\n<p style=\"margin-bottom: 0.0001pt; line-height: normal; text-align: justify;\">Naturalmente <b>tutto ci\u00f2 \u00e8 avvenuto grazie alla disponibilit\u00e0 del Dirigente Scolastico<\/b> Dott. <b>Giovanni Stano<\/b> che ha permesso hai ragazzi, accompagnati dalla prof.ssa Grazia Pace, di avvicinarsi alla realt\u00e0 del canile comunale e vivere da vicino il rapporto uomo-animale che caratterizza non solo il nostro vivere civile ma denota la maturit\u00e0 di una societ\u00e0.<\/p>\n<p style=\"margin-bottom: 0.0001pt; line-height: normal; text-align: justify;\"><b>Grazie e un bau&nbsp;da tutti gli amici a quattro zampe<\/b>.<\/p>\n<p style=\"margin-bottom: 0.0001pt; line-height: normal; text-align: justify;\"><img loading=\"lazy\" decoding=\"async\" class=\" size-full wp-image-22884\" style=\"margin: 2px; vertical-align: middle;\" alt=\"carano-canile-2fondi\" src=\"https:\/\/archiviogioia.lavocedelpaese.info\/wp-content\/uploads\/2012\/05\/carano-canile-2fondi.jpg\" height=\"354\" width=\"472\" srcset=\"https:\/\/archiviogioia.lavocedelpaese.info\/wp-content\/uploads\/2012\/05\/carano-canile-2fondi.jpg 472w, https:\/\/archiviogioia.lavocedelpaese.info\/wp-content\/uploads\/2012\/05\/carano-canile-2fondi-300x225.jpg 300w\" sizes=\"auto, (max-width: 472px) 100vw, 472px\" \/><\/p>\n<p>&nbsp;<\/p>\n","protected":false},"excerpt":{"rendered":"","protected":false},"author":1,"featured_media":22882,"comment_status":"open","ping_status":"closed","sticky":false,"template":"","format":"standard","meta":{"colormag_page_container_layout":"default_layout","colormag_page_sidebar_layout":"default_layout","footnotes":""},"categories":[7],"tags":[],"class_list":["post-22885","post","type-post","status-publish","format-standard","has-post-thumbnail","hentry","category-attualita"],"_links":{"self":[{"href":"https:\/\/archiviogioia.lavocedelpaese.info\/index.php?rest_route=\/wp\/v2\/posts\/22885","targetHints":{"allow":["GET"]}}],"collection":[{"href":"https:\/\/archiviogioia.lavocedelpaese.info\/index.php?rest_route=\/wp\/v2\/posts"}],"about":[{"href":"https:\/\/archiviogioia.lavocedelpaese.info\/index.php?rest_route=\/wp\/v2\/types\/post"}],"author":[{"embeddable":true,"href":"https:\/\/archiviogioia.lavocedelpaese.info\/index.php?rest_route=\/wp\/v2\/users\/1"}],"replies":[{"embeddable":true,"href":"https:\/\/archiviogioia.lavocedelpaese.info\/index.php?rest_route=%2Fwp%2Fv2%2Fcomments&post=22885"}],"version-history":[{"count":0,"href":"https:\/\/archiviogioia.lavocedelpaese.info\/index.php?rest_route=\/wp\/v2\/posts\/22885\/revisions"}],"wp:featuredmedia":[{"embeddable":true,"href":"https:\/\/archiviogioia.lavocedelpaese.info\/index.php?rest_route=\/wp\/v2\/media\/22882"}],"wp:attachment":[{"href":"https:\/\/archiviogioia.lavocedelpaese.info\/index.php?rest_route=%2Fwp%2Fv2%2Fmedia&parent=22885"}],"wp:term":[{"taxonomy":"category","embeddable":true,"href":"https:\/\/archiviogioia.lavocedelpaese.info\/index.php?rest_route=%2Fwp%2Fv2%2Fcategories&post=22885"},{"taxonomy":"post_tag","embeddable":true,"href":"https:\/\/archiviogioia.lavocedelpaese.info\/index.php?rest_route=%2Fwp%2Fv2%2Ftags&post=22885"}],"curies":[{"name":"wp","href":"https:\/\/api.w.org\/{rel}","templated":true}]}}