{"id":23320,"date":"2012-05-26T05:36:54","date_gmt":"2012-05-26T05:36:54","guid":{"rendered":"https:\/\/archiviogioia.lavocedelpaese.info\/?p=23320"},"modified":"2012-05-26T05:36:54","modified_gmt":"2012-05-26T05:36:54","slug":"la-fenice-masterclass-e-saggio-con-tiziana-ghiglioni-2","status":"publish","type":"post","link":"https:\/\/archiviogioia.lavocedelpaese.info\/?p=23320","title":{"rendered":"LA FENICE: MASTERCLASS E SAGGIO CON TIZIANA GHIGLIONI"},"content":{"rendered":"<p><img loading=\"lazy\" decoding=\"async\" class=\" size-full wp-image-23293\" style=\"margin-right: 2px; margin-left: 2px;\" alt=\"tiziana-ghiglioni-pp\" src=\"https:\/\/archiviogioia.lavocedelpaese.info\/wp-content\/uploads\/2012\/05\/tiziana-ghiglioni-pp.jpg\" height=\"150\" width=\"320\" srcset=\"https:\/\/archiviogioia.lavocedelpaese.info\/wp-content\/uploads\/2012\/05\/tiziana-ghiglioni-pp.jpg 640w, https:\/\/archiviogioia.lavocedelpaese.info\/wp-content\/uploads\/2012\/05\/tiziana-ghiglioni-pp-300x141.jpg 300w\" sizes=\"auto, (max-width: 320px) 100vw, 320px\" \/><\/p>\n<p><!--more--><\/p>\n<p style=\"margin-bottom: 0.0001pt; text-align: justify; line-height: normal;\"><span style=\"color: black;\"><img loading=\"lazy\" decoding=\"async\" class=\" alignleft size-full wp-image-23294\" style=\"margin: 4px; float: left;\" alt=\"Copia-di-LOC-CONCERTO-BENEFICENZA-web\" src=\"https:\/\/archiviogioia.lavocedelpaese.info\/wp-content\/uploads\/2012\/05\/Copia-di-LOC-CONCERTO-BENEFICENZA-web.jpg\" height=\"314\" width=\"220\" srcset=\"https:\/\/archiviogioia.lavocedelpaese.info\/wp-content\/uploads\/2012\/05\/Copia-di-LOC-CONCERTO-BENEFICENZA-web.jpg 331w, https:\/\/archiviogioia.lavocedelpaese.info\/wp-content\/uploads\/2012\/05\/Copia-di-LOC-CONCERTO-BENEFICENZA-web-210x300.jpg 210w\" sizes=\"auto, (max-width: 220px) 100vw, 220px\" \/>Il 22 giugno 2012 <b>la Masterclass<\/b> con <strong>Tiziana Ghiglioni<\/strong> presso l\u2019Associazione musico-culturale <strong>\u201cLA FENICE\u201d<\/strong> che da oltre dieci anni opera nel campo musicale, diretta magistralmente dal musicista <b>Paolo D\u2019Ascanio<\/b>.<\/span><\/p>\n<p style=\"margin-bottom: 0.0001pt; text-align: justify; line-height: normal;\"><span style=\"color: black;\">Questa masterclass \u00e8 un\u2019opportunit\u00e0 artistica di alto livello non solo per i cantanti ma anche per i gli strumentisti che hanno desiderio di conoscere il jazz anche per la prima volta dal punto di vista storico e stilistico. La presenza della cantante <b>Tiziana Ghiglioni<\/b>, che ha dato lustro all\u2019Italia nel mondo collaborando con i pi\u00f9 grandi del panorama jazzistico e distinguendosi per il suo talento e la sua preparazione, faciliter\u00e0 l\u2019apprendimento di quei concetti base sullo stile, che arricchiranno il background musicale di tutti i partecipanti. Sar\u00e0 coadiuvata dall\u2019insegnante di canto della fenice <b>Tea Baldini <img loading=\"lazy\" decoding=\"async\" class=\" alignright size-full wp-image-23296\" style=\"margin: 4px; float: right;\" alt=\"Copia di loc rosa web\" src=\"https:\/\/archiviogioia.lavocedelpaese.info\/wp-content\/uploads\/2012\/05\/Copia_di_loc_rosa_web.jpg\" height=\"314\" width=\"220\" srcset=\"https:\/\/archiviogioia.lavocedelpaese.info\/wp-content\/uploads\/2012\/05\/Copia_di_loc_rosa_web.jpg 886w, https:\/\/archiviogioia.lavocedelpaese.info\/wp-content\/uploads\/2012\/05\/Copia_di_loc_rosa_web-210x300.jpg 210w, https:\/\/archiviogioia.lavocedelpaese.info\/wp-content\/uploads\/2012\/05\/Copia_di_loc_rosa_web-717x1024.jpg 717w, https:\/\/archiviogioia.lavocedelpaese.info\/wp-content\/uploads\/2012\/05\/Copia_di_loc_rosa_web-768x1097.jpg 768w\" sizes=\"auto, (max-width: 220px) 100vw, 220px\" \/>Anastasio<\/b>. <span style=\"color: black;\">Tutto questo \u00e8 stato possibile grazie ad un meticoloso e non semplice lavoro di gruppo (Paolo D\u2019Ascanio, Tea Baldini<strong> Anastasio, Angela Denora<\/strong> e la responsabile della segreteria), nell\u2019ottica di non volersi chiudere a riccio, ma anzi di cercare un confronto stimolante, <span style=\"color: black;\">aumentando e allargando sempre pi\u00f9 la qualit\u00e0 delle nostre proposte artistiche<span style=\"color: black;\"> <span style=\"color: black;\">per chi ci segue dai nostri primi passi e per chi volesse imparare a conoscerci.<\/span><\/span><\/span><\/span><\/span><\/p>\n<p style=\"margin-bottom: 0.0001pt; text-align: justify; line-height: normal;\"><span style=\"color: black;\">La proposta si articoler\u00e0 anche con un Concerto <b>di Tiziana Ghiglioni <\/b>il <b>22 giugno alle 21.00 presso il teatro Rossini di Gioia del Colle, sar\u00e0 accompagnata da Paolo D\u2019Ascanio al pianoforte e fisarmonica, Sergio Langella al pianoforte e Tea Baldini Anastasio alla voce. <\/b><\/span><span style=\"color: black;\">Uno spettacolo che far\u00e0 sicuramente parlare per la singolarit\u00e0 del repertorio scelto, per essere trascinati dalla una delle voci pi\u00f9 importanti del jazz italiano, una voce flessibile quella di Tiziana Ghiglioni, a tratti dolce, a tratti forte, in grado di attingere al blues, al ragtime e alla tradizione jazzistica e di offrire al pubblico suggestioni originali e uniche. Aggiungendo ancora colore e spessore al lavoro della Fenice, Tiziana Ghiglioni presenzier\u00e0 al <b>Saggio il 23 e 24 giugno 2012 presso il piazzale del Crocifisso.<\/b><\/span><\/p>\n<p>&nbsp;<\/p>\n","protected":false},"excerpt":{"rendered":"","protected":false},"author":1,"featured_media":23293,"comment_status":"open","ping_status":"closed","sticky":false,"template":"","format":"standard","meta":{"colormag_page_container_layout":"default_layout","colormag_page_sidebar_layout":"default_layout","footnotes":""},"categories":[7],"tags":[],"class_list":["post-23320","post","type-post","status-publish","format-standard","has-post-thumbnail","hentry","category-attualita"],"_links":{"self":[{"href":"https:\/\/archiviogioia.lavocedelpaese.info\/index.php?rest_route=\/wp\/v2\/posts\/23320","targetHints":{"allow":["GET"]}}],"collection":[{"href":"https:\/\/archiviogioia.lavocedelpaese.info\/index.php?rest_route=\/wp\/v2\/posts"}],"about":[{"href":"https:\/\/archiviogioia.lavocedelpaese.info\/index.php?rest_route=\/wp\/v2\/types\/post"}],"author":[{"embeddable":true,"href":"https:\/\/archiviogioia.lavocedelpaese.info\/index.php?rest_route=\/wp\/v2\/users\/1"}],"replies":[{"embeddable":true,"href":"https:\/\/archiviogioia.lavocedelpaese.info\/index.php?rest_route=%2Fwp%2Fv2%2Fcomments&post=23320"}],"version-history":[{"count":0,"href":"https:\/\/archiviogioia.lavocedelpaese.info\/index.php?rest_route=\/wp\/v2\/posts\/23320\/revisions"}],"wp:featuredmedia":[{"embeddable":true,"href":"https:\/\/archiviogioia.lavocedelpaese.info\/index.php?rest_route=\/wp\/v2\/media\/23293"}],"wp:attachment":[{"href":"https:\/\/archiviogioia.lavocedelpaese.info\/index.php?rest_route=%2Fwp%2Fv2%2Fmedia&parent=23320"}],"wp:term":[{"taxonomy":"category","embeddable":true,"href":"https:\/\/archiviogioia.lavocedelpaese.info\/index.php?rest_route=%2Fwp%2Fv2%2Fcategories&post=23320"},{"taxonomy":"post_tag","embeddable":true,"href":"https:\/\/archiviogioia.lavocedelpaese.info\/index.php?rest_route=%2Fwp%2Fv2%2Ftags&post=23320"}],"curies":[{"name":"wp","href":"https:\/\/api.w.org\/{rel}","templated":true}]}}