{"id":23451,"date":"2012-06-01T04:29:24","date_gmt":"2012-06-01T04:29:24","guid":{"rendered":"https:\/\/archiviogioia.lavocedelpaese.info\/?p=23451"},"modified":"2012-06-01T04:29:24","modified_gmt":"2012-06-01T04:29:24","slug":"padre-ogliari-la-magia-del-tempo-e-dello-spazio-fotovideo","status":"publish","type":"post","link":"https:\/\/archiviogioia.lavocedelpaese.info\/?p=23451","title":{"rendered":"PADRE OGLIARI \u201cLA MAGIA DEL TEMPO E DELLO SPAZIO\u201d-foto\/video"},"content":{"rendered":"<p style=\"margin-bottom: 0.0001pt; text-align: justify; line-height: normal;\"><img loading=\"lazy\" decoding=\"async\" class=\" size-full wp-image-23442\" style=\"margin-right: 2px; margin-left: 2px;\" alt=\"ogliari-tavolo-relatori-pp\" src=\"https:\/\/archiviogioia.lavocedelpaese.info\/wp-content\/uploads\/2012\/06\/ogliari-tavolo-relatori-pp.jpg\" height=\"150\" width=\"320\" srcset=\"https:\/\/archiviogioia.lavocedelpaese.info\/wp-content\/uploads\/2012\/06\/ogliari-tavolo-relatori-pp.jpg 640w, https:\/\/archiviogioia.lavocedelpaese.info\/wp-content\/uploads\/2012\/06\/ogliari-tavolo-relatori-pp-300x141.jpg 300w\" sizes=\"auto, (max-width: 320px) 100vw, 320px\" \/><\/p>\n<p><!--more--><\/p>\n<p style=\"margin-bottom: 0.0001pt; text-align: justify; line-height: normal;\"><b><img loading=\"lazy\" decoding=\"async\" class=\" alignleft size-full wp-image-23444\" style=\"margin: 4px; float: left;\" alt=\"ogliari-relatori\" src=\"https:\/\/archiviogioia.lavocedelpaese.info\/wp-content\/uploads\/2012\/06\/ogliari-relatori.jpg\" height=\"254\" width=\"300\" srcset=\"https:\/\/archiviogioia.lavocedelpaese.info\/wp-content\/uploads\/2012\/06\/ogliari-relatori.jpg 472w, https:\/\/archiviogioia.lavocedelpaese.info\/wp-content\/uploads\/2012\/06\/ogliari-relatori-300x254.jpg 300w\" sizes=\"auto, (max-width: 300px) 100vw, 300px\" \/>Una riflessione sulla concezione monastico benedettina del tempo e dello spazio<\/b>, <b>utile all\u2019uomo odierno<\/b>, sopraffatto dai molti impegni che scandiscono la sua esistenza secondo i ritmi \u201crapidizzati\u201d della societ\u00e0 contemporanea, <b>a ritrovar se stesso<\/b>, a orientarsi nella vita riconoscendo i propri ritmi interiori. <b>E\u2019 questo e molto pi\u00f9 l\u2019opera \u201cTempo e Spazio \u2013 Alla scuola di San Benedetto\u201d di Dom Donato Ogliari<\/b>, Abate del Monastero \u201cMadonna della Scala\u201d di Noci, <b>egregiamente presentata dal giornalista e scrittore Onofrio Pagone<\/b> durante un incontro organizzato dal Lions Club \u201cMonte Johe\u201d, il 30 maggio presso il Chiostro di Palazzo San Domenico.<\/p>\n<p style=\"margin-bottom: 0.0001pt; text-align: justify; line-height: normal;\"><b>Al benvenuto del cerimoniere Domenico Bianco<\/b> e al classico tocco di campana <b>del Presidente Giovanni Carnevale<\/b>, <b>\u00e8 seguito il saluto del neosindaco Sergio Povia<\/b>, che si \u00e8 dichiarato felice di constatare come, in un mondo sempre pi\u00f9 velocizzato, un libro r<b><img loading=\"lazy\" decoding=\"async\" class=\" alignright size-full wp-image-23445\" style=\"margin: 4px; float: right;\" alt=\"Onofrio-Pagone\" src=\"https:\/\/archiviogioia.lavocedelpaese.info\/wp-content\/uploads\/2012\/06\/Onofrio-Pagone.jpg\" height=\"244\" width=\"200\" srcset=\"https:\/\/archiviogioia.lavocedelpaese.info\/wp-content\/uploads\/2012\/06\/Onofrio-Pagone.jpg 387w, https:\/\/archiviogioia.lavocedelpaese.info\/wp-content\/uploads\/2012\/06\/Onofrio-Pagone-246x300.jpg 246w\" sizes=\"auto, (max-width: 200px) 100vw, 200px\" \/><\/b>appresenti ancora un interessante spazio di riflessione. L\u2019incontro \u00e8 stato <b>moderato dall\u2019avvocato Lucio Romano<\/b>, profondamente <b>affascinato dalla lettura del volume<\/b> di Padre Donato Ogliari, definito come uno \u201cscrigno prezioso\u201d <b>che<\/b>, ha aggiunto Onofrio Pagone, \u201c<b>apre squarci di luce sugli attuali ritmi di vita, individuale e sociale<\/b>\u201d.<\/p>\n<p style=\"margin-bottom: 0.0001pt; text-align: justify; line-height: normal;\"><b>Un libro che riflette sapientemente sulla magia del tempo e dello spazio<\/b>, nelle diverse percezioni che ne hanno il laico e il religioso. Pagone conduce quindi l\u2019uditorio attraverso le pagine dell\u2019opera, interrogandosi sui perch\u00e9 della scelta di San Benedetto di ritirarsi a vita monastica, che ha ispirato uomini d\u2019ogni tempo. Rispondere a tale quesito significa esplicare il significato che il tempo e lo spazio hanno al di l\u00e0 dell\u2019esperienza finita della vita umana.<\/p>\n<p style=\"margin-bottom: 0.0001pt; text-align: justify; line-height: normal;\"><b>Essi sono, so<\/b><img loading=\"lazy\" decoding=\"async\" class=\" alignleft size-full wp-image-23447\" style=\"margin: 4px; float: left;\" alt=\"Lucio-Romano\" src=\"https:\/\/archiviogioia.lavocedelpaese.info\/wp-content\/uploads\/2012\/06\/Lucio-Romano.jpg\" height=\"217\" width=\"200\" srcset=\"https:\/\/archiviogioia.lavocedelpaese.info\/wp-content\/uploads\/2012\/06\/Lucio-Romano.jpg 435w, https:\/\/archiviogioia.lavocedelpaese.info\/wp-content\/uploads\/2012\/06\/Lucio-Romano-276x300.jpg 276w\" sizes=\"auto, (max-width: 200px) 100vw, 200px\" \/><b>stiene Pagone, \u201cle componenti fondative della vita dell\u2019uomo, le sue coordinate esistenziali\u201d<\/b>. Eppure \u201cviviamo il tempo in maniera talmente accelerata che ci\u00f2 genera in noi un profondo senso di insoddisfazione\u201d. <b>La consuetudine oramai consolidata di misurare il tempo, di cui l\u2019individuo non \u00e8 padrone<\/b>, fa di esso un nemico dell\u2019uomo, che cade prigioniero di un calcolo errato.<\/p>\n<p style=\"margin-bottom: 0.0001pt; text-align: justify; line-height: normal;\"><b><img loading=\"lazy\" decoding=\"async\" class=\" alignright size-full wp-image-23448\" style=\"margin: 4px; float: right;\" alt=\"ogliari-atrebilteatro\" src=\"https:\/\/archiviogioia.lavocedelpaese.info\/wp-content\/uploads\/2012\/06\/ogliari-atrebilteatro.jpg\" height=\"214\" width=\"184\" \/>Il tempo che scorre inesorabile sfugge infatti alla ciclicit\u00e0 che l\u2019uomo gli ha attribuito<\/b> mediante l\u2019invenzione di orologi e calendari. \u201c<b>Quando misuriamo il tempo<\/b>\u201d, asserisce Pagone, \u201c<b>ne rimaniamo vittime<\/b>\u201d. La verticalizzazione attribuita al tempo da San Benedetto, invece, fa di esso un alleato del monaco, poich\u00e9 <b>il tempo monastico \u00e8 scandito da ritmi interiori<\/b>, mediante cui si persegue costantemente l\u2019incontro con Dio.<\/p>\n<p style=\"margin-bottom: 0.0001pt; text-align: justify; line-height: normal;\"><b>\u201cIl tempo monastico\u201d<\/b>, prosegue Pagone, \u201c<b>rimanda quindi all\u2019eterno. Allo stesso modo, lo spazio rimanda all\u2019assoluto<\/b>\u201d. Con il supporto delle <b>letture di alcuni brani tratti dall\u2019opera, a cura di due attori di<\/b> \u201c<b>\u00c0trebilTeatro<\/b>\u201d, il giornalista varca la soglia d\u2019ingresso del monastero per guidare i presenti attraverso i suoi spazi, anch\u2019essi simbolo di quella vita interiore che il monaco coltiva per predisporsi all\u2019ascolto della parola di Dio.<\/p>\n<p style=\"margin-bottom: 0.0001pt; text-align: justify; line-height: normal;\">\u201c<b>Questo libro\u201d, conclude Pagone, \u201crappresenta una sfida alla societ\u00e0 odierna, secolarizzata e riluttante alla trascendenza<\/b>, poich\u00e9 lancia la provocazione che la comunit\u00e0 monastica rappresenti la societ\u00e0 ideale\u201d. <b>Una provocazione<\/b>, certo, <img loading=\"lazy\" decoding=\"async\" class=\" alignleft size-full wp-image-23449\" style=\"margin: 4px; float: left;\" alt=\"ogliari-pubblico\" src=\"https:\/\/archiviogioia.lavocedelpaese.info\/wp-content\/uploads\/2012\/06\/ogliari-pubblico.jpg\" height=\"205\" width=\"300\" srcset=\"https:\/\/archiviogioia.lavocedelpaese.info\/wp-content\/uploads\/2012\/06\/ogliari-pubblico.jpg 472w, https:\/\/archiviogioia.lavocedelpaese.info\/wp-content\/uploads\/2012\/06\/ogliari-pubblico-300x205.jpg 300w\" sizes=\"auto, (max-width: 300px) 100vw, 300px\" \/><b>che tuttavia non ha sapore di saccenteria<\/b>, ma si pone piuttosto come uno stimolo a concedersi spazi di riflessione, a riconoscere i propri ritmi interiori e ad accettarsi per quel che si \u00e8.<\/p>\n<p style=\"margin-bottom: 0.0001pt; text-align: justify; line-height: normal;\"><b>\u00c8 un sincero augurio, quello di Padre Donato, a percepire il tempo come una \u201cdistensione dell\u2019anima piuttosto che come una \u201crapidazione della vita\u201d<\/b>, oramai scandita, come osserva Pagone, non pi\u00f9 dal tocco delle campane ma \u201cdalle sigle delle diverse edizioni del telegiornale, che quotidianamente mette al corrente l\u2019individuo dei disastri avvenuti nel mondo\u201d. Brutte notizie davanti alle quali l\u2019uomo non fa che angosciarsi.<\/p>\n<p style=\"margin-bottom: 0.0001pt; text-align: justify; line-height: normal;\"><b>Il monaco<\/b>, invece, la cui vita \u00e8 cadenzata dalla ricerca costante di Dio, <b>vede il bello del mondo attraverso i Suoi occhi<\/b>. \u201cLa visione monastico benedettina del tempo e dello spazio\u201d, \u00e8 <b>l\u2019auspicio <\/b>conclusivo di Dom Donato Ogliari, \u201c<b>pu\u00f2 essere d\u2019aiuto all\u2019uomo disorientato di oggi<\/b>\u201d.<\/p>\n<p><object width=\"640\" height=\"480\" data=\"http:\/\/www.youtube.com\/v\/A3LTYdHD9Is?version=3&amp;hl=it_IT\" type=\"application\/x-shockwave-flash\"><param name=\"movie\" value=\"http:\/\/www.youtube.com\/v\/A3LTYdHD9Is?version=3&amp;hl=it_IT\" \/><param name=\"allowFullScreen\" value=\"true\" \/><param name=\"allowscriptaccess\" value=\"always\" \/><\/object> <object width=\"640\" height=\"480\" data=\"http:\/\/www.youtube.com\/v\/LcJ1-D86LSc?version=3&amp;hl=it_IT\" type=\"application\/x-shockwave-flash\"><param name=\"movie\" value=\"http:\/\/www.youtube.com\/v\/LcJ1-D86LSc?version=3&amp;hl=it_IT\" \/><param name=\"allowFullScreen\" value=\"true\" \/><param name=\"allowscriptaccess\" value=\"always\" \/><\/object> <object type=\"application\/x-shockwave-flash\" width=\"660\" height=\"660\" flashvars=\"host=picasaweb.google.com&amp;hl=it&amp;feat=flashalbum&amp;RGB=0x000000&amp;feed=https:\/\/picasaweb.google.com\/data\/feed\/api\/user\/104626251937098962566\/albumid\/5748935839956713713?alt=rss&amp;kind=photo&amp;authkey=Gv1sRgCNzI0o69_5nZWQ&amp;hl=it\" pluginspage=\"http:\/\/www.macromedia.com\/go\/getflashplayer\" data=\"https:\/\/picasaweb.google.com\/s\/c\/bin\/slideshow.swf\"><param name=\"movie\" value=\"https:\/\/picasaweb.google.com\/s\/c\/bin\/slideshow.swf\" \/><\/object><\/p>\n","protected":false},"excerpt":{"rendered":"","protected":false},"author":1,"featured_media":23442,"comment_status":"open","ping_status":"closed","sticky":false,"template":"","format":"standard","meta":{"colormag_page_container_layout":"default_layout","colormag_page_sidebar_layout":"default_layout","footnotes":""},"categories":[7],"tags":[],"class_list":["post-23451","post","type-post","status-publish","format-standard","has-post-thumbnail","hentry","category-attualita"],"_links":{"self":[{"href":"https:\/\/archiviogioia.lavocedelpaese.info\/index.php?rest_route=\/wp\/v2\/posts\/23451","targetHints":{"allow":["GET"]}}],"collection":[{"href":"https:\/\/archiviogioia.lavocedelpaese.info\/index.php?rest_route=\/wp\/v2\/posts"}],"about":[{"href":"https:\/\/archiviogioia.lavocedelpaese.info\/index.php?rest_route=\/wp\/v2\/types\/post"}],"author":[{"embeddable":true,"href":"https:\/\/archiviogioia.lavocedelpaese.info\/index.php?rest_route=\/wp\/v2\/users\/1"}],"replies":[{"embeddable":true,"href":"https:\/\/archiviogioia.lavocedelpaese.info\/index.php?rest_route=%2Fwp%2Fv2%2Fcomments&post=23451"}],"version-history":[{"count":0,"href":"https:\/\/archiviogioia.lavocedelpaese.info\/index.php?rest_route=\/wp\/v2\/posts\/23451\/revisions"}],"wp:featuredmedia":[{"embeddable":true,"href":"https:\/\/archiviogioia.lavocedelpaese.info\/index.php?rest_route=\/wp\/v2\/media\/23442"}],"wp:attachment":[{"href":"https:\/\/archiviogioia.lavocedelpaese.info\/index.php?rest_route=%2Fwp%2Fv2%2Fmedia&parent=23451"}],"wp:term":[{"taxonomy":"category","embeddable":true,"href":"https:\/\/archiviogioia.lavocedelpaese.info\/index.php?rest_route=%2Fwp%2Fv2%2Fcategories&post=23451"},{"taxonomy":"post_tag","embeddable":true,"href":"https:\/\/archiviogioia.lavocedelpaese.info\/index.php?rest_route=%2Fwp%2Fv2%2Ftags&post=23451"}],"curies":[{"name":"wp","href":"https:\/\/api.w.org\/{rel}","templated":true}]}}