{"id":23551,"date":"2012-06-05T04:14:44","date_gmt":"2012-06-05T04:14:44","guid":{"rendered":"https:\/\/archiviogioia.lavocedelpaese.info\/?p=23551"},"modified":"2012-06-05T04:14:44","modified_gmt":"2012-06-05T04:14:44","slug":"lettura-animata-di-pinocchio-affascina-bimbi","status":"publish","type":"post","link":"https:\/\/archiviogioia.lavocedelpaese.info\/?p=23551","title":{"rendered":"LETTURA ANIMATA DI \u201cPINOCCHIO\u201d AFFASCINA BIMBI"},"content":{"rendered":"<p><img loading=\"lazy\" decoding=\"async\" class=\" size-full wp-image-23545\" style=\"margin-right: 2px; margin-left: 2px;\" alt=\"progetto-lettura-animata-pp\" src=\"https:\/\/archiviogioia.lavocedelpaese.info\/wp-content\/uploads\/2012\/06\/progetto-lettura-animata-pp.jpg\" height=\"150\" width=\"320\" srcset=\"https:\/\/archiviogioia.lavocedelpaese.info\/wp-content\/uploads\/2012\/06\/progetto-lettura-animata-pp.jpg 640w, https:\/\/archiviogioia.lavocedelpaese.info\/wp-content\/uploads\/2012\/06\/progetto-lettura-animata-pp-300x141.jpg 300w\" sizes=\"auto, (max-width: 320px) 100vw, 320px\" \/><\/p>\n<p><!--more--><\/p>\n<p style=\"text-align: justify;\"><b><img loading=\"lazy\" decoding=\"async\" class=\" alignleft size-full wp-image-23546\" style=\"margin: 4px; float: left;\" alt=\"progetto lettura animata1\" src=\"https:\/\/archiviogioia.lavocedelpaese.info\/wp-content\/uploads\/2012\/06\/progetto_lettura_animata1.JPG\" height=\"225\" width=\"300\" srcset=\"https:\/\/archiviogioia.lavocedelpaese.info\/wp-content\/uploads\/2012\/06\/progetto_lettura_animata1.JPG 800w, https:\/\/archiviogioia.lavocedelpaese.info\/wp-content\/uploads\/2012\/06\/progetto_lettura_animata1-300x225.jpg 300w, https:\/\/archiviogioia.lavocedelpaese.info\/wp-content\/uploads\/2012\/06\/progetto_lettura_animata1-768x576.jpg 768w\" sizes=\"auto, (max-width: 300px) 100vw, 300px\" \/>Marted\u00ec 29 maggio<\/b> presso la scuola paritaria \u201cMaria SS. Immacolata di Lourdes\u201d, <b>a conclusione del laboratorio di primo livello di lettura animata<\/b>, organizzato dalla stessa scuola in collaborazione con la biblioteca comunale \u201cDon Vincenzo Angelilli\u201d di Gioia del Colle, <b>si \u00e8 svolta la lettura animata della nota fiaba di \u201cPinocchio\u201d<\/b>.<\/p>\n<p style=\"text-align: justify;\"><b>Le partecipanti hanno avuto modo di mettere in pratica quanto appreso durante il corso<\/b> <b>tenuto dalla dott.ssa<\/b> <b>Cinzia Losito<\/b>, che le ha guidate alla riscoperta del significato della fiaba e dalla Dott.ssa <b>Milena Capodiferro<\/b>, che le ha aiutate a dare libero sfogo alla loro creativit\u00e0, mostrando come \u00e8 possibile far nascere da un foglio bianco o da un semplice scatolo, un libro al cui interno \u00e8 possibile ammirare diverse storie.<\/p>\n<p style=\"text-align: justify;\">In occasione della lettura animata, <b>le corsiste hanno realizzato dei disegni rappresentanti i momenti salienti della fiaba e li hanno decorati<\/b> con oggetti (bottoni, pasta, foglie, <img loading=\"lazy\" decoding=\"async\" class=\" alignright size-full wp-image-23548\" style=\"margin: 4px; float: right;\" alt=\"progetto lettura animata bimbi\" src=\"https:\/\/archiviogioia.lavocedelpaese.info\/wp-content\/uploads\/2012\/06\/progetto_lettura_animata_bimbi.JPG\" height=\"225\" width=\"300\" srcset=\"https:\/\/archiviogioia.lavocedelpaese.info\/wp-content\/uploads\/2012\/06\/progetto_lettura_animata_bimbi.JPG 800w, https:\/\/archiviogioia.lavocedelpaese.info\/wp-content\/uploads\/2012\/06\/progetto_lettura_animata_bimbi-300x225.jpg 300w, https:\/\/archiviogioia.lavocedelpaese.info\/wp-content\/uploads\/2012\/06\/progetto_lettura_animata_bimbi-768x576.jpg 768w\" sizes=\"auto, (max-width: 300px) 100vw, 300px\" \/>caramelle, pezzi di stoffa) posti in rilievo, per dare l\u2019impressione della tridimensionalit\u00e0, i disegni, successivamente sono stati rilegati all\u2019interno di cartoni per pizze, abilmente decorati, che fungevano da copertina al libro animato.<\/p>\n<p style=\"text-align: justify;\"><b>Dopo aver dato vita al libro<\/b>, <b>le partecipanti del corso si sono messe in gioco recitando e interpretando i personaggi<\/b> della nota fiaba di Collodi: nei panni di Pinocchio una intraprendente e comica <b>Mariangela Bia<\/b>, <b>Catia Balbo<\/b> voce narrante della storia, la mamma <b>Mara Girardi<\/b> interprete delle voci di tutti gli altri personaggi e ad avere il privilegio di sfogliare il libro animato, la sorridente <b>Nadia Pavoncelli<\/b>.<\/p>\n<p style=\"text-align: justify;\">Altre protagoniste del corso: la prof.ssa <b>Surico Lucrezia<\/b>, fucina di idee e fornitrice principale <img loading=\"lazy\" decoding=\"async\" class=\" alignleft size-full wp-image-23549\" style=\"margin: 4px; float: left;\" alt=\"progetto lettura animata docenti\" src=\"https:\/\/archiviogioia.lavocedelpaese.info\/wp-content\/uploads\/2012\/06\/progetto_lettura_animata_docenti.JPG\" height=\"225\" width=\"300\" srcset=\"https:\/\/archiviogioia.lavocedelpaese.info\/wp-content\/uploads\/2012\/06\/progetto_lettura_animata_docenti.JPG 800w, https:\/\/archiviogioia.lavocedelpaese.info\/wp-content\/uploads\/2012\/06\/progetto_lettura_animata_docenti-300x225.jpg 300w, https:\/\/archiviogioia.lavocedelpaese.info\/wp-content\/uploads\/2012\/06\/progetto_lettura_animata_docenti-768x576.jpg 768w\" sizes=\"auto, (max-width: 300px) 100vw, 300px\" \/>del materiali che hanno decorato il libro, <b>Antonella Leo<\/b>, <b>Mariangela Cirielli<\/b>, <b>Claudia Tullio<\/b> e la maestra <b>Carla Longo<\/b>.<\/p>\n<p style=\"text-align: justify;\"><b>L\u2019intramontabile fiaba di Pinocchio ha catturato l\u2019attenzione e stimolato la curiosit\u00e0 dei piccolini<\/b> che per un ora si sono lasciati affascinare dalla magia che accompagna la lettura di una fiaba, del resto <b>la fiaba ha un ruolo fondamentale nello sviluppo dell\u2019identit\u00e0 del bambino<\/b>, attraverso l\u2019identificazione con i personaggi fiabeschi, il bambino, comprende meglio se stesso e il mondo che lo circonda.<\/p>\n<p style=\"text-align: justify;\"><b>Le fiabe stimolano la fantasia del bambino e lo aiutano ad esorcizzare le paure<\/b>. La lettura animata, inoltre, coinvolge all\u2019ascolto, <b>il bambino \u00e8 catturato dalla voce del narratore<\/b> <b>che<\/b> si modula a seconda dei diversi personaggi che interpreta, <b>suscita emozioni e diversi stati d\u2019animo<\/b> e soprattutto <b>sviluppa l\u2019immaginazione<\/b>.<\/p>\n<p>&nbsp;<\/p>\n","protected":false},"excerpt":{"rendered":"","protected":false},"author":1,"featured_media":23545,"comment_status":"open","ping_status":"closed","sticky":false,"template":"","format":"standard","meta":{"colormag_page_container_layout":"default_layout","colormag_page_sidebar_layout":"default_layout","footnotes":""},"categories":[7],"tags":[],"class_list":["post-23551","post","type-post","status-publish","format-standard","has-post-thumbnail","hentry","category-attualita"],"_links":{"self":[{"href":"https:\/\/archiviogioia.lavocedelpaese.info\/index.php?rest_route=\/wp\/v2\/posts\/23551","targetHints":{"allow":["GET"]}}],"collection":[{"href":"https:\/\/archiviogioia.lavocedelpaese.info\/index.php?rest_route=\/wp\/v2\/posts"}],"about":[{"href":"https:\/\/archiviogioia.lavocedelpaese.info\/index.php?rest_route=\/wp\/v2\/types\/post"}],"author":[{"embeddable":true,"href":"https:\/\/archiviogioia.lavocedelpaese.info\/index.php?rest_route=\/wp\/v2\/users\/1"}],"replies":[{"embeddable":true,"href":"https:\/\/archiviogioia.lavocedelpaese.info\/index.php?rest_route=%2Fwp%2Fv2%2Fcomments&post=23551"}],"version-history":[{"count":0,"href":"https:\/\/archiviogioia.lavocedelpaese.info\/index.php?rest_route=\/wp\/v2\/posts\/23551\/revisions"}],"wp:featuredmedia":[{"embeddable":true,"href":"https:\/\/archiviogioia.lavocedelpaese.info\/index.php?rest_route=\/wp\/v2\/media\/23545"}],"wp:attachment":[{"href":"https:\/\/archiviogioia.lavocedelpaese.info\/index.php?rest_route=%2Fwp%2Fv2%2Fmedia&parent=23551"}],"wp:term":[{"taxonomy":"category","embeddable":true,"href":"https:\/\/archiviogioia.lavocedelpaese.info\/index.php?rest_route=%2Fwp%2Fv2%2Fcategories&post=23551"},{"taxonomy":"post_tag","embeddable":true,"href":"https:\/\/archiviogioia.lavocedelpaese.info\/index.php?rest_route=%2Fwp%2Fv2%2Ftags&post=23551"}],"curies":[{"name":"wp","href":"https:\/\/api.w.org\/{rel}","templated":true}]}}