{"id":23637,"date":"2012-06-07T06:45:15","date_gmt":"2012-06-07T06:45:15","guid":{"rendered":"https:\/\/archiviogioia.lavocedelpaese.info\/?p=23637"},"modified":"2012-06-07T06:45:15","modified_gmt":"2012-06-07T06:45:15","slug":"ammirazione-e-consensi-per-i-bravi-madonnari-foto","status":"publish","type":"post","link":"https:\/\/archiviogioia.lavocedelpaese.info\/?p=23637","title":{"rendered":"AMMIRAZIONE E CONSENSI PER I BRAVI MADONNARI-foto"},"content":{"rendered":"<p><img loading=\"lazy\" decoding=\"async\" class=\" size-full wp-image-23630\" style=\"margin-right: 2px; margin-left: 2px;\" alt=\"madonnari-san-filippo-pp\" src=\"https:\/\/archiviogioia.lavocedelpaese.info\/wp-content\/uploads\/2012\/06\/madonnari-san-filippo-pp.png\" height=\"150\" width=\"320\" srcset=\"https:\/\/archiviogioia.lavocedelpaese.info\/wp-content\/uploads\/2012\/06\/madonnari-san-filippo-pp.png 640w, https:\/\/archiviogioia.lavocedelpaese.info\/wp-content\/uploads\/2012\/06\/madonnari-san-filippo-pp-300x141.png 300w\" sizes=\"auto, (max-width: 320px) 100vw, 320px\" \/><\/p>\n<p><!--more--><\/p>\n<p style=\"text-align: justify;\"><b><img loading=\"lazy\" decoding=\"async\" class=\" alignleft size-full wp-image-23631\" style=\"margin: 4px; float: left;\" alt=\"madonnari-a-gioia\" src=\"https:\/\/archiviogioia.lavocedelpaese.info\/wp-content\/uploads\/2012\/06\/madonnari-a-gioia.jpg\" height=\"179\" width=\"319\" srcset=\"https:\/\/archiviogioia.lavocedelpaese.info\/wp-content\/uploads\/2012\/06\/madonnari-a-gioia.jpg 756w, https:\/\/archiviogioia.lavocedelpaese.info\/wp-content\/uploads\/2012\/06\/madonnari-a-gioia-300x169.jpg 300w\" sizes=\"auto, (max-width: 319px) 100vw, 319px\" \/><\/b><\/p>\n<p style=\"text-align: justify;\"><b>Il primo raduno nazionale dei Madonnari<\/b> tenutosi a Gioia in occasione della festivit\u00e0 patronale &#8211; punta di diamante del Comitato &#8211; si \u00e8 rivelato uno dei momenti pi\u00f9 suggestivi vissuti dalla comunit\u00e0.<\/p>\n<p style=\"text-align: justify;\">Nel primo pomeriggio del 25 maggio e nel corso di una lunga \u201c<b>notte bianca<\/b>\u201d i \u201cMadonnari\u201d hanno \u201caffrescato\u201d di immagini mariane il selciato.<\/p>\n<p style=\"text-align: justify;\"><b>Dopo aver suddiviso in riquadri il lato che costeggia Piazza Plebiscito in direzione di Via Roma<\/b>, transennato per l\u2019occasione, sotto lo sguardo curioso e attento dei passanti hanno preparato le \u201cbasi\u201d tentando di impermeabilizzarle per quanto possibile e disegnato con i <img loading=\"lazy\" decoding=\"async\" class=\" alignright size-full wp-image-23633\" style=\"margin: 4px; float: right;\" alt=\"madonnari-allopera-2012\" src=\"https:\/\/archiviogioia.lavocedelpaese.info\/wp-content\/uploads\/2012\/06\/madonnari-allopera-2012.jpg\" height=\"443\" width=\"250\" srcset=\"https:\/\/archiviogioia.lavocedelpaese.info\/wp-content\/uploads\/2012\/06\/madonnari-allopera-2012.jpg 427w, https:\/\/archiviogioia.lavocedelpaese.info\/wp-content\/uploads\/2012\/06\/madonnari-allopera-2012-169x300.jpg 169w\" sizes=\"auto, (max-width: 250px) 100vw, 250px\" \/>gessetti splendide \u201cMadonne\u201d utilizzando varie tecniche. <b>Dal reticolato \u201ctirato\u201d con fili, a riproduzioni interamente a mano libera<\/b>, perimetrando i contorni della figura o partendo da un dettaglio, osservando sempre con \u201cdevota attenzione\u201d l\u2019immagine di dimensioni ridotte, musa ispiratrice e protettrice posta per terra, accanto ai colori sparsi sulla strada o contenuti in scatole di latta e cartone.<\/p>\n<p style=\"text-align: justify;\">Il segreto \u00e8 sfumare \u201cad arte\u201d i segni con le dita o le spugnette, miscelare i colori creando incarnati perfetti, conservare &#8211; sia pur scomodamente inginocchiati o accovacciati &#8211; la giusta prospettiva, evitando di toccare le parti gi\u00e0 disegnate.<\/p>\n<p style=\"text-align: justify;\"><b>Alla lacca a portata di mano per fissare la polvere del gesso \u00e8 affidata la \u201cdurata temporale\u201d<\/b> dell\u2019opera, sempre che la pioggia non la lavi via ancor prima che sbiadisca sotto il sole.<\/p>\n<p style=\"text-align: justify;\">Man mano che \u201csbocciano\u201d volti, mantelli, braccini e aureole, l\u2019asfalto si colora di paradiso, l\u2019incanto finale \u00e8 scontato.<\/p>\n<p style=\"text-align: justify;\"><b>Il \u201cSan Filippo\u201d adorante \u00e8 il primo ad essere ultimato<\/b>, distante dagli altri, sul corso\u2026 brillano come gioielli le monete lanciate sull\u2019effigie del Santo. Il suo autore \u00e8 uno degli artisti pi\u00f9 anziani ed esperti, la sua firma con ghirigori svolazzanti, eterea ed estemporanea, svanir\u00e0 con le altre tra mulinelli di vento.<\/p>\n<p style=\"text-align: justify;\">Il maestro madonnaro <b>Martino Zingarelli<\/b> in un suo scritto, anch\u2019esso posizionato sul selciato, definisce \u201c<b>Arte dell\u2019effimero<\/b>\u201d i capolavori che dipinti sull\u2019asfalto. Un\u2019altra poetica denominazione \u00e8 \u201c<b>Pitture del vento<\/b>\u201d, lo stesso che spolvera le strade e sbiadisce i colori gessati, nell\u2019arco di una notte.<\/p>\n<p style=\"text-align: justify;\"><img loading=\"lazy\" decoding=\"async\" class=\" alignleft size-full wp-image-23635\" style=\"margin: 4px; float: left;\" alt=\"madonnari-2012-piazza\" src=\"https:\/\/archiviogioia.lavocedelpaese.info\/wp-content\/uploads\/2012\/06\/madonnari-2012-piazza.jpg\" height=\"180\" width=\"320\" srcset=\"https:\/\/archiviogioia.lavocedelpaese.info\/wp-content\/uploads\/2012\/06\/madonnari-2012-piazza.jpg 756w, https:\/\/archiviogioia.lavocedelpaese.info\/wp-content\/uploads\/2012\/06\/madonnari-2012-piazza-300x169.jpg 300w\" sizes=\"auto, (max-width: 320px) 100vw, 320px\" \/>Ma \u00e8 \u201c<b>Preghiera dipinta<\/b>\u201d l\u2019espressione pi\u00f9 cara agli artisti, quella che a detta di Martino meglio esprime le ore e ore trascorse a disegnare in ginocchio, in raccolto e religioso silenzio.<\/p>\n<p style=\"text-align: justify;\">\u201cL\u2019opera del madonnaro da sempre \u00e8 considerata un\u2019arte minore per la semplicit\u00e0 dei materiali e l\u2019essenzialit\u00e0 dei mezzi. <b>Non ha scopo di intrattenimento<\/b> \u2013 scrive Zingarelli &#8211; ma <b>\u00e8 un invito alla riflessione intima e sacra custode di una sacralit\u00e0 presente e futura<\/b>.\u201d<\/p>\n<p style=\"text-align: justify;\">Il silenzio religioso che accompagna la nascita del ritratto sul selciato, sia dell\u2019artista che di chi osserva con un muto stupore, \u00e8 pervaso dal rammarico che un cos\u00ec impegnativo e artistico lavoro sia destinato a dissolversi senza la<img loading=\"lazy\" decoding=\"async\" class=\" alignright size-full wp-image-23636\" style=\"margin: 4px; float: right;\" alt=\"madonnari-2012-per-strada\" src=\"https:\/\/archiviogioia.lavocedelpaese.info\/wp-content\/uploads\/2012\/06\/madonnari-2012-per-strada.jpg\" height=\"180\" width=\"320\" srcset=\"https:\/\/archiviogioia.lavocedelpaese.info\/wp-content\/uploads\/2012\/06\/madonnari-2012-per-strada.jpg 756w, https:\/\/archiviogioia.lavocedelpaese.info\/wp-content\/uploads\/2012\/06\/madonnari-2012-per-strada-300x169.jpg 300w\" sizes=\"auto, (max-width: 320px) 100vw, 320px\" \/>sciar nulla di s\u00e9, se non il ricordo.<\/p>\n<p style=\"text-align: justify;\"><b>Cauti i passanti sembra evitino di profanare l\u2019intimit\u00e0 di un voto, quasi che il pittore voglia espiare<\/b><b> la \u201ccolpa\u201d di possedere un cos\u00ec divino dono,<\/b> scegliendo non il cielo di cupole e volte da affrescare, ma l\u2019umile terra per esprimere il suo talento.<\/p>\n<p style=\"text-align: justify;\">\u201cNon il giudizio degli uomini manifesta ci\u00f2 che siamo, ognuno vale quanto vale davanti a Dio e non di pi\u00f9!\u201d si legge sul manifesto di Zingarelli.<\/p>\n<p style=\"text-align: justify;\"><b>Nemesi e riscatto di ogni vanagloria<\/b>, nella caducit\u00e0 di ci\u00f2 che pur potendo ambire all\u2019eternit\u00e0, indossa il cilicio della mortificazione nella polvere.<\/p>\n<p style=\"text-align: justify;\">Un sincero grazie a <strong>Mario Di Giuseppe<\/strong> per aver contribuito con i suoi &#8220;precisi&#8221; scatti fotografici.<\/p>\n<p><object type=\"application\/x-shockwave-flash\" width=\"660\" height=\"660\" flashvars=\"host=picasaweb.google.com&amp;hl=it&amp;feat=flashalbum&amp;RGB=0x000000&amp;feed=https:\/\/picasaweb.google.com\/data\/feed\/api\/user\/104626251937098962566\/albumid\/5751212167709329505?alt=rss&amp;kind=photo&amp;authkey=Gv1sRgCPXXsOjvi9PVBg&amp;hl=it\" pluginspage=\"http:\/\/www.macromedia.com\/go\/getflashplayer\" data=\"https:\/\/picasaweb.google.com\/s\/c\/bin\/slideshow.swf\"><param name=\"movie\" value=\"https:\/\/picasaweb.google.com\/s\/c\/bin\/slideshow.swf\" \/><\/object><\/p>\n","protected":false},"excerpt":{"rendered":"","protected":false},"author":1,"featured_media":23630,"comment_status":"open","ping_status":"closed","sticky":false,"template":"","format":"standard","meta":{"colormag_page_container_layout":"default_layout","colormag_page_sidebar_layout":"default_layout","footnotes":""},"categories":[7],"tags":[],"class_list":["post-23637","post","type-post","status-publish","format-standard","has-post-thumbnail","hentry","category-attualita"],"_links":{"self":[{"href":"https:\/\/archiviogioia.lavocedelpaese.info\/index.php?rest_route=\/wp\/v2\/posts\/23637","targetHints":{"allow":["GET"]}}],"collection":[{"href":"https:\/\/archiviogioia.lavocedelpaese.info\/index.php?rest_route=\/wp\/v2\/posts"}],"about":[{"href":"https:\/\/archiviogioia.lavocedelpaese.info\/index.php?rest_route=\/wp\/v2\/types\/post"}],"author":[{"embeddable":true,"href":"https:\/\/archiviogioia.lavocedelpaese.info\/index.php?rest_route=\/wp\/v2\/users\/1"}],"replies":[{"embeddable":true,"href":"https:\/\/archiviogioia.lavocedelpaese.info\/index.php?rest_route=%2Fwp%2Fv2%2Fcomments&post=23637"}],"version-history":[{"count":0,"href":"https:\/\/archiviogioia.lavocedelpaese.info\/index.php?rest_route=\/wp\/v2\/posts\/23637\/revisions"}],"wp:featuredmedia":[{"embeddable":true,"href":"https:\/\/archiviogioia.lavocedelpaese.info\/index.php?rest_route=\/wp\/v2\/media\/23630"}],"wp:attachment":[{"href":"https:\/\/archiviogioia.lavocedelpaese.info\/index.php?rest_route=%2Fwp%2Fv2%2Fmedia&parent=23637"}],"wp:term":[{"taxonomy":"category","embeddable":true,"href":"https:\/\/archiviogioia.lavocedelpaese.info\/index.php?rest_route=%2Fwp%2Fv2%2Fcategories&post=23637"},{"taxonomy":"post_tag","embeddable":true,"href":"https:\/\/archiviogioia.lavocedelpaese.info\/index.php?rest_route=%2Fwp%2Fv2%2Ftags&post=23637"}],"curies":[{"name":"wp","href":"https:\/\/api.w.org\/{rel}","templated":true}]}}