{"id":23725,"date":"2012-06-11T04:24:14","date_gmt":"2012-06-11T04:24:14","guid":{"rendered":"https:\/\/archiviogioia.lavocedelpaese.info\/?p=23725"},"modified":"2012-06-11T04:24:14","modified_gmt":"2012-06-11T04:24:14","slug":"bimbimbici-2012-incontro-con-il-sindaco-sergio-povia-foto-3","status":"publish","type":"post","link":"https:\/\/archiviogioia.lavocedelpaese.info\/?p=23725","title":{"rendered":"\u201cBIMBIMBICI 2012\u201d, INCONTRO CON IL SINDACO SERGIO POVIA-foto"},"content":{"rendered":"<p><img loading=\"lazy\" decoding=\"async\" class=\" size-full wp-image-23716\" style=\"margin-right: 2px; margin-left: 2px;\" alt=\"bimbimbici-serata-conclusivapp\" src=\"https:\/\/archiviogioia.lavocedelpaese.info\/wp-content\/uploads\/2012\/06\/bimbimbici-serata-conclusivapp.jpg\" height=\"150\" width=\"320\" srcset=\"https:\/\/archiviogioia.lavocedelpaese.info\/wp-content\/uploads\/2012\/06\/bimbimbici-serata-conclusivapp.jpg 640w, https:\/\/archiviogioia.lavocedelpaese.info\/wp-content\/uploads\/2012\/06\/bimbimbici-serata-conclusivapp-300x141.jpg 300w\" sizes=\"auto, (max-width: 320px) 100vw, 320px\" \/><\/p>\n<p><!--more--><\/p>\n<p style=\"margin-bottom: 0.0001pt; line-height: normal; text-align: justify;\"><img loading=\"lazy\" decoding=\"async\" class=\" alignleft size-full wp-image-23717\" style=\"margin: 4px; float: left;\" alt=\"bimbimbici-premiazione\" src=\"https:\/\/archiviogioia.lavocedelpaese.info\/wp-content\/uploads\/2012\/06\/bimbimbici-premiazione.jpg\" height=\"200\" width=\"300\" srcset=\"https:\/\/archiviogioia.lavocedelpaese.info\/wp-content\/uploads\/2012\/06\/bimbimbici-premiazione.jpg 472w, https:\/\/archiviogioia.lavocedelpaese.info\/wp-content\/uploads\/2012\/06\/bimbimbici-premiazione-300x200.jpg 300w\" sizes=\"auto, (max-width: 300px) 100vw, 300px\" \/>&#8220;Lo scorso 8 giugno, <b>presso la sede dell\u2019A.So.Tu.Dis., si sono ritrovati gli organizzatori della Bimbimbici di quest\u2019anno<\/b> per celebrare in questa serata la <b>conclusione di un percorso lungo 3 mesi<\/b> durante il quale si \u00e8 progettato, organizzato e dato esecuzione alla classica biciclettata di primavera. Il giusto epilogo di uno sforzo organizzativo che non poteva concludersi in maniera migliore e che ha raggiunto gli obiettivi&nbsp;prefissati.<\/p>\n<p style=\"margin-bottom: 0.0001pt; line-height: normal; text-align: justify;\"><b>E\u2019 stata &nbsp;l\u2019occasione per la premiazione dei disegni dei bambini delle scuole elementari e materne <\/b>di Gioia che parteciperanno, cos\u00ec, al Concorso Nazionale della FIAB dal titolo &#8220;Una strada tutta mia&#8221;. La valutazione degli elaborati ha tenuto conto dei messaggi che i piccoli artisti hanno inteso lanciare con i loro disegni, e <b>la presenza del Sindaco a premiare <img loading=\"lazy\" decoding=\"async\" class=\" alignright size-full wp-image-23718\" style=\"margin: 4px; float: right;\" alt=\"bimbimbici-premiazione2\" src=\"https:\/\/archiviogioia.lavocedelpaese.info\/wp-content\/uploads\/2012\/06\/bimbimbici-premiazione2.jpg\" height=\"200\" width=\"300\" srcset=\"https:\/\/archiviogioia.lavocedelpaese.info\/wp-content\/uploads\/2012\/06\/bimbimbici-premiazione2.jpg 472w, https:\/\/archiviogioia.lavocedelpaese.info\/wp-content\/uploads\/2012\/06\/bimbimbici-premiazione2-300x200.jpg 300w\" sizes=\"auto, (max-width: 300px) 100vw, 300px\" \/>Andrea Cantore<\/b>, <b>Teta Montenegro<\/b> e <b>Mario Montenegro<\/b> \u00e8 stata significativa e di aiuto al tentativo di incidere sul piano culturale sulle abitudini dei nostri piccoli concittadini, coerentemente con le finalit\u00e0 didattico-educazionali del concorso.<\/p>\n<p style=\"margin-bottom: 0.0001pt; line-height: normal; text-align: justify;\">Gli interventi degli organizzatori hanno meglio specificato come <b>la sinergia tra diverse associazioni \u00e8 servita a superare le difficolt\u00e0 nell\u2019organizzazione della manifestazione<\/b>, che quest\u2019anno ha offerto non solo una festosa pedalata per le vie cittadine con gadget per tutti i partecipanti, ma anche un ricco rinfresco a met\u00e0 percorso allietato da uno spettacolo di artisti di strada fortemente voluto dal Comitato Festa Patronale, <b>una <img loading=\"lazy\" decoding=\"async\" class=\" alignleft size-full wp-image-23719\" style=\"margin: 4px; float: left;\" alt=\"bimbimbici-premiazione-sindaco\" src=\"https:\/\/archiviogioia.lavocedelpaese.info\/wp-content\/uploads\/2012\/06\/bimbimbici-premiazione-sindaco.jpg\" height=\"200\" width=\"300\" srcset=\"https:\/\/archiviogioia.lavocedelpaese.info\/wp-content\/uploads\/2012\/06\/bimbimbici-premiazione-sindaco.jpg 472w, https:\/\/archiviogioia.lavocedelpaese.info\/wp-content\/uploads\/2012\/06\/bimbimbici-premiazione-sindaco-300x200.jpg 300w\" sizes=\"auto, (max-width: 300px) 100vw, 300px\" \/>passeggiata extraurbana che ha permesso di godere della bellezza dell\u2019agro gioiese ed un momento di relax per i pi\u00f9 grandi e di divertimento per i pi\u00f9 piccini<\/b> all\u2019arrivo presso il Centro Sportivo Green Park, che ha messo a disposizione la struttura ed i campi da gioco.<\/p>\n<p style=\"margin-bottom: 0.0001pt; line-height: normal; text-align: justify;\"><b>C\u2019\u00e8 stato il tempo per un approfondimento critico<\/b>, con una serie di impegni assunti dal Sindaco (al quale \u00e8 stata consegnata, sotto forma di attestato, una richiesta di impegni da mantenere in continuit\u00e0 con le finalit\u00e0 perseguite dalla manifestazione) che ha fatto una ottima apertura alla Confederazione di Associazioni riunite in <a href=\"http:\/\/Co.Mo.Do\" target=\"_blank\" rel=\"noopener\"><span style=\"color: windowtext;\">Co.Mo.Do<\/span><\/a>. di voler <b>istituire <img loading=\"lazy\" decoding=\"async\" class=\" alignright size-full wp-image-23720\" style=\"margin: 4px; float: right;\" alt=\"bimbimbici-serata-conclusiva\" src=\"https:\/\/archiviogioia.lavocedelpaese.info\/wp-content\/uploads\/2012\/06\/bimbimbici-serata-conclusiva.jpg\" height=\"200\" width=\"300\" srcset=\"https:\/\/archiviogioia.lavocedelpaese.info\/wp-content\/uploads\/2012\/06\/bimbimbici-serata-conclusiva.jpg 472w, https:\/\/archiviogioia.lavocedelpaese.info\/wp-content\/uploads\/2012\/06\/bimbimbici-serata-conclusiva-300x200.jpg 300w\" sizes=\"auto, (max-width: 300px) 100vw, 300px\" \/>una sorta di &#8220;tavolo di concertazione ed indirizzo&#8221; con le associazioni del territorio<\/b>, il segnale di voler &#8220;cambiare marcia&#8221; sulle tematiche a noi care della migliorabilit\u00e0 della qualit\u00e0 della vita nel nostro paese.<\/p>\n<p style=\"margin-bottom: 0.0001pt; line-height: normal; text-align: justify;\"><b>Le associazioni Fiab-GioiaInBici, MTB Gioia, Fidas, A.S.D. Gioia Running, Asotudis ed Ogechi, Confartigianato, P.A. Gioia Soccorso, Petali di Pietra, WWF Gioia Acquaviva Santeramo tributano un ringraziamento particolare al Sindaco<\/b>, per la sua presenza in questa occasione e per la partecipazione alla nostra festosa biciclettata, <b>confidando nella sua promessa di dedicare sempre maggior attenzione<\/b> alle istanze che si continueranno a presentare, accollandosi volentieri la \u201cresponsabilit\u00e0\u201d dei prossimi <b>auspicabili provvedimenti di STOP AL TRAFFICO<\/b> in occasione delle imminenti iniziative&#8230;to be continued!<\/p>\n<p style=\"margin-bottom: 0.0001pt; line-height: normal; text-align: justify;\"><b>Buone pedalate a tutti&#8221;.<\/b><\/p>\n<p><object type=\"application\/x-shockwave-flash\" width=\"660\" height=\"660\" flashvars=\"host=picasaweb.google.com&amp;hl=it&amp;feat=flashalbum&amp;RGB=0x000000&amp;feed=https:\/\/picasaweb.google.com\/data\/feed\/api\/user\/104626251937098962566\/albumid\/5752643690983005169?alt=rss&amp;kind=photo&amp;authkey=Gv1sRgCNalz5TRt_7k8QE&amp;hl=it\" pluginspage=\"http:\/\/www.macromedia.com\/go\/getflashplayer\" data=\"https:\/\/picasaweb.google.com\/s\/c\/bin\/slideshow.swf\"><param name=\"movie\" value=\"https:\/\/picasaweb.google.com\/s\/c\/bin\/slideshow.swf\" \/><\/object><\/p>\n","protected":false},"excerpt":{"rendered":"","protected":false},"author":1,"featured_media":23716,"comment_status":"open","ping_status":"closed","sticky":false,"template":"","format":"standard","meta":{"colormag_page_container_layout":"default_layout","colormag_page_sidebar_layout":"default_layout","footnotes":""},"categories":[7],"tags":[],"class_list":["post-23725","post","type-post","status-publish","format-standard","has-post-thumbnail","hentry","category-attualita"],"_links":{"self":[{"href":"https:\/\/archiviogioia.lavocedelpaese.info\/index.php?rest_route=\/wp\/v2\/posts\/23725","targetHints":{"allow":["GET"]}}],"collection":[{"href":"https:\/\/archiviogioia.lavocedelpaese.info\/index.php?rest_route=\/wp\/v2\/posts"}],"about":[{"href":"https:\/\/archiviogioia.lavocedelpaese.info\/index.php?rest_route=\/wp\/v2\/types\/post"}],"author":[{"embeddable":true,"href":"https:\/\/archiviogioia.lavocedelpaese.info\/index.php?rest_route=\/wp\/v2\/users\/1"}],"replies":[{"embeddable":true,"href":"https:\/\/archiviogioia.lavocedelpaese.info\/index.php?rest_route=%2Fwp%2Fv2%2Fcomments&post=23725"}],"version-history":[{"count":0,"href":"https:\/\/archiviogioia.lavocedelpaese.info\/index.php?rest_route=\/wp\/v2\/posts\/23725\/revisions"}],"wp:featuredmedia":[{"embeddable":true,"href":"https:\/\/archiviogioia.lavocedelpaese.info\/index.php?rest_route=\/wp\/v2\/media\/23716"}],"wp:attachment":[{"href":"https:\/\/archiviogioia.lavocedelpaese.info\/index.php?rest_route=%2Fwp%2Fv2%2Fmedia&parent=23725"}],"wp:term":[{"taxonomy":"category","embeddable":true,"href":"https:\/\/archiviogioia.lavocedelpaese.info\/index.php?rest_route=%2Fwp%2Fv2%2Fcategories&post=23725"},{"taxonomy":"post_tag","embeddable":true,"href":"https:\/\/archiviogioia.lavocedelpaese.info\/index.php?rest_route=%2Fwp%2Fv2%2Ftags&post=23725"}],"curies":[{"name":"wp","href":"https:\/\/api.w.org\/{rel}","templated":true}]}}