{"id":2374,"date":"2010-06-03T05:20:46","date_gmt":"2010-06-03T05:20:46","guid":{"rendered":"https:\/\/archiviogioia.lavocedelpaese.info\/?p=2374"},"modified":"2010-06-03T05:20:46","modified_gmt":"2010-06-03T05:20:46","slug":"congresso-pd-e-presentazione-piano-traffico-in-compresenza","status":"publish","type":"post","link":"https:\/\/archiviogioia.lavocedelpaese.info\/?p=2374","title":{"rendered":"CONGRESSO PD E PIANO TRAFFICO\u2026 IN COMPRESENZA"},"content":{"rendered":"<p><img loading=\"lazy\" decoding=\"async\" class=\" size-full wp-image-2370\" alt=\"piano-traffico-pp\" src=\"https:\/\/archiviogioia.lavocedelpaese.info\/wp-content\/uploads\/2010\/06\/piano-traffico-pp.jpg\" width=\"320\" height=\"150\" srcset=\"https:\/\/archiviogioia.lavocedelpaese.info\/wp-content\/uploads\/2010\/06\/piano-traffico-pp.jpg 320w, https:\/\/archiviogioia.lavocedelpaese.info\/wp-content\/uploads\/2010\/06\/piano-traffico-pp-300x141.jpg 300w\" sizes=\"auto, (max-width: 320px) 100vw, 320px\" \/> <\/p>\n<p><!--more--><\/p>\n<p style=\"text-align: justify;\">E\u2019 il caso di dire\u2026 pi\u00f9 siamo, meglio stiamo!\u00a0Un comunicato<img loading=\"lazy\" decoding=\"async\" class=\" size-full wp-image-2371\" style=\"margin: 4px; float:  right;\" alt=\"manifesto-comune\" src=\"https:\/\/archiviogioia.lavocedelpaese.info\/wp-content\/uploads\/2010\/06\/manifesto-comune.jpg\" width=\"150\" height=\"150\" srcset=\"https:\/\/archiviogioia.lavocedelpaese.info\/wp-content\/uploads\/2010\/06\/manifesto-comune.jpg 400w, https:\/\/archiviogioia.lavocedelpaese.info\/wp-content\/uploads\/2010\/06\/manifesto-comune-300x300.jpg 300w, https:\/\/archiviogioia.lavocedelpaese.info\/wp-content\/uploads\/2010\/06\/manifesto-comune-150x150.jpg 150w\" sizes=\"auto, (max-width: 150px) 100vw, 150px\" \/> pervenuto dal Palazzo Comunale, a firma del dottor <strong>Leonardo D\u2019Erasm<\/strong><strong>o<\/strong>, pubblicato il 27 maggio sul sito del Comune (<a href=\"http:\/\/www.comune.gioiadelcolle.ba.it\/index.php\/ufficio-stampa\/2059-il-vigile-di-quartiere-a-gioia-a-partire-dal-1-giugno.html\">http:\/\/www.comune.gioiadelcolle.ba.it\/index.php\/ufficio-stampa\/2059-il-vigile-di-quartiere-a-gioia-a-partire-dal-1-giugno.html<\/a>) invita i cittadini ad una conferenza cittadina per la presentazione della bozza del nuovo piano traffico.<\/p>\n<div style=\"text-align: justify;\"><\/div>\n<p style=\"text-align: justify;\">\u201c<strong>Il nu<\/strong><a href=\"http:\/\/www.comune.gioiadelcolle.ba.it\/index.php\/ufficio-stampa\/2059-il-vigile-di-quartiere-a-gioia-a-partire-dal-1-giugno.html\"><img loading=\"lazy\" decoding=\"async\" class=\" size-full wp-image-2372\" style=\"margin: 4px; float:  left;\" alt=\"pugt03\" src=\"https:\/\/archiviogioia.lavocedelpaese.info\/wp-content\/uploads\/2010\/06\/pugt03.jpg\" width=\"200\" height=\"146\" srcset=\"https:\/\/archiviogioia.lavocedelpaese.info\/wp-content\/uploads\/2010\/06\/pugt03.jpg 787w, https:\/\/archiviogioia.lavocedelpaese.info\/wp-content\/uploads\/2010\/06\/pugt03-300x218.jpg 300w, https:\/\/archiviogioia.lavocedelpaese.info\/wp-content\/uploads\/2010\/06\/pugt03-768x559.jpg 768w\" sizes=\"auto, (max-width: 200px) 100vw, 200px\" \/><\/a><strong>ovo Piano Generale del Traffico<\/strong>, elaborato da uno studio specializzato, verr\u00e0 presentato al pubblico nella sua prima bozza in una conferenza cittadina che si terr\u00e0 <strong>nella Sala De Deo alle ore 18.30 di venerd\u00ec 4 giugno<\/strong> \u2013 dichiara D\u2019Erasmo &#8211; con interventi <strong>dell\u2019arch<\/strong><strong>itetto <img loading=\"lazy\" decoding=\"async\" class=\" alignright size-full wp-image-2373\" style=\"margin: 4px; float: right;\" alt=\"manifesto-PD\" src=\"https:\/\/archiviogioia.lavocedelpaese.info\/wp-content\/uploads\/2010\/06\/manifesto-PD.jpg\" width=\"150\" height=\"154\" srcset=\"https:\/\/archiviogioia.lavocedelpaese.info\/wp-content\/uploads\/2010\/06\/manifesto-PD.jpg 506w, https:\/\/archiviogioia.lavocedelpaese.info\/wp-content\/uploads\/2010\/06\/manifesto-PD-291x300.jpg 291w\" sizes=\"auto, (max-width: 150px) 100vw, 150px\" \/>D\u2019Errico (autore del progetto), del Sindaco Piero Lo<\/strong><strong>ngo e dell\u2019Assessore al Traffico dottor Tommaso Donvito<\/strong>\u201d.<\/p>\n<div style=\"text-align: justify;\"><\/div>\n<p style=\"text-align: justify;\">Nuovo piano, stesso progettista (dopo l\u2019insuccesso della prima \u201cedizione\u201d e successivi \u201ccorrettivi\u201din corso\u2026 d\u2019opera o meglio di verifica della viabilit\u00e0, <strong><img loading=\"lazy\" decoding=\"async\" style=\"margin: 4px; float:  left;\" alt=\"s1616781725_139660_4222646\" src=\"images\/stories\/archiviofoto\/s1616781725_139660_4222646.jpg\" width=\"191\" height=\"125\" \/><\/strong>si \u00e8 ora giunti ad un\u2019ulteriore edizione, sempre lautamente \u201cpagata\u201d dalla comunit\u00e0\u2026 \u201cErrare \u00e8 umano ma perseverare \u00e8 diabolico\u201d a dirla proprio tutta!<\/p>\n<div style=\"text-align: justify;\"><\/div>\n<p style=\"text-align: justify;\"><strong>Nella stessa data, <\/strong><strong>4 giugno, sempre nella Sala De Deo, alle 17<\/strong> si apriranno i lavori congressuali del <strong>Congresso Cittadino del Partito Democratico<\/strong>, con relazione del segretario uscente Gianni Valletta alle 17.30, presentazione dei candidati a segretario provinciale, alle 18, dei candidati a segretario di circolo alle 18.30 ed apertura del dibattito alle 19. La chiusura dei lavori \u00e8 prevista entro le 21.<\/p>\n<div style=\"text-align: justify;\"><\/div>\n<p style=\"text-align: justify;\">Chi la spunter\u00e0? Si metteranno d\u2019accordo o\u2026\u201cchi prima arriva, meglio alloggia\u201d?<\/p>\n","protected":false},"excerpt":{"rendered":"","protected":false},"author":1,"featured_media":2370,"comment_status":"open","ping_status":"closed","sticky":false,"template":"","format":"standard","meta":{"colormag_page_container_layout":"default_layout","colormag_page_sidebar_layout":"default_layout","footnotes":""},"categories":[4],"tags":[],"class_list":["post-2374","post","type-post","status-publish","format-standard","has-post-thumbnail","hentry","category-politica"],"_links":{"self":[{"href":"https:\/\/archiviogioia.lavocedelpaese.info\/index.php?rest_route=\/wp\/v2\/posts\/2374","targetHints":{"allow":["GET"]}}],"collection":[{"href":"https:\/\/archiviogioia.lavocedelpaese.info\/index.php?rest_route=\/wp\/v2\/posts"}],"about":[{"href":"https:\/\/archiviogioia.lavocedelpaese.info\/index.php?rest_route=\/wp\/v2\/types\/post"}],"author":[{"embeddable":true,"href":"https:\/\/archiviogioia.lavocedelpaese.info\/index.php?rest_route=\/wp\/v2\/users\/1"}],"replies":[{"embeddable":true,"href":"https:\/\/archiviogioia.lavocedelpaese.info\/index.php?rest_route=%2Fwp%2Fv2%2Fcomments&post=2374"}],"version-history":[{"count":0,"href":"https:\/\/archiviogioia.lavocedelpaese.info\/index.php?rest_route=\/wp\/v2\/posts\/2374\/revisions"}],"wp:featuredmedia":[{"embeddable":true,"href":"https:\/\/archiviogioia.lavocedelpaese.info\/index.php?rest_route=\/wp\/v2\/media\/2370"}],"wp:attachment":[{"href":"https:\/\/archiviogioia.lavocedelpaese.info\/index.php?rest_route=%2Fwp%2Fv2%2Fmedia&parent=2374"}],"wp:term":[{"taxonomy":"category","embeddable":true,"href":"https:\/\/archiviogioia.lavocedelpaese.info\/index.php?rest_route=%2Fwp%2Fv2%2Fcategories&post=2374"},{"taxonomy":"post_tag","embeddable":true,"href":"https:\/\/archiviogioia.lavocedelpaese.info\/index.php?rest_route=%2Fwp%2Fv2%2Ftags&post=2374"}],"curies":[{"name":"wp","href":"https:\/\/api.w.org\/{rel}","templated":true}]}}