{"id":23766,"date":"2012-06-12T05:19:46","date_gmt":"2012-06-12T05:19:46","guid":{"rendered":"https:\/\/archiviogioia.lavocedelpaese.info\/?p=23766"},"modified":"2012-06-12T05:19:46","modified_gmt":"2012-06-12T05:19:46","slug":"consiglio-comunale-prima-proposta-della-minoranza-2","status":"publish","type":"post","link":"https:\/\/archiviogioia.lavocedelpaese.info\/?p=23766","title":{"rendered":"CONSIGLIO COMUNALE: PRIMA PROPOSTA DELLA MINORANZA"},"content":{"rendered":"<p><img loading=\"lazy\" decoding=\"async\" class=\" size-full wp-image-5425\" style=\"margin-right: 2px; margin-left: 2px;\" alt=\"consiglio-comunale-pp\" src=\"https:\/\/archiviogioia.lavocedelpaese.info\/wp-content\/uploads\/2010\/10\/consiglio-comunale-pp.jpg\" height=\"150\" width=\"320\" srcset=\"https:\/\/archiviogioia.lavocedelpaese.info\/wp-content\/uploads\/2010\/10\/consiglio-comunale-pp.jpg 640w, https:\/\/archiviogioia.lavocedelpaese.info\/wp-content\/uploads\/2010\/10\/consiglio-comunale-pp-300x141.jpg 300w\" sizes=\"auto, (max-width: 320px) 100vw, 320px\" \/><\/p>\n<p><!--more--><\/p>\n<p><strong>Riceviamo e pubblichiamo<\/strong>.<\/p>\n<p style=\"text-align: center;\">&#8212;&#8212;&#8212;&#8212;&#8212;&#8212;&#8212;&#8212;&#8212;&#8212;&#8212;&#8212;&#8212;&#8212;&#8212;&#8212;&#8212;&#8212;-<\/p>\n<p style=\"text-align: justify;\">&nbsp;<\/p>\n<p style=\"margin-bottom: 6pt; text-align: center; line-height: normal;\" align=\"center\"><b><span style=\"font-size: 16pt;\">Minoranza disposta a votare il Presidente del Consiglio purch\u00e8 condiviso<\/span><\/b><\/p>\n<p style=\"margin-bottom: 6pt; text-align: center; line-height: normal;\" align=\"center\"><i>I consiglieri Cuscito, De Leonardis, Longo, Lucilla, Mastrangelo e Celiberti chiedono al Sindaco una terna di nomi<\/i><\/p>\n<p style=\"margin-bottom: 6pt; text-align: center; line-height: normal;\" align=\"center\"><i>&nbsp;<\/i><\/p>\n<p style=\"margin-bottom: 0.0001pt; text-align: justify; text-indent: 35.4pt; line-height: 150%;\">&#8220;Un\u2019opposizione compatta cerca il confronto istituzionale. Tutti i consiglieri di opposizione (Enzo Cuscito, Donato Lucilla Piero Longo, Sante Celiberti, Giovanni Mastrangelo e Claudio De Leonardis) si sono resi disponibili ad individuare la figura del Presidente del Consiglio comunale tra una rosa di almeno tre nominativi proposta dalla maggioranza. Insomma, un presidente, sia pur espresso dalla maggioranza, condiviso e non imposto. \u00c8 questa la sintesi di un documento congiunto inviato al Sindaco a poche ore dall\u2019inizio del primo Consiglio comunale previsto per marted\u00ec 12 giugno alle ore 18:00 nel chiostro di Palazzo San Domenico.<\/p>\n<p style=\"margin-bottom: 0.0001pt; text-align: justify; text-indent: 35.4pt; line-height: 150%;\">La lettera rappresenta un segnale di apertura e intende costruire un ponte di dialogo sulle questioni di ambito istituzionale per superare l\u2019attuale fase di crisi dei partiti e della politica. Ci\u00f2 che l\u2019opposizione sottolinea nel documento \u00e8 che un astensionismo pari al 50% e i partiti svuotati del loro ruolo guida, obbliga tutte le forze politiche di Gioia a condividere alcune scelte riguardanti le regole e il funzionamento delle istituzioni e dare voce alle diverse rappresentanze della societ\u00e0 civile espresse dalle forze politiche presenti in Consiglio comunale.<\/p>\n<p style=\"margin-bottom: 0.0001pt; text-align: justify; text-indent: 35.4pt; line-height: 150%;\">I sei consiglieri di minoranza individuano nel Presidente del Consiglio la figura istituzionale <i>super partes, <\/i>garante del funzionamento dell\u2019assemblea cittadina, e sostengono che la sua scelta deve essere quanto pi\u00f9 condivisa possibile dichiarandosi disponibili a votare il Presidente, purch\u00e8 frutto di una condivisione di nomi, al fine di individuare la personalit\u00e0 in grado di assicurare e garantire l\u2019imparzialit\u00e0 nello svolgimento dei lavori cos\u00ec come si legge nella sentenza del Consiglio di Stato sez. V, 6 giugno 2002, n. 3187.<\/p>\n<p style=\"margin-bottom: 0.0001pt; text-align: justify; text-indent: 35.4pt; line-height: 150%;\">Questa apertura della minoranza inoltre fa seguito alle dicharazioni del Sindaco di Gioia in occasione della conferenza di presentazione della Giunta in cui auspicava esplicitamente il coinvolgimento dell\u2019intero Consiglio comunale nell\u2019azione di governo cittadino. Adesso i sei consiglieri aspettano al varco il Primo Cittadino e attendono un segnale concreto di quel dialogo pi\u00f9 volte annunciato. L\u2019elezione condivisa del Presidente del Consiglio, quindi, potrebbe diventare il banco di prova su cui testare l\u2019effettiva volont\u00e0 della maggioranza di cogliere o meno questa occasione per porre le basi di un confronto, sia pure serrato, ma leale e costruttivo, innanzitutto a vantaggio della citt\u00e0&#8221;.<\/p>\n<p>&nbsp;<\/p>\n<p>&nbsp;<\/p>\n<p>&nbsp;<\/p>\n","protected":false},"excerpt":{"rendered":"","protected":false},"author":1,"featured_media":5425,"comment_status":"open","ping_status":"closed","sticky":false,"template":"","format":"standard","meta":{"colormag_page_container_layout":"default_layout","colormag_page_sidebar_layout":"default_layout","footnotes":""},"categories":[4],"tags":[],"class_list":["post-23766","post","type-post","status-publish","format-standard","has-post-thumbnail","hentry","category-politica"],"_links":{"self":[{"href":"https:\/\/archiviogioia.lavocedelpaese.info\/index.php?rest_route=\/wp\/v2\/posts\/23766","targetHints":{"allow":["GET"]}}],"collection":[{"href":"https:\/\/archiviogioia.lavocedelpaese.info\/index.php?rest_route=\/wp\/v2\/posts"}],"about":[{"href":"https:\/\/archiviogioia.lavocedelpaese.info\/index.php?rest_route=\/wp\/v2\/types\/post"}],"author":[{"embeddable":true,"href":"https:\/\/archiviogioia.lavocedelpaese.info\/index.php?rest_route=\/wp\/v2\/users\/1"}],"replies":[{"embeddable":true,"href":"https:\/\/archiviogioia.lavocedelpaese.info\/index.php?rest_route=%2Fwp%2Fv2%2Fcomments&post=23766"}],"version-history":[{"count":0,"href":"https:\/\/archiviogioia.lavocedelpaese.info\/index.php?rest_route=\/wp\/v2\/posts\/23766\/revisions"}],"wp:featuredmedia":[{"embeddable":true,"href":"https:\/\/archiviogioia.lavocedelpaese.info\/index.php?rest_route=\/wp\/v2\/media\/5425"}],"wp:attachment":[{"href":"https:\/\/archiviogioia.lavocedelpaese.info\/index.php?rest_route=%2Fwp%2Fv2%2Fmedia&parent=23766"}],"wp:term":[{"taxonomy":"category","embeddable":true,"href":"https:\/\/archiviogioia.lavocedelpaese.info\/index.php?rest_route=%2Fwp%2Fv2%2Fcategories&post=23766"},{"taxonomy":"post_tag","embeddable":true,"href":"https:\/\/archiviogioia.lavocedelpaese.info\/index.php?rest_route=%2Fwp%2Fv2%2Ftags&post=23766"}],"curies":[{"name":"wp","href":"https:\/\/api.w.org\/{rel}","templated":true}]}}