{"id":23867,"date":"2012-06-14T20:38:54","date_gmt":"2012-06-14T20:38:54","guid":{"rendered":"https:\/\/archiviogioia.lavocedelpaese.info\/?p=23867"},"modified":"2012-06-14T20:38:54","modified_gmt":"2012-06-14T20:38:54","slug":"cuscito-politica-inquinata-da-interessi-particolari-video","status":"publish","type":"post","link":"https:\/\/archiviogioia.lavocedelpaese.info\/?p=23867","title":{"rendered":"CUSCITO: \u201cPOLITICA INQUINATA DA INTERESSI PARTICOLARI\u201d-video"},"content":{"rendered":"<p><img loading=\"lazy\" decoding=\"async\" class=\" size-full wp-image-23865\" style=\"margin-right: 2px; margin-left: 2px;\" alt=\"consiglio-cuscito-pp\" src=\"https:\/\/archiviogioia.lavocedelpaese.info\/wp-content\/uploads\/2012\/06\/consiglio-cuscito-pp.png\" height=\"150\" width=\"320\" srcset=\"https:\/\/archiviogioia.lavocedelpaese.info\/wp-content\/uploads\/2012\/06\/consiglio-cuscito-pp.png 640w, https:\/\/archiviogioia.lavocedelpaese.info\/wp-content\/uploads\/2012\/06\/consiglio-cuscito-pp-300x141.png 300w\" sizes=\"auto, (max-width: 320px) 100vw, 320px\" \/><\/p>\n<p><!--more--><\/p>\n<p><strong>Riceviamo e pubblichiamo<\/strong>.<\/p>\n<p style=\"text-align: center;\">&#8212;&#8212;&#8212;&#8212;&#8212;&#8212;&#8212;&#8212;&#8212;&#8212;&#8212;&#8212;&#8212;&#8212;&#8212;&#8212;&#8212;&#8212;&#8212;-<\/p>\n<p>&#8220;<span style=\"font-size: 12pt; font-family: 'Times New Roman','serif';\">Signor Presidente, Signor Sindaco, Signori Consiglieri,<\/span><\/p>\n<p style=\"margin-bottom: 0.0001pt; text-align: justify; line-height: normal;\"><span style=\"font-size: 12pt; font-family: 'Times New Roman','serif';\">Prima di esprimermi nel merito delle linee programmatiche comunicate dal Sindaco, permettetemi alcune considerazione di carattere politico sulla maggioranza politica che, le suddette linee, dovr\u00e0 incarnare in politiche concrete. <\/span><\/p>\n<p style=\"margin-bottom: 0.0001pt; text-align: justify; line-height: normal;\"><span style=\"font-size: 12pt; font-family: 'Times New Roman','serif';\">Ricordo gli ultimi Consigli Comunali dell\u2019Amministrazione guidata dal Dott. Piero Longo. Mi sovvengono i volti e i ruoli degli allora Consiglieri Comunali, degli Assessori, dell\u2019allora Presidente del Consiglio. Mi guardo attorno oggi, a pochi mesi di distanza, e pare che in realt\u00e0 nulla sia mutato. Anche se, in verit\u00e0, metamorfosi profonde sono avvenute. Difronte a me, oggi, siedono 4 Consiglieri che, sino a 10 mesi fa, facevano parte dell\u2019Amministrazione di Piero Longo, mentre oggi sono schierati dalla parte del suo oppositore di allora, Sergio Povia. Cambiano gli schieramenti, i Sindaci, ma il posto rimane sempre lo stesso, fisso e quasi inchiodato. <\/span><\/p>\n<p style=\"margin-bottom: 0.0001pt; text-align: justify; line-height: normal;\"><span style=\"font-size: 12pt; font-family: 'Times New Roman','serif';\">Cose che capitano. Cose che capitano, purtroppo, a Gioia del Colle come altrove, ormai troppo spesso. Penso ad esempio del Dott. Vito Falcone, appena ieri capogruppo del partito di maggioranza di Longo, il PdL, e oggi alfiere del suo avversario di allora Sergio Povia. Oggi come allora, poi, il Dott. Falcone si rende protagonista di un duro comunicato stampa che accusa il suo nuovo Sindaco Povia di non aver rispettato gliaccordi di coalizione. Quali accordi? Quali patti? E se un Sindaco non \u00e8 stato capace, non ha voluto, non \u00e8 riuscito, a rispettare degli accordi tra singoli, come possiamo credere o sperare che rispetti quelli presi con la Citt\u00e0 durante la campagna elettorale ed oggi con le proposizioni della sua relazione programmatica? L\u2019affidabilit\u00e0 di un uomo delle Istituzioni e, aggiungo io, di qualunque uomo, \u00e8 nella tenacia con cui rispetta la parola data, il coraggio di dare atto alla verit\u00e0 delle sue affermazioni, altrimenti, come denuncia lo stesso Falcone, si rischia di scadere nella bieca pratica dell\u2019inganno, nell\u2019incapacit\u00e0 di essere parola ed azione allo stesso tempo.<\/span><\/p>\n<p style=\"margin-bottom: 0.0001pt; text-align: justify; line-height: normal;\"><span style=\"font-size: 12pt; font-family: 'Times New Roman','serif';\">E siamo solo al principio. Sappiamo, infatti, che ben altre lacerazioni e divisioni sono all\u2019opera nella nuova maggioranza di governo. Come sempre contrasti in merito all\u2019assegnazione delle poltrone, degli incarichi, in una logica spartitoria che gi\u00e0 prefigura un\u2019azione amministrativa volta pi\u00f9 alla ricerca del bene di pochi che a quello comune. Con questo passo incerto e claudicante intende, Sindaco Povia, risolvere i gravi e tanti problemi che inquietano e feriscono la nostra Citt\u00e0 e mettere in pratica tutte le pie intenzioni elencate miseramente nelle sue linee programmatiche? <\/span><\/p>\n<p style=\"margin-bottom: 0.0001pt; text-align: justify; line-height: normal;\"><span style=\"font-size: 12pt; font-family: 'Times New Roman','serif';\">&#8220;<em>Tutto cambia affinch\u00e9 nulla cambi<\/em>&#8220;, affermava Don Fabrizio, il principe di Salina nell\u2019epico romanzo di Tomasi di Lampedusa \u201cIl Gattopardo\u201d. E\u2019 questo il frutto acerbo che la politica gioiese offre ormai da molti anni. Un gioco politico inquinato da tanti interessi particolari e per questo causa della decadenza economica e culturale della nostra Citt\u00e0. <\/span><\/p>\n<p style=\"margin-bottom: 0.0001pt; text-align: justify; line-height: normal;\"><span style=\"font-size: 12pt; font-family: 'Times New Roman','serif';\">La coalizione di centrosinistra che ho avuto l\u2019onore di rappresentare come candidato Sindaco e che oggi rappresento nella funzione di Consigliere, coalizione composta dai partiti <b>dell\u2019Italia dei Valori, Sinistra Ecologia e Libert\u00e0, Federazione della Sinistra e dal movimento civico \u201cSolidariet\u00e0 e Partecipazione\u201d<\/b>, ha voluto rimarcare con forza la scelta di coerenza fatta nella costruzione di un insieme di partiti e movimenti uniti ancora da un\u2019idea comune, frutto di storia e tradizione, visione dell\u2019uomo e della societ\u00e0 che si rivede in quella sinistra democratica che in Italia \u00e8 sintesi di quella tradizione socialista e cattolica democratica, e che testimonia una Politica come interesse esclusivo verso il bene comune, inteso come ricerca del benessere e della tutela dei diritti dei tanti e non dei pochi.<\/span><\/p>\n<p style=\"margin-bottom: 0.0001pt; text-align: justify; line-height: normal;\"><span style=\"font-size: 12pt; font-family: 'Times New Roman','serif';\">Su questo principio ispiratore si fonder\u00e0 la nostra azione politica. In difesa di questi valori inalienabili sar\u00e0 volta la nostra opposizione, dura e propositiva, critica e coerente. Stimolando l\u2019Amministrazione ad adottare politiche e progetti volti alla tutela del lavoro, dell\u2019ambiente, delle categorie pi\u00f9 deboli e affrante della nostra comunit\u00e0, della legalit\u00e0, pungolando costantemente Lei, signor Sindaco, a promuovere trasparenza e partecipazione attiva della Citt\u00e0 alle scelte strategiche che riguarderanno il futuro di Gioia del Colle.<\/span><\/p>\n<p style=\"margin-bottom: 0.0001pt; text-align: justify; line-height: normal;\"><span style=\"font-size: 12pt; font-family: 'Times New Roman','serif';\">A partire dalle <b>politiche fiscali<\/b>. Nelle sue linee programmatiche, signor Sindaco, non ho trovato alcun accenno all\u2019intenzione sua e della sua maggioranza in materia fiscale. In questi giorni migliaia di cittadini gioiesi si stanno recando presso gli uffici preposti per il pagamento dell\u2019Imu, la cosiddetta nuova Ici, la cui prima rata \u00e8 in scadenza. Possibile che dalla sua programmazione non si evinca alcuna linea politica in merito? Quali strategie al fine di perseguire quel principio dell\u2019equit\u00e0 fiscale che dovrebbe stare a cuore ad una coalizione che nelle sue fila annovera quel Partito Democratico che anche a Gioia si vanta di essere di ancora di sinistra? In un contesto di grave crisi sociale come quella che stiamo vivendo, Lei, signor Sindaco, si presenta a questa assise con delle linee programmatiche che non accennano per nulla alla questione tributi. Eppure ha inserito la questione \u201cRisorse\u201d al primo punto, immagino per una questione di priorit\u00e0. Ma allora perch\u00e9 un Sindaco che si \u00e8 vantato di essere \u201cl\u2019usato garantito\u201d, l\u2019uomo dall\u2019enorme esperienza amministrativa, non \u00e8 stato capace di esprimere una linea, un percorso, un\u2019idea sulla problematica inerente itributi? E come mai, proprio un settore cos\u00ec delicato e sentito dalla collettivit\u00e0 gioiese non \u00e8 stato affidato ad alcun Assessore?<\/span><\/p>\n<p style=\"margin-bottom: 0.0001pt; text-align: justify; line-height: normal;\"><span style=\"font-size: 12pt; font-family: 'Times New Roman','serif';\">Ecco, Sindaco Povia, noi siamo qui, sin da oggi, a chiederle la messa in atto di scelte in materia di politiche fiscali a vantaggio delle categorie pi\u00f9 deboli, prevedendol\u2019introduzione di ulterioridetrazioni ed esenzioni che azzerino il peso fiscale su famiglie in difficolt\u00e0, numerose e a basso reddito, sui disoccupati o i cassintegrati. Potremo uscire dalla crisi solo liberando e dando fiato alla vasta platea di cittadini che pur non riuscendo ormai ad arrivare a fine mese, stanno di fatto sopportando interamente, venendone di fatto schiacciati, il macigno della crisi nazionale ed internazionale.<\/span><\/p>\n<p style=\"margin-bottom: 0.0001pt; text-align: justify; line-height: normal;\"><span style=\"font-size: 12pt; font-family: 'Times New Roman','serif';\">Su tutto questo, Lei, Sindaco Povia, ha preferito tacere.<\/span><\/p>\n<p style=\"margin-bottom: 0.0001pt; text-align: justify; line-height: normal;\"><span style=\"font-size: 12pt; font-family: 'Times New Roman','serif';\">E per riguardail settore dei <b>Servizi Sociali? <\/b>Anche in questo caso solo generiche intenzioni e poche idee concrete. Quali politiche e quali progetti intende portare avanti l\u2019Amministrazione a sostegno dei cittadini pi\u00f9 indigenti e bisognosi, come i senza lavoro, le famiglie numerose e a basso reddito e gli anziani? E per quanto riguarda le politiche giovanili? Nella sua relazione, Sindaco Povia, proprio come gi\u00e0 scritto nel suo programma elettorale del 1999, poi disatteso, si parla, in riferimento alle politiche giovanili, solo di una generica \u201c<i>acquisizione di un mestiere attraverso maestranze della Citt\u00e0 o partner istituzionali\u201d<\/i>. Tutto qui?Non vi \u00e8 null\u2019altro da dire riguardo alle politiche e strategie che questa Amministrazione intende realizzare riguardo ai giovani?<\/span><\/p>\n<p style=\"margin-bottom: 0.0001pt; text-align: justify; line-height: normal;\"><span style=\"font-size: 12pt; font-family: 'Times New Roman','serif';\">Lei, non parla di scuola, nelle sue linee programmatiche, signor Sindaco. Eppure il coordinamento con il mondo della <b>Scuola<\/b>riveste un significato e un ruolo straordinario per il presente ed il futuro di questa Citt\u00e0. Scuola, con la quale sar\u00e0 indispensabile che il Comune collabori fattivamente promuovendo progetti ed iniziative a favore della legalit\u00e0, dell\u2019integrazione e della cittadinanza attiva. Gi\u00e0 dal prossimo anno scolastico, signor Sindaco, riparta l\u2019importante esperienza del Consiglio Comunale dei Ragazzi, strumento dall\u2019alto valore civico e sociale. Tanto pi\u00f9 ora, con la politica ferita e disprezzata, sar\u00e0 importante che i nostri ragazzi scoprano e sperimentino in prima persona l\u2019importanza della rappresentativit\u00e0 democratica e della sua funzione di servizio al bene comune. Sar\u00e0 responsabilit\u00e0 prioritaria dell\u2019Amministrazione, inoltre, prevenire e fronteggiare le eventuali situazioni di rischio connesse alla vulnerabilit\u00e0 di elementi anche non strutturali negli edifici scolastici. Un monitoraggio ed una verifica della solidit\u00e0 e sicurezza degli edifici scolastici,<span style=\"font-size: 12pt; font-family: 'Times New Roman','serif';\">eseguendo, in primis, una minuziosa, verifica della <b>vulnerabilit\u00e0 sismica <\/b>degli stessi, sar\u00e0, ci auguriamo, una priorit\u00e0 assoluta di questa Amministrazione.<span style=\"font-size: 12pt; font-family: 'Times New Roman','serif';\"><\/span><\/span><\/span><\/p>\n<p style=\"margin-bottom: 0.0001pt; text-align: justify; line-height: normal;\"><span style=\"font-size: 12pt; font-family: 'Times New Roman','serif';\">Nessun accenno, inoltre, alle politiche per l\u2019<b>infanzia<\/b>, (dove noi saremo netti nel contrastare ogni tentativo di privatizzazione dell\u2019asilo nido che \u00e8 e deve rimanere un servizio pubblico senza fini di lucro) e poco in merito ai diversamente abili. Per i quali noi ci batteremo affinch\u00e9 vengano monitorate, sondate e abbattute le barriere architettoniche e sociali che ne impediscono di fatto una vita dignitosa, favorendo cos\u00ec l\u2019autonomia e potenziando il sostegno alle famiglie. In merito ai <span style=\"font-size: 12pt; font-family: 'Times New Roman','serif';\">Disagiati psico-fisici, inoltre, insisteremo affinch\u00e9 vi sia un maggiore impegno e coinvolgimento diretto dell&#8217;amministrazione nei progetti e nella programmazione delle associazioni presenti sul territorio e un costante ruolo di formazione e aggiornamento sulle tematiche relative alla lotta al disagio.<\/span><\/span><\/p>\n<p style=\"margin-bottom: 0.0001pt; text-align: justify; line-height: normal;\"><span style=\"font-size: 12pt; font-family: 'Times New Roman','serif';\">Cos\u00ec come chiediamo con decisione a questa Amministrazione e in particolar modo a lei, Sindaco Povia, di attivarsi con forza e tempestivit\u00e0 per evitare la definitiva chiusura del nostro <b>stabilimento ospedaliero<\/b>, pretendendo che venga rispettato l\u2019inalienabile diritto alla salute. Prima che, a causa dell\u2019approssimazione, delle inadempienze e dell\u2019inettitudine della politica, accada l\u2019irreparabile tragedia sulla pelle di un comune cittadino. Anche di questa seria e sentita problematica, lei, Sindaco Povia, non ne parla nelle sue linee programmatiche. Nemmeno un\u2019intenzione, un accenno, un gesto simbolico. Mi sovviene un dubbio. Conosce davvero bene, Lei, la Citt\u00e0 di cui per la terza volta si avvia ad esserne il primo cittadino? Perch\u00e9 leggendo e rileggendo le sue linee sembra di ascoltare un Sindaco di una citt\u00e0 qualunque, talmente aleatorie e generiche appaiono parole ed intenzioni.<\/span><\/p>\n<p style=\"margin-bottom: 0.0001pt; text-align: justify; line-height: normal;\"><span style=\"font-size: 12pt; font-family: 'Times New Roman','serif';\">Ha semplicemente accennato, ad esempio, all\u2019urbanistica. Un settore sul quale saremo attenti e critici. Affinch\u00e9 la gestione del territorio parta dalle reali esigenze dei cittadini e non dalla pianificazione degli speculatori edili ed immobiliari che, come ha dimostrato la vicenda Coop, spesso si \u00e8 mossa violando o aggirando le norme urbanistiche vigenti, con danni economici e sociali pesantissimi per la comunit\u00e0 cittadina. Secondo i principi del <i>\u201ccostruire sul costruito\u201d <\/i>e del <i>\u201cconsumo zero del territorio\u201d<\/i>, crediamo e chiederemo a questa amministrazione che si fermi l\u2019espansione edilizia a Gioia del Colle. Non abbiamo pi\u00f9 bisogno di costruire. Non avevamo bisogno di costruire cos\u00ec tanto. Ora \u00e8 il tempo di dedicarsi ai servizi di quartiere, al verde, ai luoghi di aggregazione per bambini e anziani, alle scuole, <b>al servizio di quella bellezza architettonica e urbanistica che migliora il benessere di una comunit\u00e0.<\/b><span style=\"font-size: 12pt; font-family: 'Times New Roman','serif';\"><\/span><\/span><\/p>\n<p style=\"margin-bottom: 0.0001pt; text-align: justify; line-height: normal;\"><span style=\"font-size: 12pt; font-family: 'Times New Roman','serif';\">Lei, Sindaco Povia, oggi ha parlato di bilancio partecipato, ma voglio ricordarle che durante il dibattito organizzato dall\u2019Associazione Libera proprio sulla Trasparenza, si era espresso con contrariet\u00e0 sull\u2019idea stessa di Bilancio partecipato, affermando che con il voto i cittadini hanno delegato i loro rappresentanti a prendere decisioni. Bene, proprio perch\u00e9 noi crediamo che il voto non \u00e8 una delega in bianco, che abbiamo il dovere di impedire la deresponsabilizzazione del cittadino e di garantire la trasparenza della gestione del pubblico denaro, noi torniamo e torneremo a chiederle, signor Sindaco, di mettere in atto lo strumento del Bilancio Partecipato.Il <b>Bilancio partecipato<\/b>, ad esempio, deve diventare uno straordinario strumento di partecipazione, trasparenza e democrazia per la nostra Citt\u00e0. Che i cittadini gioiesi possano dire e decidere concretamente su come i \u201cloro\u201d soldi, e non i nostri, debbano essere investiti ed utilizzati dall\u2019Ente, mi pare di una ovviet\u00e0 e civilt\u00e0 disarmante. Lei, infatti, nelle sue linee programmatiche parla della partecipazione dei cittadini solo come \u201criunioni pubbliche orientate all\u2019ascolto\u2026in cui singoli cittadini sono invitati a precisare bisogni e priorit\u00e0\u201d. Beh, voglio ricordarle che per bilancio partecipato si intende uno strumento dove i cittadini \u201cdecidono\u201d, \u201cvotano\u201d, non solo precisano e ascoltano. Serve coraggio, lo sappiamo, da parte di un\u2019Amministrazione per mettere in pratica tutto ci\u00f2.<\/span><\/p>\n<p style=\"margin-bottom: 0.0001pt; text-align: justify; line-height: normal;\"><span style=\"font-size: 12pt; font-family: 'Times New Roman','serif';\">Infine il lavoro. In merito alle attivit\u00e0 produttive, nelle sue linee programmaticheha enucleato la diagnosi del trend negativo dell\u2019economia gioiese. E la cura? E le proposte? Quali linee programmatiche concrete intende mettere in opera per rilanciare il settore? Una richiesta, Sindaco Povia, monitori immediatamente la situazione di crisi dell\u2019occupazione sul nostro territorio. Il Comune si ponga da subito al fianco delle aziende in crisi e dei lavoratori, agendo e mediando anche attraverso gli Enti sovracomunali, studiando e promuovendo nuovi investimenti produttivi sul nostro territorio.<span style=\"font-size: 12pt; font-family: 'Times New Roman','serif';\"><\/span><\/span><\/p>\n<p style=\"margin-bottom: 0.0001pt; text-align: justify; line-height: normal;\"><i><span style=\"font-size: 12pt; font-family: 'Times New Roman','serif';\">\u201cSic transit gloria mundi\u201d \u2013 \u201cPassa la gloria di questo mondo\u201d<\/span><\/i><span style=\"font-size: 12pt; font-family: 'Times New Roman','serif';\"> scriveva Tommaso da Kempis nell\u2019opera medioevale \u201cL\u2019Imitazione di Cristo\u201d. Passeremo anche noi. Passer\u00e0 il sottoscritto, signor Sindaco, passer\u00e0 questo Consiglio Comunale, passer\u00e0 anche leied i suoi assessori. Ma non passeranno i frutti del nostro operato. Frutti amari se si sar\u00e0 lavorato male, frutti salutari se si sar\u00e0 operato bene. Speriamo, dunque, che saggezza, umilt\u00e0 e responsabilit\u00e0 ci guidano e guidino Lei in particolare, Sindaco Povia, a lavorare da statista pi\u00f9 che da semplice politico. Perch\u00e9, come ha scritto uno dei grandi padri della Repubblica, Alcide de Gasperi, \u201c<a href=\"http:\/\/aforismi.meglio.it\/aforisma.htm?id=2325\"><i><span style=\"color: black; text-decoration: none;\">un politico guarda alle prossime elezioni. Uno statista guarda alla prossima generazione\u201d.<\/span><\/i><\/a><\/span><\/p>\n<p style=\"margin-bottom: 0.0001pt; text-align: justify; line-height: normal;\"><span style=\"font-size: 12pt; font-family: 'Times New Roman','serif'; color: black;\">Si cerchi, signor Sindaco, signor Presidente e colleghi consiglieri, di lavorare per le future generazioni e non su come vincere le future campagne elettorali.<\/span><\/p>\n<p style=\"margin-bottom: 0.0001pt; text-align: justify; line-height: normal;\"><span style=\"text-decoration: underline;\"><span style=\"font-size: 12pt; font-family: 'Times New Roman','serif';\">Concludo con la dichiarazione di voto sulle linee programmatiche. <span style=\"text-decoration: underline;\"><span style=\"font-size: 12pt; font-family: 'Times New Roman','serif'; color: black;\"><\/span><\/span><\/span><\/span><\/p>\n<p style=\"margin-bottom: 0.0001pt; text-align: justify; line-height: normal;\"><span style=\"text-decoration: underline;\"><span style=\"font-size: 12pt; font-family: 'Times New Roman','serif';\">Non vi \u00e8 stata, in definitiva, Sindaco Povia, nessuna parola concreta sul futuro dell\u2019Ospedale di Gioia, sulla questione Coop, sulla Spes, sulla situazione del Bilancio, su tante problematiche presenti in Citt\u00e0. Linee programmatiche che testimoniano l\u2019inesistenza di programmazione concreta, fatta di tempi e numeri, dati e progetti reali. La campagna elettorale \u00e8 finita e la Citt\u00e0 avrebbe voluto ascoltare, questa sera, come il neo sindaco e la sua amministrazione vogliano fattivamente calare sul concreto i principi enunciati. Ma, purtroppo, le sue linee programmatica testimoniano l\u2019assenza totale di programmazione seria, prova del fatto che la vostra, Sindaco Povia, pi\u00f9 che una coalizione fatta di competenze e menti migliori di questa citt\u00e0 (come da lei affermato in un dibattito) \u00e8 un insieme di personalit\u00e0 e gruppi interessati pi\u00f9 alla gestione del potere in s\u00e9 che al servizio pubblico, serio e disinteressato. <\/span><\/span><\/p>\n<p style=\"margin-bottom: 0.0001pt; text-align: justify; line-height: normal;\"><span style=\"text-decoration: underline;\"><span style=\"font-size: 12pt; font-family: 'Times New Roman','serif';\">Per queste ragioni voter\u00f2 contro alle sue e vostre linee programmatiche di mandato. <\/span><\/span><\/p>\n<p style=\"margin-bottom: 0.0001pt; text-align: justify; line-height: normal;\"><span style=\"text-decoration: underline;\"><span style=\"font-size: 12pt; font-family: 'Times New Roman','serif';\">Grazie.<\/span><\/span>&#8220;<\/p>\n<p><object width=\"640\" height=\"480\" data=\"http:\/\/www.youtube.com\/v\/iRBduuaLcoE?version=3&amp;hl=it_IT\" type=\"application\/x-shockwave-flash\"><param name=\"movie\" value=\"http:\/\/www.youtube.com\/v\/iRBduuaLcoE?version=3&amp;hl=it_IT\" \/><param name=\"allowFullScreen\" value=\"true\" \/><param name=\"allowscriptaccess\" value=\"always\" \/><\/object><\/p>\n","protected":false},"excerpt":{"rendered":"","protected":false},"author":1,"featured_media":23866,"comment_status":"open","ping_status":"closed","sticky":false,"template":"","format":"standard","meta":{"colormag_page_container_layout":"default_layout","colormag_page_sidebar_layout":"default_layout","footnotes":""},"categories":[4],"tags":[],"class_list":["post-23867","post","type-post","status-publish","format-standard","has-post-thumbnail","hentry","category-politica"],"_links":{"self":[{"href":"https:\/\/archiviogioia.lavocedelpaese.info\/index.php?rest_route=\/wp\/v2\/posts\/23867","targetHints":{"allow":["GET"]}}],"collection":[{"href":"https:\/\/archiviogioia.lavocedelpaese.info\/index.php?rest_route=\/wp\/v2\/posts"}],"about":[{"href":"https:\/\/archiviogioia.lavocedelpaese.info\/index.php?rest_route=\/wp\/v2\/types\/post"}],"author":[{"embeddable":true,"href":"https:\/\/archiviogioia.lavocedelpaese.info\/index.php?rest_route=\/wp\/v2\/users\/1"}],"replies":[{"embeddable":true,"href":"https:\/\/archiviogioia.lavocedelpaese.info\/index.php?rest_route=%2Fwp%2Fv2%2Fcomments&post=23867"}],"version-history":[{"count":0,"href":"https:\/\/archiviogioia.lavocedelpaese.info\/index.php?rest_route=\/wp\/v2\/posts\/23867\/revisions"}],"wp:featuredmedia":[{"embeddable":true,"href":"https:\/\/archiviogioia.lavocedelpaese.info\/index.php?rest_route=\/wp\/v2\/media\/23866"}],"wp:attachment":[{"href":"https:\/\/archiviogioia.lavocedelpaese.info\/index.php?rest_route=%2Fwp%2Fv2%2Fmedia&parent=23867"}],"wp:term":[{"taxonomy":"category","embeddable":true,"href":"https:\/\/archiviogioia.lavocedelpaese.info\/index.php?rest_route=%2Fwp%2Fv2%2Fcategories&post=23867"},{"taxonomy":"post_tag","embeddable":true,"href":"https:\/\/archiviogioia.lavocedelpaese.info\/index.php?rest_route=%2Fwp%2Fv2%2Ftags&post=23867"}],"curies":[{"name":"wp","href":"https:\/\/api.w.org\/{rel}","templated":true}]}}