{"id":23912,"date":"2012-06-16T06:13:00","date_gmt":"2012-06-16T06:13:00","guid":{"rendered":"https:\/\/archiviogioia.lavocedelpaese.info\/?p=23912"},"modified":"2012-06-16T06:13:00","modified_gmt":"2012-06-16T06:13:00","slug":"associazione-gioiese-eco-conquista-le-scuole-foto","status":"publish","type":"post","link":"https:\/\/archiviogioia.lavocedelpaese.info\/?p=23912","title":{"rendered":"ASSOCIAZIONE GIOIESE \u201cE.CO.\u201d CONQUISTA LE SCUOLE-foto"},"content":{"rendered":"<p><img loading=\"lazy\" decoding=\"async\" class=\" size-full wp-image-23902\" style=\"margin-right: 2px; margin-left: 2px;\" alt=\"action-point-premiazione-pp\" src=\"https:\/\/archiviogioia.lavocedelpaese.info\/wp-content\/uploads\/2012\/06\/action-point-premiazione-pp.jpg\" height=\"150\" width=\"320\" srcset=\"https:\/\/archiviogioia.lavocedelpaese.info\/wp-content\/uploads\/2012\/06\/action-point-premiazione-pp.jpg 640w, https:\/\/archiviogioia.lavocedelpaese.info\/wp-content\/uploads\/2012\/06\/action-point-premiazione-pp-300x141.jpg 300w\" sizes=\"auto, (max-width: 320px) 100vw, 320px\" \/><\/p>\n<p><!--more--><\/p>\n<p style=\"text-align: justify;\"><img loading=\"lazy\" decoding=\"async\" class=\" alignleft size-full wp-image-2313\" style=\"margin: 4px; float: left;\" alt=\"tavolo-relatori\" src=\"https:\/\/archiviogioia.lavocedelpaese.info\/wp-content\/uploads\/2010\/05\/tavolo-relatori.jpg\" height=\"180\" width=\"320\" \/>A fine anno scolastico chiusura dei lavori anche per \u201c<b>Action Points Network &#8211; A Scuola di Cittadinanza Attiva<\/b>\u201d, ennesimo successo di creativit\u00e0 progettuale della project manager <b>Rosangela Mastromarino<\/b>, realizzato per la <b>Onlus di Gioia del Colle, la \u201cE.CO. &#8211; Ente per la Comunicazione Umana\u201d, in partenariato con l\u2019Associazione A.SO.TU.DIS.<\/b><\/p>\n<p style=\"text-align: justify;\"><b>Il progetto biennale<\/b>, finanziato con fondi protocollo d\u2019intesa Fondazioni Bancarie e Volontariato, e con il patrocinio della Regione Puglia, della Provincia di Bari e del Comune di Gioia del Colle, <b>finalizzato alla prevenzione ed al contrasto del disagio giovanile<\/b>, ha presentato in un convegno tenutosi a Bari, in Villa Carducci, alcuni dei video spot ideati <img loading=\"lazy\" decoding=\"async\" class=\" alignright size-full wp-image-23903\" style=\"margin: 4px; float: right;\" alt=\"classi-vincitrici\" src=\"https:\/\/archiviogioia.lavocedelpaese.info\/wp-content\/uploads\/2012\/06\/classi-vincitrici.jpg\" height=\"126\" width=\"320\" srcset=\"https:\/\/archiviogioia.lavocedelpaese.info\/wp-content\/uploads\/2012\/06\/classi-vincitrici.jpg 756w, https:\/\/archiviogioia.lavocedelpaese.info\/wp-content\/uploads\/2012\/06\/classi-vincitrici-300x118.jpg 300w\" sizes=\"auto, (max-width: 320px) 100vw, 320px\" \/>dai circa <b>800 ragazzi<\/b> provenienti da <b>22 istituti<\/b> e premiato i vincitori del concorso \u201c<b>Action Team<\/b>\u201d.<\/p>\n<p style=\"text-align: justify;\">Nello staff Arianna Capozzi, nelle vesti di segretaria organizzativa e animatrice territoriale, responsabile del settore \u201cComunicazione\u201d <b>Piero De Palma<\/b>, formatori <b>Giorgio Gasparro, Paola Ardillo, Dora Lippolis e Marilena De Biasi<\/b>, preziosa coordinatrice operativa e amministrativa <b>Rosaria Risplendente<\/b>.<\/p>\n<p style=\"text-align: justify;\"><b><img loading=\"lazy\" decoding=\"async\" class=\" alignleft size-full wp-image-23904\" style=\"margin: 4px; float: left;\" alt=\"rosangela-tavolo\" src=\"https:\/\/archiviogioia.lavocedelpaese.info\/wp-content\/uploads\/2012\/06\/rosangela-tavolo.jpg\" height=\"169\" width=\"300\" srcset=\"https:\/\/archiviogioia.lavocedelpaese.info\/wp-content\/uploads\/2012\/06\/rosangela-tavolo.jpg 756w, https:\/\/archiviogioia.lavocedelpaese.info\/wp-content\/uploads\/2012\/06\/rosangela-tavolo-300x169.jpg 300w\" sizes=\"auto, (max-width: 300px) 100vw, 300px\" \/>Rosangela Mastromarino<\/b> &#8211; in questi giorni impegnata nel coordinamento <b>dell\u2019edizione 2012 del Campus Internazionale della Musica di Polignano<\/b> &#8211; oltre al ruolo \u201cmanageriale\u201d in lei innato &#8211; ha pReso in carico il monitoraggio dell&#8217;intero progetto e \u201caddestrato\u201d lo staff su metodologie innovative di facilitazione (OST-Open Space Technology) e presentato ai ragazzi che hanno costituito un action team la metodologia PCM &#8211; Project Cycle management.<\/p>\n<p style=\"text-align: justify;\">L&#8217;attivazione di una rete permanente di <b>Action Points<\/b> &#8211; <strong>l<\/strong><b>aboratori autogestiti da ragazzi<\/b> e monitorati dalle organizzazioni di volontariato <b>per produrre e proporre microprogettualit\u00e0 sociale nelle comunit\u00e0 di riferimento, si \u00e8 rivelata un successo<\/b> da riproporre ed estendere oltre la Bari &#8211; Bat, questa la pr<img loading=\"lazy\" decoding=\"async\" class=\" alignright size-full wp-image-23905\" style=\"margin: 4px; float: right;\" alt=\"gernone-moderatrice\" src=\"https:\/\/archiviogioia.lavocedelpaese.info\/wp-content\/uploads\/2012\/06\/gernone-moderatrice.jpg\" height=\"181\" width=\"320\" srcset=\"https:\/\/archiviogioia.lavocedelpaese.info\/wp-content\/uploads\/2012\/06\/gernone-moderatrice.jpg 756w, https:\/\/archiviogioia.lavocedelpaese.info\/wp-content\/uploads\/2012\/06\/gernone-moderatrice-300x169.jpg 300w\" sizes=\"auto, (max-width: 320px) 100vw, 320px\" \/>oposta che <b>Onofrio Introna<\/b>, Presidente del Consiglio regionale ha lanciato durante il suo intervento, sottolineando la freschezza e la vivacit\u00e0 dell\u2019uditorio e l\u2019importanza di formare ed informarsi.<\/p>\n<p style=\"text-align: justify;\"><b>La moderatrice dell\u2019incontro Sandra Gernone &#8211; Direttore del CSV &#8220;San Nicola&#8221;<\/b>, <b>ha ripercorso le tappe di un progetto nato nella perequazione sociale<\/b> puntando sul protagonismo dei giovani. Animazione territoriale, comunicazione sociale strategica e attivismo civico sono infatti le linee guida dei &#8220;Laboratori di Cittadinanza Attiva&#8221;, quindi <b>la parola \u00e8 passata alla presidente di E.CO., Angela Risplendente<\/b> che ha ringraziato i relatori, i ragazzi, i docenti referenti, i volontari\u2026 il suo pi\u00f9 accorato grazie lo ha rivolto a Rosangela Mastromarino, sua l\u2019idea vincente di entrare nelle scuole per scommettere sui giovani.<\/p>\n<p style=\"text-align: justify;\"><b><img loading=\"lazy\" decoding=\"async\" class=\" alignleft size-full wp-image-23906\" style=\"margin: 4px; float: left;\" alt=\"piero-e-rosangela\" src=\"https:\/\/archiviogioia.lavocedelpaese.info\/wp-content\/uploads\/2012\/06\/piero-e-rosangela.jpg\" height=\"181\" width=\"320\" srcset=\"https:\/\/archiviogioia.lavocedelpaese.info\/wp-content\/uploads\/2012\/06\/piero-e-rosangela.jpg 756w, https:\/\/archiviogioia.lavocedelpaese.info\/wp-content\/uploads\/2012\/06\/piero-e-rosangela-300x169.jpg 300w\" sizes=\"auto, (max-width: 320px) 100vw, 320px\" \/>Rosangela sottolinea<\/b> l\u2019importanza di un metodo di lavoro progettuale. \u201c<b>Qualunque idea<\/b> \u2013 dichiara la project manager gioiese \u2013 <b>va messa nero su bianco per darle concretezza<\/b>. Amo il mio lavoro, dopo 18 anni di progettazioni il momento che ricordo con pi\u00f9 gioia sono le notti e i giorni in cui ho pensato, immaginato i momenti dell\u2019attuazione\u2026 <b>\u00e8 entusiasmante passare dall\u2019idea alla realizzazione della stessa. Ogni progetto ha un ciclo di vita<\/b>, abbiamo realizzato un corto circuito tra scuola superiore e mondo del volontariato. <b>Voi siete l\u2019urgenza dell\u2019adesso<\/b>!\u201d<\/p>\n<p style=\"text-align: justify;\"><b>Tra le originali e innovative \u201cproduzioni\u201d un glossario della cittadinanza attiva e la maglietta griffata \u201cQR code\u201d,<\/b> un\u2019immagine che fotografata collega direttamente al sito degli Action Points.<\/p>\n<p style=\"text-align: justify;\"><b><img loading=\"lazy\" decoding=\"async\" class=\" alignright size-full wp-image-23907\" style=\"margin: 4px; float: right;\" alt=\"elena-gentile-saluto\" src=\"https:\/\/archiviogioia.lavocedelpaese.info\/wp-content\/uploads\/2012\/06\/elena-gentile-saluto.jpg\" height=\"181\" width=\"320\" srcset=\"https:\/\/archiviogioia.lavocedelpaese.info\/wp-content\/uploads\/2012\/06\/elena-gentile-saluto.jpg 756w, https:\/\/archiviogioia.lavocedelpaese.info\/wp-content\/uploads\/2012\/06\/elena-gentile-saluto-300x169.jpg 300w\" sizes=\"auto, (max-width: 320px) 100vw, 320px\" \/>L\u2019assessore Elena Gentile<\/b>, giunta in ritardo ha chiesto di poter seguire la conversazione prima di intervenire e come sempre \u00e8 stata efficace e appassionata.<\/p>\n<p style=\"text-align: justify;\">\u201c<b>Un\u2019esperienza in grado di mettere in rete tante risorse \u00e8 gi\u00e0 di per s\u00e9 uno straordinario risultato<\/b>. Il volontariato non \u00e8 pi\u00f9 una risposta ai bisogni, ma una responsabilit\u00e0 sociale, un valore aggiunto. Progetti cos\u00ec originali migliorano il nostro Welfare. <b>Il volontariato \u00e8 gratuit\u00e0, offerta di passione e competenza ma pu\u00f2 essere occasione di progettare il proprio futuro<\/b>. Un\u2019impresa no profit di valore costituisce valore aggiunto. <b>A breve partir\u00e0 un nuovo bando per il microcredito alle imprese<\/b>, un\u2019occasione per costruire un progetto di vita\u2026<b>Sono al vostro fianco!<\/b>\u201d<\/p>\n<p style=\"text-align: justify;\"><b>Antonio Carbone, Presidente Coge Puglia<\/b>, ne \u00e8 convinto: occorre interconnettersi con <img loading=\"lazy\" decoding=\"async\" class=\" alignleft size-full wp-image-23908\" style=\"margin: 4px; float: left;\" alt=\"giorgio-gasparro-2\" src=\"https:\/\/archiviogioia.lavocedelpaese.info\/wp-content\/uploads\/2012\/06\/giorgio-gasparro-2.jpg\" height=\"181\" width=\"320\" srcset=\"https:\/\/archiviogioia.lavocedelpaese.info\/wp-content\/uploads\/2012\/06\/giorgio-gasparro-2.jpg 756w, https:\/\/archiviogioia.lavocedelpaese.info\/wp-content\/uploads\/2012\/06\/giorgio-gasparro-2-300x169.jpg 300w\" sizes=\"auto, (max-width: 320px) 100vw, 320px\" \/>questo linguaggio, studiare la comunicazione. <b>Cittadinanza attiva vuol dire comunicare bisogni ed esigenze,<\/b> sembra scontato ma sulle cose concrete i risultati danno ragione, occorre conoscere il territorio, valorizzarlo e dare il proprio contributo.<\/p>\n<p style=\"text-align: justify;\">Quindi sono intervenuti i formatori ed i docenti referenti, pronti a testimoniare la propria esperienza. Rompe il ghiaccio <b>Giorgio Gasparro<\/b>, convinto che i ragazzi siano depositari di creativit\u00e0, valori, capacit\u00e0 di progettare.<\/p>\n<p style=\"text-align: justify;\">Lo seguono <b>Rosa Paolillo<\/b>, <b>il professor Morea, la professoressa Lavinia Costantino<\/b> e altri. Toccante la testimonianza di <b>Giorgia Dipaola<\/b>, <b>promoter dell\u2019AIDO<\/b>. Alla 22enne all\u2019et\u00e0 di 15 anni viene diagnosticata una cardiomiopatia <img loading=\"lazy\" decoding=\"async\" class=\" alignright size-full wp-image-23909\" style=\"margin: 4px; float: right;\" alt=\"giorgiadipaola\" src=\"https:\/\/archiviogioia.lavocedelpaese.info\/wp-content\/uploads\/2012\/06\/giorgiadipaola.png\" height=\"237\" width=\"220\" \/>asintomatica, nel giro di pochi giorni passa da una vita normale (scuola, danza, palestra\u2026) a quello che molti definirebbero un incubo: nessun movimento o sforzo, e pochi mesi di vita se non trover\u00e0 un nuovo cuore. <b>Il coraggio con cui affronta il trapianto, la convalescenza, le conseguenze <\/b>(paralisi del palato, la sordit\u00e0 che la costringe all\u2019uso di protesi) <b>nasce da un\u2019immensa voglia di vivere<\/b>. Il sostegno della famiglia, degli amici non \u00e8 mai venuto meno, \u201c\u2026spesso non instauriamo rapporti autentici con le persone, io sono stata fortunata, ho sempre chiesto aiuto a persone che mi hanno dato affetto.\u201d<\/p>\n<p style=\"text-align: justify;\">Mentre sullo schermo le slide con le foto scorrono, un silenzio assoluto accoglie le sue parole.<\/p>\n<p style=\"text-align: justify;\"><b>Francesco Canale \u2013 Anima Blu<\/b>, artista, rivoluzionario, romantico 23enne nato a Napoli e \u201cmigrato\u201d a soli 40 giorni nel nord, adottato da una splendida e \u201cintelligente\u201d famiglia che a differenza di quella \u201cbiologica\u201d non aveva avuto paura della sua diversit\u00e0, esordisce con il motto: \u201c<b>Vivere sempre, <img loading=\"lazy\" decoding=\"async\" class=\" alignleft size-full wp-image-23910\" style=\"margin: 4px; float: left;\" alt=\"francesco canale 1\" src=\"https:\/\/archiviogioia.lavocedelpaese.info\/wp-content\/uploads\/2012\/06\/francesco_canale_1.jpg\" height=\"240\" width=\"320\" srcset=\"https:\/\/archiviogioia.lavocedelpaese.info\/wp-content\/uploads\/2012\/06\/francesco_canale_1.jpg 720w, https:\/\/archiviogioia.lavocedelpaese.info\/wp-content\/uploads\/2012\/06\/francesco_canale_1-300x225.jpg 300w\" sizes=\"auto, (max-width: 320px) 100vw, 320px\" \/>sopravvivere mai!<\/b>\u201d<\/p>\n<p style=\"text-align: justify;\"><b>Francesco \u00e8 nato privo degli arti<\/b>. A scuola incita i compagni a usare la sua carrozzella per giocare allo \u201cschiaccia piedi\u201d, non ama i giochi tranquilli suggeriti dalle docenti. In campo presidia la porta ed \u00e8 un portiere molto gettonato \u201ctutti avevano paura di rompersi le gambe a venir troppo vicino!\u201d<\/p>\n<p style=\"text-align: justify;\">Scrive dapprima poggiando la penna al mento, poi con la bocca, <b>accetta sfide di scrittura veloce,<\/b> quindi passa alla pittura, ama il teatro, la musica, tutto ci\u00f2 che \u00e8 Arte. La sua vita affettiva \u00e8 normale, si \u00e8 sposato ed ha un messaggio per tutti: \u201c<b>Non esistono persone che sono completamente uguali agli altri, ognuno \u00e8 unico ed irripetibile, occorre lottare contro l\u2019omologazione. L\u2019importante \u00e8 cercare di capire chi sei davvero<\/b>!\u201d<\/p>\n<p style=\"text-align: justify;\"><b><img loading=\"lazy\" decoding=\"async\" class=\" alignright size-full wp-image-2573\" style=\"margin: 4px; float: right;\" alt=\"rosa-franco\" src=\"https:\/\/archiviogioia.lavocedelpaese.info\/wp-content\/uploads\/2010\/06\/rosa-franco.jpg\" height=\"180\" width=\"321\" \/>Rosa Franco<\/b>, <b>Presidente del CSV &#8220;San Nicola&#8221;<\/b> si sofferma sulla natura del volontario, che a suo dire ha una sensibilit\u00e0 particolare e sa creare rapporti solidali che possono cambiare il volto della societ\u00e0. \u201cSe chi \u00e8 normale sta bene in famiglia, nella societ\u00e0 \u00e8 perch\u00e9 c\u2019\u00e8 qualcuno che gli vuole bene.<\/p>\n<p style=\"text-align: justify;\">Un breve break, poi <b>Piero De Palma<\/b> <b>premia i primi tre classificati per i Micro Progetti (27 in concorso) e per i video spot (24) <\/b>offrendo ai ragazzi e ai docenti premi e attestati di partecipazione preparati da <b>Rosaria Risplendente<\/b>, in prima linea con <b>Tommaso Lillo<\/b>. Sono gli stessi ragazzi, coadiuvati se necessario dai docenti, a presentare i loro lavori.<\/p>\n<p style=\"text-align: justify;\"><img loading=\"lazy\" decoding=\"async\" class=\" alignleft size-full wp-image-23911\" style=\"margin: 4px; float: left;\" alt=\"michele-addabbo-3\" src=\"https:\/\/archiviogioia.lavocedelpaese.info\/wp-content\/uploads\/2012\/06\/michele-addabbo-3.jpg\" height=\"329\" width=\"220\" srcset=\"https:\/\/archiviogioia.lavocedelpaese.info\/wp-content\/uploads\/2012\/06\/michele-addabbo-3.jpg 316w, https:\/\/archiviogioia.lavocedelpaese.info\/wp-content\/uploads\/2012\/06\/michele-addabbo-3-201x300.jpg 201w\" sizes=\"auto, (max-width: 220px) 100vw, 220px\" \/>Durante la premiazione &#8211; sollecitato a gran voce &#8211; un gradito intervento della pedagogista <b>Eufrasia Capodiferro<\/b> sulla bont\u00e0 \u201csociale\u201d dei progetti, introduce al tema.<\/p>\n<p style=\"text-align: justify;\"><b>Tra i vincitori anche un gioiese, Michele Addabbo iscritto al 4\u00b0 anno presso il Rosa Luxemburg di Acquaviva<\/b>. La sua proposta progettuale sociale \u2013 ecosostenibile <b>\u201cDog S.O.S.\u201d,<\/b> piazzatasi al primo posto ha conquistato tutti: <b>pet terapy per disabili in un canile costruito con bottiglie di plastica riciclata<\/b> nel quale ospitare i randagi. Il sostegno alla realizzazione di questo originale progetto \u00e8 praticamente certo, cos\u00ec come il premio di mille euro da condividere con le \u201cco-progettiste <b>Andreina Tricarico e Francesca Rella<\/b>.<\/p>\n<p style=\"text-align: justify;\">Seconda classificata proveniente dallo stesso istituto <b>Georgieva Francone<\/b> con <b>\u201cLiberi di \u201cESSERE\u201d, <\/b>LDE e terzo <b>Michele Tamma<\/b>, del \u201cGiulio Cesare\u201d di Bari con <b>\u201cAm\u2019a fa na scommess\u201d<\/b>.<\/p>\n<p style=\"text-align: justify;\">Per i video spot prima classificata <b>Alessia Mascoli<\/b> dell\u2019istituto LC Oriani di Corato con il video \u201c<b>Vivi la vita a colori<\/b>\u201d, seconda <b>Francesca Piccioni<\/b> del Traetta di Bitonto con <b>\u201cViaggio\u2026 oltre le barriere\u201d<\/b> e terzo <b>Nicola Ferrante<\/b> del Salvemini di Bari con <b>\u201cL\u2019amore \u00e8 universale\u201d.<\/b><\/p>\n<p style=\"text-align: justify;\">Per visualizzare i tre video premiati clicca qui:<\/p>\n<p style=\"text-align: justify;\"><a href=\"#\"><\/a><a href=\"http:\/\/www.actionpoint.it\/video.html\">http:\/\/www.actionpoint.it\/video.html#<\/a><\/p>\n<p><object type=\"application\/x-shockwave-flash\" width=\"660\" height=\"660\" flashvars=\"host=picasaweb.google.com&amp;hl=it&amp;feat=flashalbum&amp;RGB=0x000000&amp;feed=https:\/\/picasaweb.google.com\/data\/feed\/api\/user\/104626251937098962566\/albumid\/5754519285090394593?alt=rss&amp;kind=photo&amp;authkey=Gv1sRgCLjE3bOs_oW-vAE&amp;hl=it\" pluginspage=\"http:\/\/www.macromedia.com\/go\/getflashplayer\" data=\"https:\/\/picasaweb.google.com\/s\/c\/bin\/slideshow.swf\"><param name=\"movie\" value=\"https:\/\/picasaweb.google.com\/s\/c\/bin\/slideshow.swf\" \/><\/object><\/p>\n","protected":false},"excerpt":{"rendered":"","protected":false},"author":1,"featured_media":23902,"comment_status":"open","ping_status":"closed","sticky":false,"template":"","format":"standard","meta":{"colormag_page_container_layout":"default_layout","colormag_page_sidebar_layout":"default_layout","footnotes":""},"categories":[7],"tags":[],"class_list":["post-23912","post","type-post","status-publish","format-standard","has-post-thumbnail","hentry","category-attualita"],"_links":{"self":[{"href":"https:\/\/archiviogioia.lavocedelpaese.info\/index.php?rest_route=\/wp\/v2\/posts\/23912","targetHints":{"allow":["GET"]}}],"collection":[{"href":"https:\/\/archiviogioia.lavocedelpaese.info\/index.php?rest_route=\/wp\/v2\/posts"}],"about":[{"href":"https:\/\/archiviogioia.lavocedelpaese.info\/index.php?rest_route=\/wp\/v2\/types\/post"}],"author":[{"embeddable":true,"href":"https:\/\/archiviogioia.lavocedelpaese.info\/index.php?rest_route=\/wp\/v2\/users\/1"}],"replies":[{"embeddable":true,"href":"https:\/\/archiviogioia.lavocedelpaese.info\/index.php?rest_route=%2Fwp%2Fv2%2Fcomments&post=23912"}],"version-history":[{"count":0,"href":"https:\/\/archiviogioia.lavocedelpaese.info\/index.php?rest_route=\/wp\/v2\/posts\/23912\/revisions"}],"wp:featuredmedia":[{"embeddable":true,"href":"https:\/\/archiviogioia.lavocedelpaese.info\/index.php?rest_route=\/wp\/v2\/media\/23902"}],"wp:attachment":[{"href":"https:\/\/archiviogioia.lavocedelpaese.info\/index.php?rest_route=%2Fwp%2Fv2%2Fmedia&parent=23912"}],"wp:term":[{"taxonomy":"category","embeddable":true,"href":"https:\/\/archiviogioia.lavocedelpaese.info\/index.php?rest_route=%2Fwp%2Fv2%2Fcategories&post=23912"},{"taxonomy":"post_tag","embeddable":true,"href":"https:\/\/archiviogioia.lavocedelpaese.info\/index.php?rest_route=%2Fwp%2Fv2%2Ftags&post=23912"}],"curies":[{"name":"wp","href":"https:\/\/api.w.org\/{rel}","templated":true}]}}