{"id":23932,"date":"2012-06-16T06:53:40","date_gmt":"2012-06-16T06:53:40","guid":{"rendered":"https:\/\/archiviogioia.lavocedelpaese.info\/?p=23932"},"modified":"2012-06-16T06:53:40","modified_gmt":"2012-06-16T06:53:40","slug":"bandi-e-avvisi-pubblici-primi-passi-nuova-giunta-povia","status":"publish","type":"post","link":"https:\/\/archiviogioia.lavocedelpaese.info\/?p=23932","title":{"rendered":"BANDI E AVVISI PUBBLICI PRIMI PASSI NUOVA GIUNTA POVIA"},"content":{"rendered":"<p><img loading=\"lazy\" decoding=\"async\" class=\" size-full wp-image-23925\" style=\"margin-right: 2px; margin-left: 2px;\" alt=\"giunta-povia-primi-passi\" src=\"https:\/\/archiviogioia.lavocedelpaese.info\/wp-content\/uploads\/2012\/06\/giunta-povia-primi-passi.png\" height=\"150\" width=\"320\" srcset=\"https:\/\/archiviogioia.lavocedelpaese.info\/wp-content\/uploads\/2012\/06\/giunta-povia-primi-passi.png 640w, https:\/\/archiviogioia.lavocedelpaese.info\/wp-content\/uploads\/2012\/06\/giunta-povia-primi-passi-300x141.png 300w\" sizes=\"auto, (max-width: 320px) 100vw, 320px\" \/><\/p>\n<p><!--more--><\/p>\n<p style=\"text-align: justify;\"><b><img loading=\"lazy\" decoding=\"async\" class=\" alignleft size-full wp-image-23927\" style=\"margin: 4px; float: left;\" alt=\"piera de giorgi masi lenin\" src=\"https:\/\/archiviogioia.lavocedelpaese.info\/wp-content\/uploads\/2012\/06\/piera_de_giorgi_masi_lenin.jpg\" height=\"201\" width=\"300\" srcset=\"https:\/\/archiviogioia.lavocedelpaese.info\/wp-content\/uploads\/2012\/06\/piera_de_giorgi_masi_lenin.jpg 960w, https:\/\/archiviogioia.lavocedelpaese.info\/wp-content\/uploads\/2012\/06\/piera_de_giorgi_masi_lenin-300x201.jpg 300w, https:\/\/archiviogioia.lavocedelpaese.info\/wp-content\/uploads\/2012\/06\/piera_de_giorgi_masi_lenin-768x514.jpg 768w\" sizes=\"auto, (max-width: 300px) 100vw, 300px\" \/>A coloro che chiedevano lumi sulle linee programmatiche dell\u2019Amministrazione<\/b> appena insediatasi di cui \u00e8 sindaco Sergio Povia, una prima risposta la si pu\u00f2 dare attingendo ai primissimi atti redatti.<\/p>\n<p style=\"text-align: justify;\">In data 4 giugno compare il \u201c<b>Bando di gara per il conferimento di incarico di responsabile servizio prevenzione e protezione<\/b>\u201d.<\/p>\n<p style=\"text-align: justify;\">A fronte di un <b>importo a base d\u2019asta di \u20ac 10.000,00 annui<\/b>, IVA e CNPAIA compresi, il responsabile individuato dal <b>Dirigente del Settore Lavori Pubblici<\/b> &#8211; preposto alla valutazione delle domande pervenute e all&#8217;assegnazione di un punteggio, secondo i parametri indicati nel bando per poi stilare una graduatoria in base alla quale procedere all&#8217;aggiudicazione \u2013 <b>dovr\u00e0 possedere laurea, abilitazione, esperienza e requisiti indicati nel bando stesso<\/b>.<b><img loading=\"lazy\" decoding=\"async\" class=\" alignright size-full wp-image-23929\" style=\"margin: 4px; float: right;\" alt=\"sergio povia espone\" src=\"https:\/\/archiviogioia.lavocedelpaese.info\/wp-content\/uploads\/2012\/06\/sergio_povia_espone.jpg\" height=\"201\" width=\"300\" srcset=\"https:\/\/archiviogioia.lavocedelpaese.info\/wp-content\/uploads\/2012\/06\/sergio_povia_espone.jpg 960w, https:\/\/archiviogioia.lavocedelpaese.info\/wp-content\/uploads\/2012\/06\/sergio_povia_espone-300x201.jpg 300w, https:\/\/archiviogioia.lavocedelpaese.info\/wp-content\/uploads\/2012\/06\/sergio_povia_espone-768x514.jpg 768w\" sizes=\"auto, (max-width: 300px) 100vw, 300px\" \/><\/b><\/p>\n<p style=\"text-align: justify;\"><b>La scadenza per la presentazione della domanda \u00e8 il 29 giugno 2012<\/b>. Nella parte relativa alle incombenze del responsabile si potr\u00e0 notare nel bando integrale in allegato, un infinito elenco che scoraggerebbe anche i pi\u00f9 \u201ctitolati\u201d, sempre a fronte dell\u2019importo in base d\u2019asta.<\/p>\n<p style=\"text-align: justify;\">Di contro, <b>colui il quale dovr\u00e0 dirigere il IV settore<\/b>, (prossimo ingegnere-valutatore dei futuri responsabili di protezione civile)- stante l\u2019avviso pubblico pubblicato presumibilmente il giorno prima, essendo la <b>scadenza per la presentazione delle domande il 28 giugno<\/b> \u2013 \u201c<b>per sei mesi<\/b> \u2013 cos\u00ec riporta lo stesso bando &#8211; <b>percepir\u00e0 un trattamento economico<\/b> che \u201cin considerazione dell<b><img loading=\"lazy\" decoding=\"async\" class=\" alignleft size-full wp-image-15562\" style=\"margin: 4px; float: left;\" alt=\"municipio bandiere\" src=\"https:\/\/archiviogioia.lavocedelpaese.info\/wp-content\/uploads\/2011\/10\/municipio_bandiere.jpg\" height=\"301\" width=\"200\" srcset=\"https:\/\/archiviogioia.lavocedelpaese.info\/wp-content\/uploads\/2011\/10\/municipio_bandiere.jpg 1276w, https:\/\/archiviogioia.lavocedelpaese.info\/wp-content\/uploads\/2011\/10\/municipio_bandiere-199x300.jpg 199w, https:\/\/archiviogioia.lavocedelpaese.info\/wp-content\/uploads\/2011\/10\/municipio_bandiere-681x1024.jpg 681w, https:\/\/archiviogioia.lavocedelpaese.info\/wp-content\/uploads\/2011\/10\/municipio_bandiere-768x1156.jpg 768w, https:\/\/archiviogioia.lavocedelpaese.info\/wp-content\/uploads\/2011\/10\/municipio_bandiere-1021x1536.jpg 1021w\" sizes=\"auto, (max-width: 200px) 100vw, 200px\" \/><\/b>a temporaneit\u00e0, esclusivit\u00e0, onnicomprensivit\u00e0 dell&#8217;incarico e del livello di autonomia e responsabilit\u00e0 assunta, \u00e8 determinato in <b>\u20ac. 55.000,56 annui comprensivi di 13 mensilit\u00e0<\/b>, al lordo delle ritenute di legge (previdenziali, fiscali etc) a carico dipendente\u201d.<\/p>\n<p style=\"text-align: justify;\"><b>Per il fortunato ingegnere<\/b> \u201c<b>\u00e8 inoltre prevista una indennit\u00e0 di risultato<\/b> da determinarsi successivamente in relazione agli obiettivi assegnati\u201d.<\/p>\n<p style=\"text-align: justify;\">Il candidato ideale dovr\u00e0 possedere <b>laurea in ingegneria, non aver superato i 67 anni, aver maturato comprovata esperienza e professionalit\u00e0<\/b> nell&#8217;organizzazione ed amministrazione di Enti e Organismi pubblici o privati. Dovr\u00e0, infine, autocertificare di possedere i requisiti richiesti e \u201c<b>rimuovere qualunque causa di incompatibilit\u00e0<\/b>\u201d.<\/p>\n<p style=\"text-align: justify;\"><b>Accertare i requisiti, valutare i titoli e nominare l\u2019ingegnere dell\u2019U.T.C. \u00e8 compito del sindaco in carica, quindi di Sergio Povia<\/b>.<\/p>\n<p style=\"text-align: justify;\"><b>Tra le scadenze meno \u201ctecniche\u201d<\/b> che pi\u00f9 potrebbero interessare la comunit\u00e0 vi \u00e8 <b>il 30 giugno 2012<\/b>, data entro cui dovr\u00e0 essere presentata la <b>richiesta di contributo prevista nell\u2019avviso pubblico per l\u2019abbattimento di barriere architettoniche negli edifici privati (importo massimo concedibile \u20ac 3.000,00)<\/b> ed il <b>bando regionale per l\u2019ammodernamento delle aziende agricole<\/b> <b>in scadenza il 13 luglio 2<\/b><b><img loading=\"lazy\" decoding=\"async\" class=\" alignright size-full wp-image-23931\" style=\"margin: 4px; float: right;\" alt=\"lucilla donato in consiglio\" src=\"https:\/\/archiviogioia.lavocedelpaese.info\/wp-content\/uploads\/2012\/06\/lucilla_donato_in_consiglio.jpg\" height=\"201\" width=\"300\" srcset=\"https:\/\/archiviogioia.lavocedelpaese.info\/wp-content\/uploads\/2012\/06\/lucilla_donato_in_consiglio.jpg 960w, https:\/\/archiviogioia.lavocedelpaese.info\/wp-content\/uploads\/2012\/06\/lucilla_donato_in_consiglio-300x201.jpg 300w, https:\/\/archiviogioia.lavocedelpaese.info\/wp-content\/uploads\/2012\/06\/lucilla_donato_in_consiglio-768x514.jpg 768w\" sizes=\"auto, (max-width: 300px) 100vw, 300px\" \/><\/b><b>012<\/b>. Potranno &#8220;ammodernarsi&#8221; gli imprenditori agricoli che richiederanno da investiranno da un minimo di <b>30mila euro a un massimo di 2 milioni di euro<\/b> <b>con un contributo \u201ca fondo perduto dal 40% al 60% del contributo ammesso\u201d<\/b>.<\/p>\n<p style=\"text-align: justify;\">Nel frattempo si \u00e8 insediata la nuova <b>Commissione elettorale<\/b>. Tra i nominai troviamo <b>Donato Lucilla<\/b>, <b>Erasmo Mancino<\/b> e <b>Giovanni Vasco<\/b>, oltre al sindaco.<\/p>\n<p><b>Bando ammodernamento aziende agricole[1].pdf<\/b> <a href=\"http:\/\/www.comune.gioiadelcolle.ba.it\/cms\/files\/fb8249b2-72aa-4f19-bfc1-995261ae93f0\">Scarica il Bando Regionale<\/a><\/p>\n<p><b>bando di gara responsabile protezione civile.pdf<\/b> <a href=\"http:\/\/www.comune.gioiadelcolle.ba.it\/cms\/files\/1d742d05-9d60-4912-9acf-5f64c6f3c1ce\">Scarica il Bando di Gara<\/a><\/p>\n<p><b>avviso pubblico dirigente ufficio tecnico.pdf<\/b> <a href=\"http:\/\/www.comune.gioiadelcolle.ba.it\/cms\/files\/1c0b3400-63b8-4437-915d-86a64d4bc53a\">Scarica l&#8217;Avviso Pubblico<\/a><\/p>\n<p><b>avviso pubbl.barriere arch.pdf<\/b>&nbsp;<a href=\"https:\/\/mail.google.com\/mail\/u\/0\/?ui=2&amp;ik=302062777c&amp;view=att&amp;th=137eae21b7b8e29d&amp;attid=0.4&amp;disp=safe&amp;zw\"><span style=\"color: windowtext; text-decoration: none;\"><span style=\"text-decoration: underline;\"><span style=\"color: blue;\"><\/span><\/span><\/span><\/a><a href=\"http:\/\/www.comune.gioiadelcolle.ba.it\/cms\/files\/3c96070b-f3a0-46ff-9f9e-310eeea3daf9\" class=\"cms-file\">Scarica il Bando Integrale<\/a><span style=\"font-size: 12pt; font-family: 'Times New Roman','serif';\"><a href=\"https:\/\/mail.google.com\/mail\/u\/0\/?ui=2&amp;ik=302062777c&amp;view=att&amp;th=137eae21b7b8e29d&amp;attid=0.4&amp;disp=safe&amp;zw\"> <\/a><\/span><\/p>\n<p>&nbsp;<\/p>\n<p>&nbsp;<\/p>\n<p>&nbsp;<\/p>\n","protected":false},"excerpt":{"rendered":"","protected":false},"author":1,"featured_media":23925,"comment_status":"open","ping_status":"closed","sticky":false,"template":"","format":"standard","meta":{"colormag_page_container_layout":"default_layout","colormag_page_sidebar_layout":"default_layout","footnotes":""},"categories":[4],"tags":[],"class_list":["post-23932","post","type-post","status-publish","format-standard","has-post-thumbnail","hentry","category-politica"],"_links":{"self":[{"href":"https:\/\/archiviogioia.lavocedelpaese.info\/index.php?rest_route=\/wp\/v2\/posts\/23932","targetHints":{"allow":["GET"]}}],"collection":[{"href":"https:\/\/archiviogioia.lavocedelpaese.info\/index.php?rest_route=\/wp\/v2\/posts"}],"about":[{"href":"https:\/\/archiviogioia.lavocedelpaese.info\/index.php?rest_route=\/wp\/v2\/types\/post"}],"author":[{"embeddable":true,"href":"https:\/\/archiviogioia.lavocedelpaese.info\/index.php?rest_route=\/wp\/v2\/users\/1"}],"replies":[{"embeddable":true,"href":"https:\/\/archiviogioia.lavocedelpaese.info\/index.php?rest_route=%2Fwp%2Fv2%2Fcomments&post=23932"}],"version-history":[{"count":0,"href":"https:\/\/archiviogioia.lavocedelpaese.info\/index.php?rest_route=\/wp\/v2\/posts\/23932\/revisions"}],"wp:featuredmedia":[{"embeddable":true,"href":"https:\/\/archiviogioia.lavocedelpaese.info\/index.php?rest_route=\/wp\/v2\/media\/23925"}],"wp:attachment":[{"href":"https:\/\/archiviogioia.lavocedelpaese.info\/index.php?rest_route=%2Fwp%2Fv2%2Fmedia&parent=23932"}],"wp:term":[{"taxonomy":"category","embeddable":true,"href":"https:\/\/archiviogioia.lavocedelpaese.info\/index.php?rest_route=%2Fwp%2Fv2%2Fcategories&post=23932"},{"taxonomy":"post_tag","embeddable":true,"href":"https:\/\/archiviogioia.lavocedelpaese.info\/index.php?rest_route=%2Fwp%2Fv2%2Ftags&post=23932"}],"curies":[{"name":"wp","href":"https:\/\/api.w.org\/{rel}","templated":true}]}}