{"id":24041,"date":"2012-06-20T04:55:40","date_gmt":"2012-06-20T04:55:40","guid":{"rendered":"https:\/\/archiviogioia.lavocedelpaese.info\/?p=24041"},"modified":"2012-06-20T04:55:40","modified_gmt":"2012-06-20T04:55:40","slug":"rifiuti-riparte-progetto-viva-mente-differenziamoci","status":"publish","type":"post","link":"https:\/\/archiviogioia.lavocedelpaese.info\/?p=24041","title":{"rendered":"RIFIUTI: RIPARTE PROGETTO \u201cVIVA-MENTE DIFFERENZIAMOCI\u201d"},"content":{"rendered":"<p><img loading=\"lazy\" decoding=\"async\" class=\" size-full wp-image-24037\" style=\"margin-right: 2px; margin-left: 2px;\" alt=\"differenziata-ogechi-pp\" src=\"https:\/\/archiviogioia.lavocedelpaese.info\/wp-content\/uploads\/2012\/06\/differenziata-ogechi-pp.jpg\" height=\"150\" width=\"320\" srcset=\"https:\/\/archiviogioia.lavocedelpaese.info\/wp-content\/uploads\/2012\/06\/differenziata-ogechi-pp.jpg 640w, https:\/\/archiviogioia.lavocedelpaese.info\/wp-content\/uploads\/2012\/06\/differenziata-ogechi-pp-300x141.jpg 300w\" sizes=\"auto, (max-width: 320px) 100vw, 320px\" \/><\/p>\n<p><!--more--><\/p>\n<p style=\"text-align: justify;\"><img loading=\"lazy\" decoding=\"async\" class=\" alignleft size-full wp-image-24038\" style=\"margin: 4px; float: left;\" alt=\"differenziata-porta-a-porta-ogechi\" src=\"https:\/\/archiviogioia.lavocedelpaese.info\/wp-content\/uploads\/2012\/06\/differenziata-porta-a-porta-ogechi.jpg\" height=\"225\" width=\"300\" srcset=\"https:\/\/archiviogioia.lavocedelpaese.info\/wp-content\/uploads\/2012\/06\/differenziata-porta-a-porta-ogechi.jpg 472w, https:\/\/archiviogioia.lavocedelpaese.info\/wp-content\/uploads\/2012\/06\/differenziata-porta-a-porta-ogechi-300x225.jpg 300w\" sizes=\"auto, (max-width: 300px) 100vw, 300px\" \/>&#8220;Il successo di <b>18 mesi di \u201cazione di raccolta porta a porta\u201d<\/b> ha dimostrato che la differenziazione dei rifiuti funziona ed \u00e8 socialmente ed economicamente vantaggiosa per la Comunit\u00e0.<\/p>\n<p style=\"text-align: justify;\"><b>Meno sprechi, maggiore salvaguardia dell&#8217;ambiente<\/b>, inclusione socio-lavorativa di soggetti svantaggiati, riduzione della spesa pubblica destinata a sussidi di sostegno, rappresentano i benefici di questa scelta.<\/p>\n<p style=\"text-align: justify;\"><b>Con questi presupposti, l&#8217;Ufficio di Piano dell&#8217;Ambito Territoriale dei Comuni di Gioia del Colle, Casamassima, Sammichele di Bari, Turi,<\/b> nell&#8217;ambito del II Piano Sociale di Zona 2010\/2012 <b>ha programmato in continuit\u00e0<\/b> la realizzazione del Progetto \u201c<b>Viva-Mente \u2013 Differenziamoci<\/b>\u201d, inserito nell&#8217;area prioritaria d\u2019intervento di inclusione sociale per persone svantaggiate.<\/p>\n<p style=\"text-align: justify;\">L&#8217;azione prevede la gestione diretta del Progetto da parte de<img loading=\"lazy\" decoding=\"async\" class=\" alignright size-full wp-image-24039\" style=\"margin: 4px; float: right;\" alt=\"raccolta-porta-a-porta-ogechi\" src=\"https:\/\/archiviogioia.lavocedelpaese.info\/wp-content\/uploads\/2012\/06\/raccolta-porta-a-porta-ogechi.jpg\" height=\"267\" width=\"200\" srcset=\"https:\/\/archiviogioia.lavocedelpaese.info\/wp-content\/uploads\/2012\/06\/raccolta-porta-a-porta-ogechi.jpg 354w, https:\/\/archiviogioia.lavocedelpaese.info\/wp-content\/uploads\/2012\/06\/raccolta-porta-a-porta-ogechi-225x300.jpg 225w\" sizes=\"auto, (max-width: 200px) 100vw, 200px\" \/>lla <b>OGECHI Cooperativa Sociale Onlus <\/b>ed il coinvolgimento dell&#8217;intero Ambito Territoriale, <b>la preziosa collaborazione <\/b>della <b>S.P.E.S. Gioia S.p.A.<\/b> e della <b>SI.ECO. S.p.A. di Sammichele di Bari che metteranno a disposizione mezzo di trasporto e attivit\u00e0 di accompagnamento, <\/b>del Consorzio <b>A.T.O. BA\/5<\/b> e con il partenariato del <b>C.T.I.<\/b> (Centro Territoriale per l\u2019Impiego<b>) e delle Associazioni E.Co., A.So.Tu.Dis., WWF Acquaviva-Gioia del Colle-Santeramo e Legambiente Puglia di Bari.<\/b><\/p>\n<p style=\"text-align: justify;\">L&#8217;intento del progetto sar\u00e0 quello di effettuare:<\/p>\n<p style=\"text-align: justify;\"><b>\u201cLa raccolta differenziata porta a porta dell\u2019umido-organico\u201d<\/b><\/p>\n<p style=\"text-align: justify;\"><b>attuata da 8 persone<\/b> <b>svantaggiate pi\u00f9 4 Educatori-Tutor<\/b> (nello specifico 6 per Gioia del Colle e 6 per Sammichele di Bari), al fine di<b> favorire l&#8217;inserimento lavorativo<\/b> e l&#8217;accompagnamento al lavoro, condizioni utili per offrire loro <b>la possibilit\u00e0 di recuperare capacit\u00e0 inespresse e il reinserimento nel contesto sociale e lavorativo<\/b>.<\/p>\n<p style=\"text-align: justify;\"><b>La raccolta differenziata del rifiuto umido-organico<\/b> (es. scarti di verdura, frutta e alimenti, piccoli ossi, fondi di caff\u00e8, fazzoletti e tovaglioli di carta, rifiuti vegetali, piantine e fiori recisi) partir\u00e0 il giorno <b>2 LUGLIO a<\/b> <b>Gioia del Colle e Sammichele di Bari<\/b> e<b><img loading=\"lazy\" decoding=\"async\" class=\" alignleft size-full wp-image-24040\" style=\"margin: 4px; float: left;\" alt=\"raccolta-rifiuti-ogechi\" src=\"https:\/\/archiviogioia.lavocedelpaese.info\/wp-content\/uploads\/2012\/06\/raccolta-rifiuti-ogechi.jpg\" height=\"225\" width=\"300\" srcset=\"https:\/\/archiviogioia.lavocedelpaese.info\/wp-content\/uploads\/2012\/06\/raccolta-rifiuti-ogechi.jpg 472w, https:\/\/archiviogioia.lavocedelpaese.info\/wp-content\/uploads\/2012\/06\/raccolta-rifiuti-ogechi-300x225.jpg 300w\" sizes=\"auto, (max-width: 300px) 100vw, 300px\" \/><\/b> sar\u00e0 effettuata nei giorni di <b>Luned\u00ec-Mercoled\u00ec-Venerd\u00ec <\/b>dalle ore 9.00 alle ore 12.00.<\/p>\n<p style=\"text-align: justify;\"><b>Ai cittadini che collaboreranno, s<\/b><b>aranno consegnati i sacchetti biocompostabili che depositeranno fuori dall\u2019uscio della propria abitazione dalle ore 7.00 alle ore 9.00. <\/b><\/p>\n<p style=\"text-align: justify;\">La raccolta guarder\u00e0 nuovamente il Centro Storico ed alcuni quartieri limitrofi dei due Comuni.<\/p>\n<p style=\"text-align: justify;\"><b>Gli obiettivi che tale progetto si propone<\/b>: promuovere pari opportunit\u00e0, favorire una cultura della partecipazione \u201c<b>al bene comune<\/b>\u201d, contribuire alla creazione di una cultura dell&#8217;integrazione, promuovere iniziative di informazione, coinvolgere il cittadino singolo e associato.<\/p>\n<p style=\"text-align: justify;\"><b>Il progetto sar\u00e0 pubblicizzato <\/b><b>e reso noto alla cittadinanza<\/b> attraverso la distribuzione di lettere informative ai singoli cittadini facenti parte della zona campione interessata e l\u2019affissione di manifesti.<\/p>\n<p style=\"text-align: justify;\"><strong>Un impegno comune per migliorare la condizione sociale e ambientale delle nostre cittadine.<\/strong><\/p>\n<p style=\"text-align: right;\"><strong><span style=\"color: #000000;\"><span style=\"font-size: 12pt; font-family: 'Times New Roman','serif';\">OGECHI <\/span><\/span><\/strong><span style=\"color: #000000;\"><span style=\"font-size: 12pt; font-family: 'Times New Roman','serif';\">Cooperativa Sociale Onlus<\/span><\/span><span style=\"color: #000000;\">&#8220;.<\/span><\/p>\n<p style=\"text-align: justify;\">&nbsp;<\/p>\n<p>&nbsp;<\/p>\n","protected":false},"excerpt":{"rendered":"","protected":false},"author":1,"featured_media":24037,"comment_status":"open","ping_status":"closed","sticky":false,"template":"","format":"standard","meta":{"colormag_page_container_layout":"default_layout","colormag_page_sidebar_layout":"default_layout","footnotes":""},"categories":[4],"tags":[],"class_list":["post-24041","post","type-post","status-publish","format-standard","has-post-thumbnail","hentry","category-politica"],"_links":{"self":[{"href":"https:\/\/archiviogioia.lavocedelpaese.info\/index.php?rest_route=\/wp\/v2\/posts\/24041","targetHints":{"allow":["GET"]}}],"collection":[{"href":"https:\/\/archiviogioia.lavocedelpaese.info\/index.php?rest_route=\/wp\/v2\/posts"}],"about":[{"href":"https:\/\/archiviogioia.lavocedelpaese.info\/index.php?rest_route=\/wp\/v2\/types\/post"}],"author":[{"embeddable":true,"href":"https:\/\/archiviogioia.lavocedelpaese.info\/index.php?rest_route=\/wp\/v2\/users\/1"}],"replies":[{"embeddable":true,"href":"https:\/\/archiviogioia.lavocedelpaese.info\/index.php?rest_route=%2Fwp%2Fv2%2Fcomments&post=24041"}],"version-history":[{"count":0,"href":"https:\/\/archiviogioia.lavocedelpaese.info\/index.php?rest_route=\/wp\/v2\/posts\/24041\/revisions"}],"wp:featuredmedia":[{"embeddable":true,"href":"https:\/\/archiviogioia.lavocedelpaese.info\/index.php?rest_route=\/wp\/v2\/media\/24037"}],"wp:attachment":[{"href":"https:\/\/archiviogioia.lavocedelpaese.info\/index.php?rest_route=%2Fwp%2Fv2%2Fmedia&parent=24041"}],"wp:term":[{"taxonomy":"category","embeddable":true,"href":"https:\/\/archiviogioia.lavocedelpaese.info\/index.php?rest_route=%2Fwp%2Fv2%2Fcategories&post=24041"},{"taxonomy":"post_tag","embeddable":true,"href":"https:\/\/archiviogioia.lavocedelpaese.info\/index.php?rest_route=%2Fwp%2Fv2%2Ftags&post=24041"}],"curies":[{"name":"wp","href":"https:\/\/api.w.org\/{rel}","templated":true}]}}