{"id":2407,"date":"2010-06-04T08:41:42","date_gmt":"2010-06-04T08:41:42","guid":{"rendered":"https:\/\/archiviogioia.lavocedelpaese.info\/?p=2407"},"modified":"2010-06-04T08:41:42","modified_gmt":"2010-06-04T08:41:42","slug":"il-duo-cho-nahon-in-un-concerto-per-soli-intimi","status":"publish","type":"post","link":"https:\/\/archiviogioia.lavocedelpaese.info\/?p=2407","title":{"rendered":"IL DUO CHO-NAHON, IN UN CONCERTO PER SOLI\u2026 INTIMI"},"content":{"rendered":"<p><img loading=\"lazy\" decoding=\"async\" class=\" size-full wp-image-2400\" alt=\"cho-nahon\" src=\"https:\/\/archiviogioia.lavocedelpaese.info\/wp-content\/uploads\/2010\/06\/cho-nahon.jpg\" width=\"320\" height=\"150\" srcset=\"https:\/\/archiviogioia.lavocedelpaese.info\/wp-content\/uploads\/2010\/06\/cho-nahon.jpg 640w, https:\/\/archiviogioia.lavocedelpaese.info\/wp-content\/uploads\/2010\/06\/cho-nahon-300x141.jpg 300w\" sizes=\"auto, (max-width: 320px) 100vw, 320px\" \/> <\/p>\n<p><!--more--><\/p>\n<p style=\"text-align: justify;\"><img loading=\"lazy\" decoding=\"async\" class=\" alignleft size-full wp-image-2401\" style=\"margin: 4px; float: left;\" alt=\"duo1\" src=\"https:\/\/archiviogioia.lavocedelpaese.info\/wp-content\/uploads\/2010\/06\/duo1.jpg\" width=\"252\" height=\"187\" srcset=\"https:\/\/archiviogioia.lavocedelpaese.info\/wp-content\/uploads\/2010\/06\/duo1.jpg 1181w, https:\/\/archiviogioia.lavocedelpaese.info\/wp-content\/uploads\/2010\/06\/duo1-300x224.jpg 300w, https:\/\/archiviogioia.lavocedelpaese.info\/wp-content\/uploads\/2010\/06\/duo1-1024x763.jpg 1024w, https:\/\/archiviogioia.lavocedelpaese.info\/wp-content\/uploads\/2010\/06\/duo1-768x572.jpg 768w\" sizes=\"auto, (max-width: 252px) 100vw, 252px\" \/>Lo splendido concerto del <strong>Duo Cho-Nahon<\/strong> ieri sera ha \u201caccordato\u201d al <strong>Concorso Pietro Argento <\/strong>unanime plauso e consensi. L\u2019atmosfera intima, dettata dalla presenza di un pubblico scelto, presente perch\u00e9 profondamente interessato ad una musicalit\u00e0 raffinata, solo in apparenza desueta, di classica, indicibile bellezza, ha reso ancor pi\u00f9 calorosi e convinti gli applausi.<\/p>\n<div style=\"text-align: justify;\"><\/div>\n<p style=\"text-align: justify;\"><strong>La soprano sudcoreana Joo Cho ed il pianista Marino Nahon, vincitori assoluti dell\u2019edizione 2009<\/strong> del Concorso Pietro Argento, nel corso della serata hanno dato vita ad un concerto inebriante, su brani di Liszt, Brahms e Schumann.<\/p>\n<div style=\"text-align: justify;\"><\/div>\n<p style=\"text-align: justify;\">Complicit\u00e0 e perfetta sincronia, impegno totale nel donarsi al pubblico, interpretazione intensa e toccante, hanno caratterizzato sin dall\u2019inizio l\u2019esibizione.<\/p>\n<div style=\"text-align: justify;\"><\/div>\n<p style=\"text-align: justify;\"><strong>Le note di Marino Nahon sgorgano limpide, intercettano le vocalit\u00e0 di Joo Cho<\/strong> e le esaltano, si<strong><img loading=\"lazy\" decoding=\"async\" class=\" alignright size-full wp-image-2402\" style=\"margin: 4px;  float: right;\" alt=\"duo-cho-hanon2\" src=\"https:\/\/archiviogioia.lavocedelpaese.info\/wp-content\/uploads\/2010\/06\/duo-cho-hanon2.jpg\" width=\"244\" height=\"184\" srcset=\"https:\/\/archiviogioia.lavocedelpaese.info\/wp-content\/uploads\/2010\/06\/duo-cho-hanon2.jpg 1181w, https:\/\/archiviogioia.lavocedelpaese.info\/wp-content\/uploads\/2010\/06\/duo-cho-hanon2-300x227.jpg 300w, https:\/\/archiviogioia.lavocedelpaese.info\/wp-content\/uploads\/2010\/06\/duo-cho-hanon2-1024x776.jpg 1024w, https:\/\/archiviogioia.lavocedelpaese.info\/wp-content\/uploads\/2010\/06\/duo-cho-hanon2-768x582.jpg 768w\" sizes=\"auto, (max-width: 244px) 100vw, 244px\" \/><\/strong>ano esse soffuse o vivide. Si placano per ascoltare il suo sussurro angelico, si impongono per sostenerne l\u2019ardito legato, divengono esse stesse \u201ccorde\u201d accarezzate dall\u2019archetto vocale di una voce di rara belt\u00e0 e dolcezza, tesa a levigare le asperit\u00e0 di una lingua &#8211; il tedesco &#8211; intensa e ricca di colore, ma pur sempre graffiante.<\/p>\n<div style=\"text-align: justify;\"><\/div>\n<p style=\"text-align: justify;\"><strong>In un repertorio di classici italiani o francesi<\/strong> Joo potrebbe svelare inedite virt\u00f9 vocali, essendo la sua voce &#8211; splendida anche nel \u201cparlato\u201d, non solo nel \u201ccantato\u201d &#8211; per tessitura, tenuta ed estensione, godibilissima in qualunque contesto.<\/p>\n<div style=\"text-align: justify;\"><\/div>\n<p style=\"text-align: justify;\"><strong>Il controllo armonico, perfetto nei passaggi tonali,<\/strong> gli indubbi tecnicismi patrimonializzati nelle esperienze curriculari, l\u2019intesa a tratti empatica tra i due musicisti, non scontata ma frutto di impegno e sacrificio, hanno costruito una tessitura esperienziale su cui si sono innestati preziosi vissuti emozionali, gli stessi percepiti con stupore dal pubblico in sala, incantato dall\u2019intensa espressivit\u00e0 di Joo.<\/p>\n<div style=\"text-align: justify;\"><\/div>\n<p style=\"text-align: justify;\"><strong><img loading=\"lazy\" decoding=\"async\" class=\" alignleft size-full wp-image-2403\" style=\"margin: 4px; float: left;\" alt=\"paola-sorrentino\" src=\"https:\/\/archiviogioia.lavocedelpaese.info\/wp-content\/uploads\/2010\/06\/paola-sorrentino.jpg\" width=\"134\" height=\"199\" \/><img loading=\"lazy\" decoding=\"async\" class=\" alignright size-full wp-image-2404\" style=\"margin: 4px; float: right;\" alt=\"Pierolongosindaco1\" src=\"https:\/\/archiviogioia.lavocedelpaese.info\/wp-content\/uploads\/2010\/06\/Pierolongosindaco1.jpg\" width=\"108\" height=\"160\" \/>Paola Sorrentino ha presentato i due musicisti dopo aver dato la parola al sindaco Piero Longo ed al maestro Michele Marvulli<\/strong>.<\/p>\n<div style=\"text-align: justify;\"><\/div>\n<p style=\"text-align: justify;\"><strong>Longo ha ringraziato l\u2019Associazione Lobefaro<\/strong> per l\u2019impegno assunto e garantito la sua personale ed istituzionale attenzione al Concorso anche per il futuro.<\/p>\n<div style=\"text-align: justify;\"><\/div>\n<p style=\"text-align: justify;\">Ha inoltre ricordato il pittore <strong>Renato Javarone<\/strong>, un suo quadro \u00e8 in bella mostra sul palco, i restanti nel foyer, accennando ad un\u2019asta pubblica di una sua opera per reperire i fondi da stanziare per una borsa di studio da devolvere ad uno studente che si impegner\u00e0 in ricerche o tesi di laurea sull\u2019artista gioiese. <strong>Il sindaco ha quindi annunciato che il M\u00b0 Michele Marvulli, in giuria come presidente del Concorso, il 27, 28 e 29 ottobre diriger\u00e0 l\u2019Orchestra della Provincia<\/strong>.<\/p>\n<div style=\"text-align: justify;\"><\/div>\n<p style=\"text-align: justify;\"><img loading=\"lazy\" decoding=\"async\" class=\" alignleft size-full wp-image-2405\" style=\"margin: 4px; float: left;\" alt=\"marvulli-maestro\" src=\"https:\/\/archiviogioia.lavocedelpaese.info\/wp-content\/uploads\/2010\/06\/marvulli-maestro.jpg\" width=\"140\" height=\"166\" srcset=\"https:\/\/archiviogioia.lavocedelpaese.info\/wp-content\/uploads\/2010\/06\/marvulli-maestro.jpg 438w, https:\/\/archiviogioia.lavocedelpaese.info\/wp-content\/uploads\/2010\/06\/marvulli-maestro-253x300.jpg 253w\" sizes=\"auto, (max-width: 140px) 100vw, 140px\" \/>La parola \u00e8 passata a <strong>Michele Marvulli<\/strong>, il quale ha simpaticamente sottolineato gli oneri (dalle 7 la mattina alla mezzanotte, nella tre giorni dedicata al Concorso) e le difficolt\u00e0 dei giurati.<\/p>\n<div style=\"text-align: justify;\"><\/div>\n<p style=\"text-align: justify;\">\u201c<strong>Anche a costo di apparire impopolare <\/strong>\u2013 dichiara con convinzione il Maestro &#8211; non credo nelle competizioni in campo musicale. Chi studia musica, studia perch\u00e9 gli piace, lo appassiona<img loading=\"lazy\" decoding=\"async\" class=\" size-full wp-image-2406\" style=\"margin: 4px; float:  right;\" alt=\"peppino-vasco\" src=\"https:\/\/archiviogioia.lavocedelpaese.info\/wp-content\/uploads\/2010\/06\/peppino-vasco.jpg\" width=\"149\" height=\"141\" srcset=\"https:\/\/archiviogioia.lavocedelpaese.info\/wp-content\/uploads\/2010\/06\/peppino-vasco.jpg 795w, https:\/\/archiviogioia.lavocedelpaese.info\/wp-content\/uploads\/2010\/06\/peppino-vasco-300x284.jpg 300w, https:\/\/archiviogioia.lavocedelpaese.info\/wp-content\/uploads\/2010\/06\/peppino-vasco-768x726.jpg 768w\" sizes=\"auto, (max-width: 149px) 100vw, 149px\" \/>. Se scelgo quelli che mi dispiacciono meno o, se sono tutti bravi, il pi\u00f9 bravo, uno di loro solo sar\u00e0 contento, vale a dire il vincitore assoluto, tutti gli altri inevitabilmente saranno scontenti\u201d.<\/p>\n<div style=\"text-align: justify;\"><\/div>\n<p style=\"text-align: justify;\">E\u2019 quindi salito sul palco <strong>Peppino Vasco, che oggi, 4 giugno compie 80 anni<\/strong>. Paola lo ha ringraziato per il suo interesse verso la musica e la banda, la sua preziosa funzione di interprete di lingua russa ed annunciato che <strong>dall\u20198 giugno Peppino ripercorrer\u00e0 la storia raccontata nello \u201cScrivano Ingannamorte\u201d di Francesco Laudadio, e sar\u00e0 la sua la \u201cvoce narrante\u201d nel documentario che si andr\u00e0 a registrare<\/strong>.<\/p>\n","protected":false},"excerpt":{"rendered":"","protected":false},"author":1,"featured_media":2400,"comment_status":"open","ping_status":"closed","sticky":false,"template":"","format":"standard","meta":{"colormag_page_container_layout":"default_layout","colormag_page_sidebar_layout":"default_layout","footnotes":""},"categories":[6],"tags":[],"class_list":["post-2407","post","type-post","status-publish","format-standard","has-post-thumbnail","hentry","category-cultura"],"_links":{"self":[{"href":"https:\/\/archiviogioia.lavocedelpaese.info\/index.php?rest_route=\/wp\/v2\/posts\/2407","targetHints":{"allow":["GET"]}}],"collection":[{"href":"https:\/\/archiviogioia.lavocedelpaese.info\/index.php?rest_route=\/wp\/v2\/posts"}],"about":[{"href":"https:\/\/archiviogioia.lavocedelpaese.info\/index.php?rest_route=\/wp\/v2\/types\/post"}],"author":[{"embeddable":true,"href":"https:\/\/archiviogioia.lavocedelpaese.info\/index.php?rest_route=\/wp\/v2\/users\/1"}],"replies":[{"embeddable":true,"href":"https:\/\/archiviogioia.lavocedelpaese.info\/index.php?rest_route=%2Fwp%2Fv2%2Fcomments&post=2407"}],"version-history":[{"count":0,"href":"https:\/\/archiviogioia.lavocedelpaese.info\/index.php?rest_route=\/wp\/v2\/posts\/2407\/revisions"}],"wp:featuredmedia":[{"embeddable":true,"href":"https:\/\/archiviogioia.lavocedelpaese.info\/index.php?rest_route=\/wp\/v2\/media\/2400"}],"wp:attachment":[{"href":"https:\/\/archiviogioia.lavocedelpaese.info\/index.php?rest_route=%2Fwp%2Fv2%2Fmedia&parent=2407"}],"wp:term":[{"taxonomy":"category","embeddable":true,"href":"https:\/\/archiviogioia.lavocedelpaese.info\/index.php?rest_route=%2Fwp%2Fv2%2Fcategories&post=2407"},{"taxonomy":"post_tag","embeddable":true,"href":"https:\/\/archiviogioia.lavocedelpaese.info\/index.php?rest_route=%2Fwp%2Fv2%2Ftags&post=2407"}],"curies":[{"name":"wp","href":"https:\/\/api.w.org\/{rel}","templated":true}]}}