{"id":2410,"date":"2010-06-04T08:35:13","date_gmt":"2010-06-04T08:35:13","guid":{"rendered":"https:\/\/archiviogioia.lavocedelpaese.info\/?p=2410"},"modified":"2010-06-04T08:35:13","modified_gmt":"2010-06-04T08:35:13","slug":"sequestro-impianto-fotovoltaico-primi-chiarimenti","status":"publish","type":"post","link":"https:\/\/archiviogioia.lavocedelpaese.info\/?p=2410","title":{"rendered":"IMPIANTO FOTOVOLTAICO, PRIMI CHIARIMENTI SUL SEQUESTRO"},"content":{"rendered":"<p><img loading=\"lazy\" decoding=\"async\" class=\" size-full wp-image-2408\" alt=\"products\" src=\"https:\/\/archiviogioia.lavocedelpaese.info\/wp-content\/uploads\/2010\/06\/products.jpg\" width=\"320\" height=\"150\" srcset=\"https:\/\/archiviogioia.lavocedelpaese.info\/wp-content\/uploads\/2010\/06\/products.jpg 320w, https:\/\/archiviogioia.lavocedelpaese.info\/wp-content\/uploads\/2010\/06\/products-300x141.jpg 300w\" sizes=\"auto, (max-width: 320px) 100vw, 320px\" \/> <\/p>\n<p><!--more--><\/p>\n<p style=\"text-align: justify;\"><strong><img loading=\"lazy\" decoding=\"async\" class=\" alignleft size-full wp-image-2409\" style=\"margin: 4px; float: left;\" alt=\"silfab\" src=\"https:\/\/archiviogioia.lavocedelpaese.info\/wp-content\/uploads\/2010\/06\/silfab.jpg\" width=\"200\" height=\"125\" \/>Il responsabile dell\u2019Ufficio Stampa della Silfab SpA, Sun Parc Srl, Soraya Energy Srl<\/strong>, dott.ssa <strong>Laura Ceccon,<\/strong> ha provveduto ad inviare a tutte le testate giornalistiche che hanno riportato la notizia sul sequestro dell\u2019impianto ubicato a Gioia del Colle, compresa la nostra, (<a href=\"notizie\/cronaca\/1404-posti-i-sigilli-ad-un-impianto-fotovoltaico-della-silfab.html?phpMyAdmin=3709c1a886e8ab83fb5c14a831db6b3f\">POSTI I SIGILLI AD UN IMPIANTO FOTOVOLTAICO DELLA SILFAB<\/a>), una mail, che doverosamente sottoponiamo all\u2019attenzione di tutti i nostri lettori, in cui <strong>precisa<\/strong> quelle che sono <strong>le reali responsabilit\u00e0<\/strong>, e a diverso titolo, <strong>delle societ\u00e0 e delle persone coinvolte<\/strong> in questa vicenda, manifestando allo stesso tempo di essere stati sorpresi da questo provvedimento emesso dal <strong>Procuratore<\/strong> <strong>Francesca Romana Pirrelli<\/strong>.<\/p>\n<div style=\"text-align: justify;\"><\/div>\n<p style=\"text-align: justify;\"><strong>Ringraziando la dott.ssa Ceccon per la gentilezza<\/strong> e la tempestivit\u00e0 dimostrata in questa circostanza, <strong>provvediamo a pubblicare il testo integrale della mail inviataci<\/strong>.<\/p>\n<div style=\"text-align: justify;\"><\/div>\n<p style=\"text-align: justify;\">&#8212;&#8212;&#8212;&#8212;&#8212;&#8212;&#8212;&#8212;&#8212;&#8212;&#8212;&#8212;&#8212;&#8212;&#8212;&#8212;&#8212;&#8212;&#8212;&#8212;&#8212;&#8212;&#8212;&#8212;&#8212;&#8212;-<\/p>\n<div style=\"text-align: justify;\"><\/div>\n<p style=\"text-align: justify;\">Gentili caporedattori,<\/p>\n<div style=\"text-align: justify;\"><\/div>\n<p style=\"text-align: justify;\"><strong>riguardo al vostro articolo datato 1 giugno \u201cPosti i sigilli all\u2019impianto&#8230;\u201d<\/strong>, <strong>Soraya Energy Srl<\/strong> (Altamura BA), societ\u00e0 proprietaria e di gestione dell&#8217;impianto fotovoltaico posto sotto sequestro a Gioia del Colle, <strong>intende precisare quanto segue<\/strong>:<\/p>\n<div style=\"text-align: justify;\"><\/div>\n<p style=\"text-align: justify;\">\u201c<strong>Siamo molto sorpresi del provvedimento<\/strong> poich\u00e9 il progetto relativo all&#8217;impianto fotovoltaico di Gioia del Colle \u00e8 stato <strong>redatto<\/strong> da un <strong>professionista qualificato<\/strong>, iscritto all\u2019albo degli Ingegneri di Bari, per conto di una societ\u00e0 di comprovata esperienza operante nel comparto delle infrastrutture elettriche. <strong>Da questa societ\u00e0 lo abbiamo acquistato gi\u00e0 dotato di tutte le autorizzazioni di legge<\/strong>.<\/p>\n<div style=\"text-align: justify;\"><\/div>\n<p style=\"text-align: justify;\"><strong>L&#8217;ordine di sequestro preliminare<\/strong>, che entro l&#8217;8 giugno potrebbe essere convalidato dal GIP, <strong>ci coglie di sorpresa<\/strong> poich\u00e9 riguarda la fase progettuale e l&#8217;iter autorizzativo, che in questo specifico caso non abbiamo seguito direttamente. La nostra societ\u00e0 viene <strong>chiamata in causa<\/strong> in quanto proprietaria dell\u2019impianto, con provvedimento a carico del <strong>legale rappresentante<\/strong>. <strong>Le altre tre persone poste sotto indagine non rientrano nella compagine della nostra societ\u00e0<\/strong>. Quello che viene contestato, in particolare, \u00e8 la distanza di una parte dell\u2019impianto dalla zona boschiva adiacente. <strong>Stiamo<\/strong> quindi <strong>effettuando<\/strong> con la massima accuratezza <strong>tutte le verifiche per capire<\/strong> se, dove e come possa essere emersa una <strong>irregolarit\u00e0 <\/strong>progettuale sul rispetto <strong>dei vincoli ambientali<\/strong> prima del nostro acquisto. <strong>Siamo pertanto tranquilli e assolutamente disponibili a collaborare<\/strong> per chiarire quanto prima la questione\u201d.<\/p>\n<div style=\"text-align: justify;\"><\/div>\n<p style=\"text-align: justify;\">\u201cRispetto a quanto riportato nel vostro articolo datato 1 giugno <strong>riteniamo inoltre opportuno specificare che<\/strong>:<\/p>\n<div style=\"text-align: justify;\"><\/div>\n<p style=\"text-align: justify;\"><strong>la Sentenza della Corte Costituzionale<\/strong> in merito alla Legge Regionale 31 del 2008 <strong>\u00e8 successiva al completamento dell\u2019impianto <\/strong>di Gioia del Colle, i cui lavori sono stati conclusi a inizio marzo 2010. La Sentenza non riguarda pertanto l\u2019impianto in questione.<\/p>\n<div style=\"text-align: justify;\"><\/div>\n<p style=\"text-align: justify;\"><strong>L\u2019indagine in corso riguarda la violazione di vincoli paesaggistici<\/strong> (in particolare la distanza dalla zona boschiva adiacente ad una parte dell\u2019impianto) <strong>e non l\u2019associazione mafiosa<\/strong>, oggetto di altra indagine <strong>estranea a Soraya Energy e all\u2019impianto in questione<\/strong>.<\/p>\n<div style=\"text-align: justify;\"><\/div>\n<p style=\"text-align: justify;\"><strong>Soraya Energy<\/strong>, in quanto societ\u00e0 proprietaria dell\u2019impianto, <strong>\u00e8 coinvolta nell\u2019indagine con una sola persona chiamata in causa<\/strong> (su un totale di quattro persone). <strong>La societ\u00e0 coinvolta nell\u2019indagine \u00e8 Soraya Energy Srl e non Silfab SpA<\/strong>, societ\u00e0 capogruppo\u201d.<\/p>\n<div style=\"text-align: justify;\"><\/div>\n<p style=\"text-align: justify;\"><strong>Soraya Energy Srl (Altamura BA) \u00e8 l\u2019azienda proprietaria e gestrice dell\u2019impianto fotovoltaico<\/strong> di Gioia del Colle. <strong>Soraya Energy fa capo a Sun Parc srl di Padova<\/strong>, societ\u00e0 specializzata nella realizzazione di parchi solari, <strong>di propriet\u00e0 di Silfab SpA<\/strong> che opera nella progettazione e realizzazione di componenti e sistemi fotovoltaici.<\/p>\n<div style=\"text-align: justify;\"><\/div>\n<p style=\"text-align: justify;\">Per eventuali delucidazioni rimango a disposizione. Grazie mille per la disponibilit\u00e0.<\/p>\n<p style=\"text-align: justify;\">Cordialmente.<\/p>\n<div style=\"text-align: justify;\"><\/div>\n<p style=\"text-align: justify;\"><strong>Dr. Laura Ceccon<\/strong><\/p>\n<div style=\"text-align: justify;\"><\/div>\n<p style=\"text-align: justify;\">(Responsabile Ufficio Stampa Silfab SpA, Sun Parc Srl, Soraya Energy Srl)<\/p>\n","protected":false},"excerpt":{"rendered":"","protected":false},"author":1,"featured_media":2408,"comment_status":"open","ping_status":"closed","sticky":false,"template":"","format":"standard","meta":{"colormag_page_container_layout":"default_layout","colormag_page_sidebar_layout":"default_layout","footnotes":""},"categories":[8],"tags":[],"class_list":["post-2410","post","type-post","status-publish","format-standard","has-post-thumbnail","hentry","category-cronaca"],"_links":{"self":[{"href":"https:\/\/archiviogioia.lavocedelpaese.info\/index.php?rest_route=\/wp\/v2\/posts\/2410","targetHints":{"allow":["GET"]}}],"collection":[{"href":"https:\/\/archiviogioia.lavocedelpaese.info\/index.php?rest_route=\/wp\/v2\/posts"}],"about":[{"href":"https:\/\/archiviogioia.lavocedelpaese.info\/index.php?rest_route=\/wp\/v2\/types\/post"}],"author":[{"embeddable":true,"href":"https:\/\/archiviogioia.lavocedelpaese.info\/index.php?rest_route=\/wp\/v2\/users\/1"}],"replies":[{"embeddable":true,"href":"https:\/\/archiviogioia.lavocedelpaese.info\/index.php?rest_route=%2Fwp%2Fv2%2Fcomments&post=2410"}],"version-history":[{"count":0,"href":"https:\/\/archiviogioia.lavocedelpaese.info\/index.php?rest_route=\/wp\/v2\/posts\/2410\/revisions"}],"wp:featuredmedia":[{"embeddable":true,"href":"https:\/\/archiviogioia.lavocedelpaese.info\/index.php?rest_route=\/wp\/v2\/media\/2408"}],"wp:attachment":[{"href":"https:\/\/archiviogioia.lavocedelpaese.info\/index.php?rest_route=%2Fwp%2Fv2%2Fmedia&parent=2410"}],"wp:term":[{"taxonomy":"category","embeddable":true,"href":"https:\/\/archiviogioia.lavocedelpaese.info\/index.php?rest_route=%2Fwp%2Fv2%2Fcategories&post=2410"},{"taxonomy":"post_tag","embeddable":true,"href":"https:\/\/archiviogioia.lavocedelpaese.info\/index.php?rest_route=%2Fwp%2Fv2%2Ftags&post=2410"}],"curies":[{"name":"wp","href":"https:\/\/api.w.org\/{rel}","templated":true}]}}