{"id":24207,"date":"2012-06-27T04:06:01","date_gmt":"2012-06-27T04:06:01","guid":{"rendered":"https:\/\/archiviogioia.lavocedelpaese.info\/?p=24207"},"modified":"2012-06-27T04:06:01","modified_gmt":"2012-06-27T04:06:01","slug":"marchio-dop-e-ministro-catania-per-treccia-della-murgia-e-dei-trulli","status":"publish","type":"post","link":"https:\/\/archiviogioia.lavocedelpaese.info\/?p=24207","title":{"rendered":"MARCHIO DOP E MINISTRO CATANIA PER TRECCIA DELLA MURGIA"},"content":{"rendered":"<p><b><span style=\"font-size: 12pt; font-family: 'Times New Roman','serif';\"><img loading=\"lazy\" decoding=\"async\" class=\" size-full wp-image-24200\" style=\"margin-right: 2px; margin-left: 2px;\" alt=\"treccia-murgia-trulli-pp\" src=\"https:\/\/archiviogioia.lavocedelpaese.info\/wp-content\/uploads\/2012\/06\/treccia-murgia-trulli-pp.png\" height=\"150\" width=\"320\" srcset=\"https:\/\/archiviogioia.lavocedelpaese.info\/wp-content\/uploads\/2012\/06\/treccia-murgia-trulli-pp.png 640w, https:\/\/archiviogioia.lavocedelpaese.info\/wp-content\/uploads\/2012\/06\/treccia-murgia-trulli-pp-300x141.png 300w\" sizes=\"auto, (max-width: 320px) 100vw, 320px\" \/><\/span><\/b><\/p>\n<p><!--more--><\/p>\n<p style=\"text-align: justify;\"><b href=\"images\/treccia%20dop%20storia%20e%20statistiche.pdf\"><img loading=\"lazy\" decoding=\"async\" class=\" alignleft size-full wp-image-24203\" style=\"margin: 4px; float: left;\" alt=\"Il-ministro-Mario-Catania\" src=\"https:\/\/archiviogioia.lavocedelpaese.info\/wp-content\/uploads\/2012\/06\/Il-ministro-Mario-Catania.jpg\" height=\"193\" width=\"300\" srcset=\"https:\/\/archiviogioia.lavocedelpaese.info\/wp-content\/uploads\/2012\/06\/Il-ministro-Mario-Catania.jpg 480w, https:\/\/archiviogioia.lavocedelpaese.info\/wp-content\/uploads\/2012\/06\/Il-ministro-Mario-Catania-300x193.jpg 300w\" sizes=\"auto, (max-width: 300px) 100vw, 300px\" \/><a href=\"https:\/\/archiviogioia.lavocedelpaese.info\/wp-content\/uploads\/2012\/06\/treccia-dop-storia-e-statistiche.pdf\"><\/a>Oggi, alla presenza del Ministro <\/b>delle Politiche Agricole, Alimentari e Forestali<b> Mario Catania<\/b>, che concluder\u00e0 i lavori, <b>sar\u00e0 presentato il disciplinare per la richiesta del marchio DOP per la \u00abTreccia della Murgia e dei Trulli\u00bb.<\/b><\/p>\n<p style=\"text-align: justify;\">Il convegno sar\u00e0 ospitato dal <b>Teatro Rossini<\/b> di Gioia del Colle (inizio <b>ore 11.00<\/b>).<\/p>\n<p style=\"text-align: justify;\"><b>Il progetto<\/b>, finanziato dall\u2019Assessorato alle Attivit\u00e0 Produttive della Provincia di Bari e sostenuto dai comuni dell&#8217;area casearia Noci\/Putignano\/Gioia del Colle,&nbsp;Gal Trulli-Barsento, l&#8217;Associazione Provinciale Allevatori-Bari e il CNA-Bari, <b>ha l\u2019obiettivo di creare una sinergia tra realt\u00e0 diverse capaci di unire cultura, tradizione, qualit\u00e0 e capacit\u00e0 imprenditoriali<\/b> <b>finalizzandoli<\/b> alla promozione delle eccellenze lattiero-casearie dell\u2019area e <b>all\u2019ottenimento del marchio DOP<\/b> per la \u00abtreccia della Murgia e dei trulli\u00bb.<img loading=\"lazy\" decoding=\"async\" class=\" alignright size-full wp-image-24205\" style=\"margin-right: 2px; margin-left: 2px; float: right;\" alt=\"mozzarella treccia\" src=\"https:\/\/archiviogioia.lavocedelpaese.info\/wp-content\/uploads\/2012\/06\/mozzarella_treccia.jpg\" height=\"294\" width=\"220\" srcset=\"https:\/\/archiviogioia.lavocedelpaese.info\/wp-content\/uploads\/2012\/06\/mozzarella_treccia.jpg 460w, https:\/\/archiviogioia.lavocedelpaese.info\/wp-content\/uploads\/2012\/06\/mozzarella_treccia-225x300.jpg 225w\" sizes=\"auto, (max-width: 220px) 100vw, 220px\" \/><\/p>\n<p style=\"text-align: justify;\">Inoltre, durante tutta la mattinata <b>fuori dal Teatro Rossini sar\u00e0 allestito un gazebo<\/b> all\u2019interno del quale i maestri caseari dell\u2019area Noci\/Putignano\/Gioia produrranno, al momento, mozzarelle <b>per la degustazione<\/b>.<\/p>\n<p style=\"text-align: justify;\"><b>PROGRAMMA DELLA GIORNATA<\/b><\/p>\n<p style=\"text-align: justify;\"><b>SALUTI ISTITUZIONALI<\/b><\/p>\n<div style=\"text-align: justify;\"><b>Sergio Povia<\/b> \u2013 <i>Sindaco di Gioia del Colle<\/i><\/div>\n<div style=\"text-align: justify;\"><b>Alessandro Ambrosi \u2013 <\/b><i>Presidente Camera di Commercio di Bari<\/i><b> &nbsp;<\/b><\/div>\n<div style=\"text-align: justify;\"><b>Francesco Schittulli \u2013 <\/b><i>Presidente Provincia di Bari<\/i><\/div>\n<div style=\"text-align: justify;\"><b>Onofrio Resta \u2013 <\/b><i>Assessore Provinciale Sviluppo Attivit\u00e0 Produttive, Promozione del sistema delle imprese, Internazionalizzazione<\/i><\/div>\n<p style=\"text-align: justify;\"><b>VERSO LA DOP: il progetto<\/b><\/p>\n<div style=\"text-align: justify;\"><b>Stefano Genco \u2013 <\/b><i>Presidente GAL Terra dei Trulli e di Barsento<\/i><\/div>\n<div style=\"text-align: justify;\"><b>Piero Laterza<\/b><i> \u2013 Presidente Associazione Provinciale Allevatori<\/i><\/div>\n<div style=\"text-align: justify;\"><b>Pierdonato Costa<\/b><i> \u2013 Presidente CAP Putignano e ATS \u00abTreccia della Murgia e dei Trulli\u00bb<\/i><\/div>\n<p style=\"text-align: justify;\"><b><img loading=\"lazy\" decoding=\"async\" class=\" alignright size-full wp-image-24206\" style=\"margin: 4px; float: right;\" alt=\"treccia della murgia\" src=\"https:\/\/archiviogioia.lavocedelpaese.info\/wp-content\/uploads\/2012\/06\/treccia_della_murgia.jpg\" height=\"173\" width=\"220\" \/>PRESENTAZIONE DEL DISCIPLINARE: ASPETTI TECNICI<\/b><\/p>\n<div style=\"text-align: justify;\"><b>Michele Faccia \u2013<\/b><i>Dipartimento di Biologia e Chimica Agro-forestale e Ambientale dell\u2019Universit\u00e0 degli Studi di Bari<\/i><\/div>\n<div style=\"text-align: justify;\"><b>Giuseppina Tantillo \u2013 <\/b><i>Dipartimento di Sanit\u00e0 Pubblica e Zootecnia dell\u2019Universit\u00e0 degli Studi di Bari<\/i><\/div>\n<p style=\"text-align: justify;\"><b>INTERVENTI CONCLUSIVI<\/b><\/p>\n<div style=\"text-align: justify;\"><b>Vincenzo Lavarra \u2013 <\/b><i>Presidente Associazione PugliaEuropa Med<\/i><\/div>\n<div style=\"text-align: justify;\"><b>Dario Stefano<\/b><i> \u2013 Assessore Regionale Agricoltura<\/i><\/div>\n<div style=\"text-align: justify;\"><b>Paolo De Castro \u2013 <\/b><i>Presidente Commissione Agricoltura Parlamento Europeo<\/i><\/div>\n<p style=\"text-align: justify;\"><b>CONCLUDE<\/b><\/p>\n<p style=\"text-align: justify;\"><b>MARIO CATANIA \u2013 <\/b><i>Ministro delle politiche agricole, alimentari e forestali.<\/i><\/p>\n<p><strong>Per saperne di pi\u00f9<\/strong><b><a href=\"https:\/\/archiviogioia.lavocedelpaese.info\/wp-content\/uploads\/2012\/06\/treccia-dop-storia-e-statistiche.pdf\"><i> <\/i>clicca qui<\/a><\/b><\/p>\n","protected":false},"excerpt":{"rendered":"","protected":false},"author":1,"featured_media":24201,"comment_status":"open","ping_status":"closed","sticky":false,"template":"","format":"standard","meta":{"colormag_page_container_layout":"default_layout","colormag_page_sidebar_layout":"default_layout","footnotes":""},"categories":[4],"tags":[],"class_list":["post-24207","post","type-post","status-publish","format-standard","has-post-thumbnail","hentry","category-politica"],"_links":{"self":[{"href":"https:\/\/archiviogioia.lavocedelpaese.info\/index.php?rest_route=\/wp\/v2\/posts\/24207","targetHints":{"allow":["GET"]}}],"collection":[{"href":"https:\/\/archiviogioia.lavocedelpaese.info\/index.php?rest_route=\/wp\/v2\/posts"}],"about":[{"href":"https:\/\/archiviogioia.lavocedelpaese.info\/index.php?rest_route=\/wp\/v2\/types\/post"}],"author":[{"embeddable":true,"href":"https:\/\/archiviogioia.lavocedelpaese.info\/index.php?rest_route=\/wp\/v2\/users\/1"}],"replies":[{"embeddable":true,"href":"https:\/\/archiviogioia.lavocedelpaese.info\/index.php?rest_route=%2Fwp%2Fv2%2Fcomments&post=24207"}],"version-history":[{"count":0,"href":"https:\/\/archiviogioia.lavocedelpaese.info\/index.php?rest_route=\/wp\/v2\/posts\/24207\/revisions"}],"wp:featuredmedia":[{"embeddable":true,"href":"https:\/\/archiviogioia.lavocedelpaese.info\/index.php?rest_route=\/wp\/v2\/media\/24201"}],"wp:attachment":[{"href":"https:\/\/archiviogioia.lavocedelpaese.info\/index.php?rest_route=%2Fwp%2Fv2%2Fmedia&parent=24207"}],"wp:term":[{"taxonomy":"category","embeddable":true,"href":"https:\/\/archiviogioia.lavocedelpaese.info\/index.php?rest_route=%2Fwp%2Fv2%2Fcategories&post=24207"},{"taxonomy":"post_tag","embeddable":true,"href":"https:\/\/archiviogioia.lavocedelpaese.info\/index.php?rest_route=%2Fwp%2Fv2%2Ftags&post=24207"}],"curies":[{"name":"wp","href":"https:\/\/api.w.org\/{rel}","templated":true}]}}