{"id":24324,"date":"2012-06-29T05:00:09","date_gmt":"2012-06-29T05:00:09","guid":{"rendered":"https:\/\/archiviogioia.lavocedelpaese.info\/?p=24324"},"modified":"2012-06-29T05:00:09","modified_gmt":"2012-06-29T05:00:09","slug":"racconto-ai-confini-della-luna-a-spazio-unotre","status":"publish","type":"post","link":"https:\/\/archiviogioia.lavocedelpaese.info\/?p=24324","title":{"rendered":"RACCONTO \u201cAI CONFINI DELLA LUNA\u201d, A SPAZIO UNOTRE"},"content":{"rendered":"<p><img loading=\"lazy\" decoding=\"async\" class=\" size-full wp-image-18513\" style=\"margin-right: 2px; margin-left: 2px;\" alt=\"spazio-unotre-aperitivo-pp\" src=\"https:\/\/archiviogioia.lavocedelpaese.info\/wp-content\/uploads\/2012\/01\/spazio-unotre-aperitivo-pp.jpg\" height=\"150\" width=\"320\" srcset=\"https:\/\/archiviogioia.lavocedelpaese.info\/wp-content\/uploads\/2012\/01\/spazio-unotre-aperitivo-pp.jpg 640w, https:\/\/archiviogioia.lavocedelpaese.info\/wp-content\/uploads\/2012\/01\/spazio-unotre-aperitivo-pp-300x141.jpg 300w\" sizes=\"auto, (max-width: 320px) 100vw, 320px\" \/><\/p>\n<p><!--more--><\/p>\n<p style=\"text-align: justify;\"><b><img loading=\"lazy\" decoding=\"async\" class=\" alignleft size-full wp-image-24322\" style=\"margin: 4px; float: left;\" alt=\"162080 176321852499438 1542793842 n\" src=\"https:\/\/archiviogioia.lavocedelpaese.info\/wp-content\/uploads\/2012\/06\/162080_176321852499438_1542793842_n.jpg\" height=\"246\" width=\"200\" \/>Sabato 30 giugno 2012<\/b>, ore 21, presso <b>Spazio UnoTre<\/b> (via Barba 13 \u2013 Centro Storico \u2013 Gioia del Colle) <b>appuntamento<\/b> \u201c<b>Ai confini della luna<\/b>\u201d.<\/p>\n<p style=\"text-align: justify;\">\u00c8 una sospensione, una bolla, un\u2019apnea. <b>Un racconto senza trama dipanato<\/b> dalla matassa del <b>sentimento di sempre: l\u2019amore<\/b>. Amore gioca a carte scoperte con gli autori che se lo rimbalzano con sobriet\u00e0 e raffinatezze eccezionali. E <b>una luna ne controlla gli aneliti e soffia sulla vita e sulla morte<\/b>. Un bianco, che riesce ad accecare il tanfo delle circostanze quotidiane per librarsi nella bellezza di scritture che si riscattano dal tempo fermandone la clessidra. <b>Ai confini della luna, in punta di piedi<\/b>.<\/p>\n<p style=\"text-align: justify;\">Un grazie alle<b> sensibili interpreti<\/b> del corso di dizione \u201cLa r\u00f2sa non \u00e8 r\u00f3sa\u201d: <b>Miriam Cupertino<\/b>, <b>Maria Angela De Bellis<\/b>, <b>Anna Gallo<\/b>, <b>Maria Laterza<\/b>, <b>Giusi Paradiso<\/b>, <b>Rosaria Petrera<\/b>.<\/p>\n<p style=\"text-align: justify;\">E, dulcis in fundo, a <b>Mario Pugliese<\/b>, <b>Anna Garofalo<\/b> e <b>Rocco Capri Chiumarulo<\/b>.<\/p>\n<p>&nbsp;<\/p>\n","protected":false},"excerpt":{"rendered":"","protected":false},"author":1,"featured_media":18513,"comment_status":"open","ping_status":"closed","sticky":false,"template":"","format":"standard","meta":{"colormag_page_container_layout":"default_layout","colormag_page_sidebar_layout":"default_layout","footnotes":""},"categories":[7],"tags":[],"class_list":["post-24324","post","type-post","status-publish","format-standard","has-post-thumbnail","hentry","category-attualita"],"_links":{"self":[{"href":"https:\/\/archiviogioia.lavocedelpaese.info\/index.php?rest_route=\/wp\/v2\/posts\/24324","targetHints":{"allow":["GET"]}}],"collection":[{"href":"https:\/\/archiviogioia.lavocedelpaese.info\/index.php?rest_route=\/wp\/v2\/posts"}],"about":[{"href":"https:\/\/archiviogioia.lavocedelpaese.info\/index.php?rest_route=\/wp\/v2\/types\/post"}],"author":[{"embeddable":true,"href":"https:\/\/archiviogioia.lavocedelpaese.info\/index.php?rest_route=\/wp\/v2\/users\/1"}],"replies":[{"embeddable":true,"href":"https:\/\/archiviogioia.lavocedelpaese.info\/index.php?rest_route=%2Fwp%2Fv2%2Fcomments&post=24324"}],"version-history":[{"count":0,"href":"https:\/\/archiviogioia.lavocedelpaese.info\/index.php?rest_route=\/wp\/v2\/posts\/24324\/revisions"}],"wp:featuredmedia":[{"embeddable":true,"href":"https:\/\/archiviogioia.lavocedelpaese.info\/index.php?rest_route=\/wp\/v2\/media\/18513"}],"wp:attachment":[{"href":"https:\/\/archiviogioia.lavocedelpaese.info\/index.php?rest_route=%2Fwp%2Fv2%2Fmedia&parent=24324"}],"wp:term":[{"taxonomy":"category","embeddable":true,"href":"https:\/\/archiviogioia.lavocedelpaese.info\/index.php?rest_route=%2Fwp%2Fv2%2Fcategories&post=24324"},{"taxonomy":"post_tag","embeddable":true,"href":"https:\/\/archiviogioia.lavocedelpaese.info\/index.php?rest_route=%2Fwp%2Fv2%2Ftags&post=24324"}],"curies":[{"name":"wp","href":"https:\/\/api.w.org\/{rel}","templated":true}]}}